{"id":773,"date":"2024-09-28T12:35:00","date_gmt":"2024-09-28T10:35:00","guid":{"rendered":"https:\/\/jumeaux91.fr\/blog\/le-saviez-vous-ces-deux-aviateurs-francais-sont-nes-a-jouy-sur-morin\/"},"modified":"2024-09-28T12:35:00","modified_gmt":"2024-09-28T10:35:00","slug":"le-saviez-vous-ces-deux-aviateurs-francais-sont-nes-a-jouy-sur-morin","status":"publish","type":"post","link":"https:\/\/jumeaux91.fr\/blog\/le-saviez-vous-ces-deux-aviateurs-francais-sont-nes-a-jouy-sur-morin\/","title":{"rendered":"Le saviez-vous ? Ces deux aviateurs fran\u00e7ais sont n\u00e9s \u00e0 Jouy-sur-Morin"},"content":{"rendered":"<div><img decoding=\"async\" src=\"https:\/\/jumeaux91.fr\/blog\/wp-content\/uploads\/2024\/09\/le-saviez-vous-ces-deux-aviateurs-francais-sont-nes-a-jouy-sur-morin.jpg\" class=\"ff-og-image-inserted\"><\/div>\n<div class=\"ac-article-date\"> Par <strong> <a href=\"https:\/\/actu.fr\/auteur\/sandra-martins-actu-fr\" title=\"Consulter tous les articles de Sandra Martins\" target=\"_blank\" rel=\"nofollow\">Sandra Martins<\/a> <\/strong> <span> Publi\u00e9 le  28 sept. 2024 \u00e0 19h30  <\/span>\n<\/div>\n<p> <span class=\"ac-article-follow__link\" data-trk=\"{&quot;cta&quot;:{&quot;action&quot;:&quot;https:\\\/\\\/actu.fr\\\/mon-actu&quot;,&quot;category&quot;:&quot;mon compte&quot;,&quot;from&quot;:&quot;article header&quot;,&quot;name&quot;:&quot;Voir mon actu&quot;,&quot;type&quot;:&quot;cta&quot;}}\">Voir mon actu<\/span> <button type=\"button\" class=\"ac-btn ac-btn--mini ac-btn--blue ac-icon--star-empty\" data-follow=\"Suivre Le Pays Briard\" data-unfollow=\"Retirer\">Suivre Le Pays Briard<\/button>\n<\/p>\n<p><b>Jean et Pierre Navarre<\/b> pointent le bout de leur nez le 8&nbsp;ao\u00fbt 1895, \u00e0 <a href=\"https:\/\/actu.fr\/ile-de-france\/jouy-sur-morin_77240\/\" target=\"_blank\" rel=\"nofollow\">Jouy-sur-Morin<\/a>. Ils sont les a\u00een\u00e9s d\u2019une fratrie de onze enfants. Leur m\u00e8re, Jeanne de Co\u00ebscon, est pianiste. Leur p\u00e8re, Andr\u00e9 Navarre, originaire des Landes, est directeur adjoint aux <b>Papeteries du Marais \u00e0 Jouy-sur-Morin<\/b>. La famille d\u00e9m\u00e9nage l\u2019ann\u00e9e suivante \u00e0 <b>Grenoble<\/b>.<\/p>\n<div class=\"ac-article-to-read\">\n<p>\u00c0 lire aussi<\/p>\n<\/div>\n<h2>Jean, l\u2019as de l\u2019aviation<\/h2>\n<p>Jean et Pierre Navarre ont une enfance difficile. Tr\u00e8s indisciplin\u00e9s, ils ont syst\u00e9matiquement renvoy\u00e9 des coll\u00e8ges qu\u2019ils fr\u00e9quentent. S\u00e9par\u00e9 de son fr\u00e8re, Jean suit les cours d\u2019une<b> \u00e9cole de m\u00e9canique<\/b>, puis dans une \u00e9cole technique. Il pr\u00e9pare le concours d\u2019entr\u00e9e \u00e0 l\u2019<b>Ecole Sup\u00e9rieure d\u2019A\u00e9ronautique<\/b> puis, il finit par suivre un stage avec le lieutenant H\u00e9bert.<\/p>\n<p>En juin&nbsp;1914, Jean s\u2019inscrit en tant qu\u2019<b>\u00e9l\u00e8ve pilote \u00e0 l\u2019\u00e9cole civile des fr\u00e8res Caudront<\/b>, au Crotoy, dans la Somme. Malheureusement, la guerre qui d\u00e9bute le 2&nbsp;ao\u00fbt 1914, l\u2019emp\u00eache de passer son brevet. Il r\u00e9ussit toutefois \u00e0 se faire incorporer dans l\u2019arm\u00e9e, en mentant sur son \u00e2ge et ses capacit\u00e9s \u00e0 voler. Mut\u00e9 dans une escadrille de <b>Farman MF 2<\/b>, puis exclu pour indiscipline, il apprend le pilotage des <b>Morane-Saulnier type L<\/b>. Jean se porte volontaire pour Verdun et, le 24&nbsp;f\u00e9vrier 1916, il rallie l\u2019escadrille N 64. Le pilote vole jusqu\u2019\u00e0 onze heures par jour. Il est d\u2019ailleurs surnomm\u00e9 <b>\u00ab Navarre sentinelle de Verdun \u00bb<\/b> et remporte de nombreuses batailles de f\u00e9vrier \u00e0 juin&nbsp;1916.<\/p>\n<p>Quelques mois plus tard, il est nomm\u00e9 sous-lieutenant et int\u00e8gre <b>le \u00ab club des as \u00bb<\/b>, le club des pilotes comptant plus de cinq victoires homologu\u00e9es. Tr\u00e8s affect\u00e9 par la mort de son jumeau, en 1916, Jean entre en maison de repos et ne repartira au front qu\u2019\u00e0 la signature de l\u2019armistice. Au cours de ces quatre ann\u00e9es de guerre, il obtiendra la <b>L\u00e9gion d\u2019honneur<\/b>, la M\u00e9daille Militaire, la Croix de guerre avec palmes et six citations de l\u2019Arm\u00e9e.<\/p>\n<p>Apr\u00e8s la guerre, Jean Navarre ne peut se r\u00e9soudre \u00e0 abandonner l\u2019aviation. Il <b>tente de traverser l\u2019oc\u00e9an Atlantique<\/b>, mais ce projet n\u2019aboutit pas. Finalement, il finira chez Morane-Saulnier, pour pr\u00e9senter les avions aux futurs acheteurs. Le 10&nbsp;juillet 1919, lors d\u2019une descente en vol plan\u00e9, il percute un mur de ferme et <b>s\u2019\u00e9crase au bord de l\u2019a\u00e9rodrome de Villacoublay,<\/b> dans les Yvelines.<\/p>\n<figure id=\"dailymotion-embed-x7dyep\" class=\"ac-embed ac-embed--dailymotion ac-embed--inread3\" data-provider=\"dailymotion\"><figcaption>Vid\u00e9os : en ce moment sur Actu<\/figcaption><\/figure>\n<div class=\"ac-article-to-read\">\n<p>\u00c0 lire aussi<\/p>\n<\/div>\n<h2>Pierre, le pilote de chasse<\/h2>\n<p>Quant \u00e0 Pierre, il suit la m\u00eame jeunesse que son Jean. C\u2019est \u00e0 18&nbsp;ans qu\u2019il s\u2019int\u00e9resse \u00e0 l\u2019aviation. Il se rend d\u2019ailleurs fr\u00e9quemment \u00e0 <a href=\"https:\/\/actu.fr\/ile-de-france\/juvisy-sur-orge_91326\/\" target=\"_blank\" rel=\"nofollow\">Juvisy<\/a> pour voir les avions voler avec son jumeau.<\/p>\n<p>Apr\u00e8s avoir entam\u00e9 des \u00e9tudes malheureusement interrompues par la guerre, il s\u2019engage et est affect\u00e9 au<b> 6<sup>e<\/sup> r\u00e9giment du G\u00e9nie<\/b>. Passionn\u00e9 par les avions comme son fr\u00e8re, il quitte le G\u00e9nie et est admis comme <b>pilote de chasse \u00e0 l\u2019escadrille N 69<\/b>. En novembre 1916, Il a 21 ans lorsqu\u2019il d<b>\u00e9c\u00e8de lors d\u2019un exercice a\u00e9rien <\/b>au <a href=\"https:\/\/actu.fr\/hauts-de-france\/le-plessis-belleville_60500\/\" target=\"_blank\" rel=\"nofollow\">Plessis-Belleville<\/a>, dans l\u2019Oise, alors qu\u2019il tentait de rejoindre Jean.<\/p>\n<p>Les deux fr\u00e8res<b> ne sont pas enterr\u00e9s dans leur ville de naissance<\/b>. Les jumeaux reposent c\u00f4te \u00e0 c\u00f4te dans <b>le cimeti\u00e8re de Tartas<\/b>, dans les Landes, le berceau de leur famille.<\/p>\n<p><i>Suivez toute l\u2019actualit\u00e9 de vos villes et m\u00e9dias favoris en vous inscrivant \u00e0 <a href=\"https:\/\/moncompte.actu.fr\" title=\"D\u00e9couvez Mon Actu\" rel=\"nofollow\" data-trk=\"{&quot;cta&quot;:{&quot;action&quot;:&quot;https:\\\/\\\/moncompte.actu.fr&quot;,&quot;category&quot;:&quot;mon compte&quot;,&quot;from&quot;:&quot;article footer&quot;,&quot;name&quot;:&quot;Mon actu&quot;,&quot;type&quot;:&quot;cta&quot;}}\" target=\"_blank\">Mon Actu<\/a>.<\/i><\/p>\n<p> La chronique se veut g\u00e9n\u00e9r\u00e9e de la fa\u00e7on la plus claire que possible. Dans le cas o\u00f9 vous souhaitez pr\u00e9senter des renseignements compl\u00e9mentaires \u00e0 cet article sur le sujet \u00ab\u00a0Fr\u00e8res jumeaux de l&rsquo;Essonnes\u00a0\u00bb il vous est possible d\u2019\u00e9crire aux contacts indiqu\u00e9s sur notre website. La raison d\u2019\u00eatre de jumeaux91.fr \u00e9tant de rassembler sur le web des posts sur le sujet de Fr\u00e8res jumeaux de l&rsquo;Essonnes puis les diffuser en r\u00e9pondant au mieux aux interrogations des gens. Vous pouvez tirer profit de cet article traitant le sujet \u00ab\u00a0Fr\u00e8res jumeaux de l&rsquo;Essonnes\u00a0\u00bb. Il est concoct\u00e9 par l\u2019\u00e9quipe jumeaux91.fr. Prochainement, nous rendrons accessibles au public d&rsquo;autres informations pertinentes sur le sujet \u00ab\u00a0Fr\u00e8res jumeaux de l&rsquo;Essonnes\u00a0\u00bb. Alors, consultez syst\u00e9matiquement notre blog.<\/p>\n","protected":false},"excerpt":{"rendered":"<p>Par Sandra Martins Publi\u00e9 le 28 sept. 2024 \u00e0 19h30 Voir mon actu Suivre Le Pays Briard Jean et Pierre Navarre pointent le bout de leur nez le 8&nbsp;ao\u00fbt 1895, \u00e0 Jouy-sur-Morin. Ils sont les a\u00een\u00e9s d\u2019une fratrie de onze enfants. Leur m\u00e8re, Jeanne de Co\u00ebscon, est pianiste. Leur p\u00e8re, Andr\u00e9 Navarre, originaire des Landes,&hellip; <a class=\"more-link\" href=\"https:\/\/jumeaux91.fr\/blog\/le-saviez-vous-ces-deux-aviateurs-francais-sont-nes-a-jouy-sur-morin\/\">Poursuivre la lecture <span class=\"screen-reader-text\">Le saviez-vous ? Ces deux aviateurs fran\u00e7ais sont n\u00e9s \u00e0 Jouy-sur-Morin<\/span><\/a><\/p>\n","protected":false},"author":2,"featured_media":774,"comment_status":"closed","ping_status":"closed","sticky":false,"template":"","format":"standard","meta":{"footnotes":""},"categories":[4],"tags":[],"class_list":["post-773","post","type-post","status-publish","format-standard","has-post-thumbnail","hentry","category-posts-freres-jumeaux-de-lessonnes","entry"],"yoast_head":"<!-- This site is optimized with the Yoast SEO plugin v27.5 - https:\/\/yoast.com\/product\/yoast-seo-wordpress\/ -->\n<title>Le saviez-vous ? Ces deux aviateurs fran\u00e7ais sont n\u00e9s \u00e0 Jouy-sur-Morin - JUMEAUX91<\/title>\n<meta name=\"robots\" content=\"index, follow, max-snippet:-1, max-image-preview:large, max-video-preview:-1\" \/>\n<link rel=\"canonical\" href=\"https:\/\/jumeaux91.fr\/blog\/le-saviez-vous-ces-deux-aviateurs-francais-sont-nes-a-jouy-sur-morin\/\" \/>\n<meta property=\"og:locale\" content=\"fr_FR\" \/>\n<meta property=\"og:type\" content=\"article\" \/>\n<meta property=\"og:title\" content=\"Le saviez-vous ? Ces deux aviateurs fran\u00e7ais sont n\u00e9s \u00e0 Jouy-sur-Morin - JUMEAUX91\" \/>\n<meta property=\"og:description\" content=\"Par Sandra Martins Publi\u00e9 le 28 sept. 2024 \u00e0 19h30 Voir mon actu Suivre Le Pays Briard Jean et Pierre Navarre pointent le bout de leur nez le 8&nbsp;ao\u00fbt 1895, \u00e0 Jouy-sur-Morin. Ils sont les a\u00een\u00e9s d\u2019une fratrie de onze enfants. Leur m\u00e8re, Jeanne de Co\u00ebscon, est pianiste. Leur p\u00e8re, Andr\u00e9 Navarre, originaire des Landes,&hellip; Poursuivre la lecture Le saviez-vous ? Ces deux aviateurs fran\u00e7ais sont n\u00e9s \u00e0 Jouy-sur-Morin\" \/>\n<meta property=\"og:url\" content=\"https:\/\/jumeaux91.fr\/blog\/le-saviez-vous-ces-deux-aviateurs-francais-sont-nes-a-jouy-sur-morin\/\" \/>\n<meta property=\"og:site_name\" content=\"JUMEAUX91\" \/>\n<meta property=\"article:published_time\" content=\"2024-09-28T10:35:00+00:00\" \/>\n<meta property=\"og:image\" content=\"https:\/\/jumeaux91.fr\/blog\/wp-content\/uploads\/2024\/09\/le-saviez-vous-ces-deux-aviateurs-francais-sont-nes-a-jouy-sur-morin.jpg\" \/>\n<meta name=\"author\" content=\"Claude DAYRES\" \/>\n<meta name=\"twitter:card\" content=\"summary_large_image\" \/>\n<meta name=\"twitter:label1\" content=\"\u00c9crit par\" \/>\n\t<meta name=\"twitter:data1\" content=\"Claude DAYRES\" \/>\n\t<meta name=\"twitter:label2\" content=\"Dur\u00e9e de lecture estim\u00e9e\" \/>\n\t<meta name=\"twitter:data2\" content=\"4 minutes\" \/>\n<script type=\"application\/ld+json\" class=\"yoast-schema-graph\">{\"@context\":\"https:\\\/\\\/schema.org\",\"@graph\":[{\"@type\":\"Article\",\"@id\":\"https:\\\/\\\/jumeaux91.fr\\\/blog\\\/le-saviez-vous-ces-deux-aviateurs-francais-sont-nes-a-jouy-sur-morin\\\/#article\",\"isPartOf\":{\"@id\":\"https:\\\/\\\/jumeaux91.fr\\\/blog\\\/le-saviez-vous-ces-deux-aviateurs-francais-sont-nes-a-jouy-sur-morin\\\/\"},\"author\":{\"name\":\"Claude DAYRES\",\"@id\":\"https:\\\/\\\/jumeaux91.fr\\\/blog\\\/#\\\/schema\\\/person\\\/21da06e9f119b9f64e5d45dbbd32d3fb\"},\"headline\":\"Le saviez-vous ? Ces deux aviateurs fran\u00e7ais sont n\u00e9s \u00e0 Jouy-sur-Morin\",\"datePublished\":\"2024-09-28T10:35:00+00:00\",\"mainEntityOfPage\":{\"@id\":\"https:\\\/\\\/jumeaux91.fr\\\/blog\\\/le-saviez-vous-ces-deux-aviateurs-francais-sont-nes-a-jouy-sur-morin\\\/\"},\"wordCount\":765,\"publisher\":{\"@id\":\"https:\\\/\\\/jumeaux91.fr\\\/blog\\\/#organization\"},\"image\":{\"@id\":\"https:\\\/\\\/jumeaux91.fr\\\/blog\\\/le-saviez-vous-ces-deux-aviateurs-francais-sont-nes-a-jouy-sur-morin\\\/#primaryimage\"},\"thumbnailUrl\":\"https:\\\/\\\/jumeaux91.fr\\\/blog\\\/wp-content\\\/uploads\\\/2024\\\/09\\\/le-saviez-vous-ces-deux-aviateurs-francais-sont-nes-a-jouy-sur-morin.jpg\",\"articleSection\":[\"Posts Fr\u00e8res Jumeaux De L'Essonnes:\"],\"inLanguage\":\"fr-FR\"},{\"@type\":\"WebPage\",\"@id\":\"https:\\\/\\\/jumeaux91.fr\\\/blog\\\/le-saviez-vous-ces-deux-aviateurs-francais-sont-nes-a-jouy-sur-morin\\\/\",\"url\":\"https:\\\/\\\/jumeaux91.fr\\\/blog\\\/le-saviez-vous-ces-deux-aviateurs-francais-sont-nes-a-jouy-sur-morin\\\/\",\"name\":\"Le saviez-vous ? Ces deux aviateurs fran\u00e7ais sont n\u00e9s \u00e0 Jouy-sur-Morin - JUMEAUX91\",\"isPartOf\":{\"@id\":\"https:\\\/\\\/jumeaux91.fr\\\/blog\\\/#website\"},\"primaryImageOfPage\":{\"@id\":\"https:\\\/\\\/jumeaux91.fr\\\/blog\\\/le-saviez-vous-ces-deux-aviateurs-francais-sont-nes-a-jouy-sur-morin\\\/#primaryimage\"},\"image\":{\"@id\":\"https:\\\/\\\/jumeaux91.fr\\\/blog\\\/le-saviez-vous-ces-deux-aviateurs-francais-sont-nes-a-jouy-sur-morin\\\/#primaryimage\"},\"thumbnailUrl\":\"https:\\\/\\\/jumeaux91.fr\\\/blog\\\/wp-content\\\/uploads\\\/2024\\\/09\\\/le-saviez-vous-ces-deux-aviateurs-francais-sont-nes-a-jouy-sur-morin.jpg\",\"datePublished\":\"2024-09-28T10:35:00+00:00\",\"breadcrumb\":{\"@id\":\"https:\\\/\\\/jumeaux91.fr\\\/blog\\\/le-saviez-vous-ces-deux-aviateurs-francais-sont-nes-a-jouy-sur-morin\\\/#breadcrumb\"},\"inLanguage\":\"fr-FR\",\"potentialAction\":[{\"@type\":\"ReadAction\",\"target\":[\"https:\\\/\\\/jumeaux91.fr\\\/blog\\\/le-saviez-vous-ces-deux-aviateurs-francais-sont-nes-a-jouy-sur-morin\\\/\"]}]},{\"@type\":\"ImageObject\",\"inLanguage\":\"fr-FR\",\"@id\":\"https:\\\/\\\/jumeaux91.fr\\\/blog\\\/le-saviez-vous-ces-deux-aviateurs-francais-sont-nes-a-jouy-sur-morin\\\/#primaryimage\",\"url\":\"https:\\\/\\\/jumeaux91.fr\\\/blog\\\/wp-content\\\/uploads\\\/2024\\\/09\\\/le-saviez-vous-ces-deux-aviateurs-francais-sont-nes-a-jouy-sur-morin.jpg\",\"contentUrl\":\"https:\\\/\\\/jumeaux91.fr\\\/blog\\\/wp-content\\\/uploads\\\/2024\\\/09\\\/le-saviez-vous-ces-deux-aviateurs-francais-sont-nes-a-jouy-sur-morin.jpg\",\"width\":1280,\"height\":743,\"caption\":\"Le saviez vous ? Ces deux aviateurs fran\u00e7ais sont n\u00e9s \u00e0 Jouy sur Morin\"},{\"@type\":\"BreadcrumbList\",\"@id\":\"https:\\\/\\\/jumeaux91.fr\\\/blog\\\/le-saviez-vous-ces-deux-aviateurs-francais-sont-nes-a-jouy-sur-morin\\\/#breadcrumb\",\"itemListElement\":[{\"@type\":\"ListItem\",\"position\":1,\"name\":\"Accueil\",\"item\":\"https:\\\/\\\/jumeaux91.fr\\\/blog\\\/\"},{\"@type\":\"ListItem\",\"position\":2,\"name\":\"Le saviez-vous ? Ces deux aviateurs fran\u00e7ais sont n\u00e9s \u00e0 Jouy-sur-Morin\"}]},{\"@type\":\"WebSite\",\"@id\":\"https:\\\/\\\/jumeaux91.fr\\\/blog\\\/#website\",\"url\":\"https:\\\/\\\/jumeaux91.fr\\\/blog\\\/\",\"name\":\"JUMEAUX91\",\"description\":\"Fr\u00e8res jumeaux de l&#039;Essonnes; informations et archives, \u00e0 savoir et retenir.\",\"publisher\":{\"@id\":\"https:\\\/\\\/jumeaux91.fr\\\/blog\\\/#organization\"},\"potentialAction\":[{\"@type\":\"SearchAction\",\"target\":{\"@type\":\"EntryPoint\",\"urlTemplate\":\"https:\\\/\\\/jumeaux91.fr\\\/blog\\\/?s={search_term_string}\"},\"query-input\":{\"@type\":\"PropertyValueSpecification\",\"valueRequired\":true,\"valueName\":\"search_term_string\"}}],\"inLanguage\":\"fr-FR\"},{\"@type\":\"Organization\",\"@id\":\"https:\\\/\\\/jumeaux91.fr\\\/blog\\\/#organization\",\"name\":\"jumeaux91\",\"url\":\"https:\\\/\\\/jumeaux91.fr\\\/blog\\\/\",\"logo\":{\"@type\":\"ImageObject\",\"inLanguage\":\"fr-FR\",\"@id\":\"https:\\\/\\\/jumeaux91.fr\\\/blog\\\/#\\\/schema\\\/logo\\\/image\\\/\",\"url\":\"https:\\\/\\\/jumeaux91.fr\\\/blog\\\/wp-content\\\/uploads\\\/2023\\\/05\\\/cropped-cropped-logoJ_91.png\",\"contentUrl\":\"https:\\\/\\\/jumeaux91.fr\\\/blog\\\/wp-content\\\/uploads\\\/2023\\\/05\\\/cropped-cropped-logoJ_91.png\",\"width\":512,\"height\":512,\"caption\":\"jumeaux91\"},\"image\":{\"@id\":\"https:\\\/\\\/jumeaux91.fr\\\/blog\\\/#\\\/schema\\\/logo\\\/image\\\/\"}},{\"@type\":\"Person\",\"@id\":\"https:\\\/\\\/jumeaux91.fr\\\/blog\\\/#\\\/schema\\\/person\\\/21da06e9f119b9f64e5d45dbbd32d3fb\",\"name\":\"Claude DAYRES\",\"image\":{\"@type\":\"ImageObject\",\"inLanguage\":\"fr-FR\",\"@id\":\"https:\\\/\\\/secure.gravatar.com\\\/avatar\\\/82eb951df6110a2c48d1bfa7a67d1ee6f0cd5df3cbf9c3586dd61e82db7172a5?s=96&d=mm&r=g\",\"url\":\"https:\\\/\\\/secure.gravatar.com\\\/avatar\\\/82eb951df6110a2c48d1bfa7a67d1ee6f0cd5df3cbf9c3586dd61e82db7172a5?s=96&d=mm&r=g\",\"contentUrl\":\"https:\\\/\\\/secure.gravatar.com\\\/avatar\\\/82eb951df6110a2c48d1bfa7a67d1ee6f0cd5df3cbf9c3586dd61e82db7172a5?s=96&d=mm&r=g\",\"caption\":\"Claude DAYRES\"},\"url\":\"https:\\\/\\\/jumeaux91.fr\\\/blog\\\/author\\\/x91claude\\\/\"}]}<\/script>\n<!-- \/ Yoast SEO plugin. -->","yoast_head_json":{"title":"Le saviez-vous ? Ces deux aviateurs fran\u00e7ais sont n\u00e9s \u00e0 Jouy-sur-Morin - JUMEAUX91","robots":{"index":"index","follow":"follow","max-snippet":"max-snippet:-1","max-image-preview":"max-image-preview:large","max-video-preview":"max-video-preview:-1"},"canonical":"https:\/\/jumeaux91.fr\/blog\/le-saviez-vous-ces-deux-aviateurs-francais-sont-nes-a-jouy-sur-morin\/","og_locale":"fr_FR","og_type":"article","og_title":"Le saviez-vous ? Ces deux aviateurs fran\u00e7ais sont n\u00e9s \u00e0 Jouy-sur-Morin - JUMEAUX91","og_description":"Par Sandra Martins Publi\u00e9 le 28 sept. 2024 \u00e0 19h30 Voir mon actu Suivre Le Pays Briard Jean et Pierre Navarre pointent le bout de leur nez le 8&nbsp;ao\u00fbt 1895, \u00e0 Jouy-sur-Morin. Ils sont les a\u00een\u00e9s d\u2019une fratrie de onze enfants. Leur m\u00e8re, Jeanne de Co\u00ebscon, est pianiste. Leur p\u00e8re, Andr\u00e9 Navarre, originaire des Landes,&hellip; Poursuivre la lecture Le saviez-vous ? Ces deux aviateurs fran\u00e7ais sont n\u00e9s \u00e0 Jouy-sur-Morin","og_url":"https:\/\/jumeaux91.fr\/blog\/le-saviez-vous-ces-deux-aviateurs-francais-sont-nes-a-jouy-sur-morin\/","og_site_name":"JUMEAUX91","article_published_time":"2024-09-28T10:35:00+00:00","og_image":[{"url":"https:\/\/jumeaux91.fr\/blog\/wp-content\/uploads\/2024\/09\/le-saviez-vous-ces-deux-aviateurs-francais-sont-nes-a-jouy-sur-morin.jpg","type":"","width":"","height":""}],"author":"Claude DAYRES","twitter_card":"summary_large_image","twitter_misc":{"\u00c9crit par":"Claude DAYRES","Dur\u00e9e de lecture estim\u00e9e":"4 minutes"},"schema":{"@context":"https:\/\/schema.org","@graph":[{"@type":"Article","@id":"https:\/\/jumeaux91.fr\/blog\/le-saviez-vous-ces-deux-aviateurs-francais-sont-nes-a-jouy-sur-morin\/#article","isPartOf":{"@id":"https:\/\/jumeaux91.fr\/blog\/le-saviez-vous-ces-deux-aviateurs-francais-sont-nes-a-jouy-sur-morin\/"},"author":{"name":"Claude DAYRES","@id":"https:\/\/jumeaux91.fr\/blog\/#\/schema\/person\/21da06e9f119b9f64e5d45dbbd32d3fb"},"headline":"Le saviez-vous ? Ces deux aviateurs fran\u00e7ais sont n\u00e9s \u00e0 Jouy-sur-Morin","datePublished":"2024-09-28T10:35:00+00:00","mainEntityOfPage":{"@id":"https:\/\/jumeaux91.fr\/blog\/le-saviez-vous-ces-deux-aviateurs-francais-sont-nes-a-jouy-sur-morin\/"},"wordCount":765,"publisher":{"@id":"https:\/\/jumeaux91.fr\/blog\/#organization"},"image":{"@id":"https:\/\/jumeaux91.fr\/blog\/le-saviez-vous-ces-deux-aviateurs-francais-sont-nes-a-jouy-sur-morin\/#primaryimage"},"thumbnailUrl":"https:\/\/jumeaux91.fr\/blog\/wp-content\/uploads\/2024\/09\/le-saviez-vous-ces-deux-aviateurs-francais-sont-nes-a-jouy-sur-morin.jpg","articleSection":["Posts Fr\u00e8res Jumeaux De L'Essonnes:"],"inLanguage":"fr-FR"},{"@type":"WebPage","@id":"https:\/\/jumeaux91.fr\/blog\/le-saviez-vous-ces-deux-aviateurs-francais-sont-nes-a-jouy-sur-morin\/","url":"https:\/\/jumeaux91.fr\/blog\/le-saviez-vous-ces-deux-aviateurs-francais-sont-nes-a-jouy-sur-morin\/","name":"Le saviez-vous ? Ces deux aviateurs fran\u00e7ais sont n\u00e9s \u00e0 Jouy-sur-Morin - JUMEAUX91","isPartOf":{"@id":"https:\/\/jumeaux91.fr\/blog\/#website"},"primaryImageOfPage":{"@id":"https:\/\/jumeaux91.fr\/blog\/le-saviez-vous-ces-deux-aviateurs-francais-sont-nes-a-jouy-sur-morin\/#primaryimage"},"image":{"@id":"https:\/\/jumeaux91.fr\/blog\/le-saviez-vous-ces-deux-aviateurs-francais-sont-nes-a-jouy-sur-morin\/#primaryimage"},"thumbnailUrl":"https:\/\/jumeaux91.fr\/blog\/wp-content\/uploads\/2024\/09\/le-saviez-vous-ces-deux-aviateurs-francais-sont-nes-a-jouy-sur-morin.jpg","datePublished":"2024-09-28T10:35:00+00:00","breadcrumb":{"@id":"https:\/\/jumeaux91.fr\/blog\/le-saviez-vous-ces-deux-aviateurs-francais-sont-nes-a-jouy-sur-morin\/#breadcrumb"},"inLanguage":"fr-FR","potentialAction":[{"@type":"ReadAction","target":["https:\/\/jumeaux91.fr\/blog\/le-saviez-vous-ces-deux-aviateurs-francais-sont-nes-a-jouy-sur-morin\/"]}]},{"@type":"ImageObject","inLanguage":"fr-FR","@id":"https:\/\/jumeaux91.fr\/blog\/le-saviez-vous-ces-deux-aviateurs-francais-sont-nes-a-jouy-sur-morin\/#primaryimage","url":"https:\/\/jumeaux91.fr\/blog\/wp-content\/uploads\/2024\/09\/le-saviez-vous-ces-deux-aviateurs-francais-sont-nes-a-jouy-sur-morin.jpg","contentUrl":"https:\/\/jumeaux91.fr\/blog\/wp-content\/uploads\/2024\/09\/le-saviez-vous-ces-deux-aviateurs-francais-sont-nes-a-jouy-sur-morin.jpg","width":1280,"height":743,"caption":"Le saviez vous ? Ces deux aviateurs fran\u00e7ais sont n\u00e9s \u00e0 Jouy sur Morin"},{"@type":"BreadcrumbList","@id":"https:\/\/jumeaux91.fr\/blog\/le-saviez-vous-ces-deux-aviateurs-francais-sont-nes-a-jouy-sur-morin\/#breadcrumb","itemListElement":[{"@type":"ListItem","position":1,"name":"Accueil","item":"https:\/\/jumeaux91.fr\/blog\/"},{"@type":"ListItem","position":2,"name":"Le saviez-vous ? Ces deux aviateurs fran\u00e7ais sont n\u00e9s \u00e0 Jouy-sur-Morin"}]},{"@type":"WebSite","@id":"https:\/\/jumeaux91.fr\/blog\/#website","url":"https:\/\/jumeaux91.fr\/blog\/","name":"JUMEAUX91","description":"Fr\u00e8res jumeaux de l&#039;Essonnes; informations et archives, \u00e0 savoir et retenir.","publisher":{"@id":"https:\/\/jumeaux91.fr\/blog\/#organization"},"potentialAction":[{"@type":"SearchAction","target":{"@type":"EntryPoint","urlTemplate":"https:\/\/jumeaux91.fr\/blog\/?s={search_term_string}"},"query-input":{"@type":"PropertyValueSpecification","valueRequired":true,"valueName":"search_term_string"}}],"inLanguage":"fr-FR"},{"@type":"Organization","@id":"https:\/\/jumeaux91.fr\/blog\/#organization","name":"jumeaux91","url":"https:\/\/jumeaux91.fr\/blog\/","logo":{"@type":"ImageObject","inLanguage":"fr-FR","@id":"https:\/\/jumeaux91.fr\/blog\/#\/schema\/logo\/image\/","url":"https:\/\/jumeaux91.fr\/blog\/wp-content\/uploads\/2023\/05\/cropped-cropped-logoJ_91.png","contentUrl":"https:\/\/jumeaux91.fr\/blog\/wp-content\/uploads\/2023\/05\/cropped-cropped-logoJ_91.png","width":512,"height":512,"caption":"jumeaux91"},"image":{"@id":"https:\/\/jumeaux91.fr\/blog\/#\/schema\/logo\/image\/"}},{"@type":"Person","@id":"https:\/\/jumeaux91.fr\/blog\/#\/schema\/person\/21da06e9f119b9f64e5d45dbbd32d3fb","name":"Claude DAYRES","image":{"@type":"ImageObject","inLanguage":"fr-FR","@id":"https:\/\/secure.gravatar.com\/avatar\/82eb951df6110a2c48d1bfa7a67d1ee6f0cd5df3cbf9c3586dd61e82db7172a5?s=96&d=mm&r=g","url":"https:\/\/secure.gravatar.com\/avatar\/82eb951df6110a2c48d1bfa7a67d1ee6f0cd5df3cbf9c3586dd61e82db7172a5?s=96&d=mm&r=g","contentUrl":"https:\/\/secure.gravatar.com\/avatar\/82eb951df6110a2c48d1bfa7a67d1ee6f0cd5df3cbf9c3586dd61e82db7172a5?s=96&d=mm&r=g","caption":"Claude DAYRES"},"url":"https:\/\/jumeaux91.fr\/blog\/author\/x91claude\/"}]}},"_links":{"self":[{"href":"https:\/\/jumeaux91.fr\/blog\/wp-json\/wp\/v2\/posts\/773","targetHints":{"allow":["GET"]}}],"collection":[{"href":"https:\/\/jumeaux91.fr\/blog\/wp-json\/wp\/v2\/posts"}],"about":[{"href":"https:\/\/jumeaux91.fr\/blog\/wp-json\/wp\/v2\/types\/post"}],"author":[{"embeddable":true,"href":"https:\/\/jumeaux91.fr\/blog\/wp-json\/wp\/v2\/users\/2"}],"replies":[{"embeddable":true,"href":"https:\/\/jumeaux91.fr\/blog\/wp-json\/wp\/v2\/comments?post=773"}],"version-history":[{"count":0,"href":"https:\/\/jumeaux91.fr\/blog\/wp-json\/wp\/v2\/posts\/773\/revisions"}],"wp:featuredmedia":[{"embeddable":true,"href":"https:\/\/jumeaux91.fr\/blog\/wp-json\/wp\/v2\/media\/774"}],"wp:attachment":[{"href":"https:\/\/jumeaux91.fr\/blog\/wp-json\/wp\/v2\/media?parent=773"}],"wp:term":[{"taxonomy":"category","embeddable":true,"href":"https:\/\/jumeaux91.fr\/blog\/wp-json\/wp\/v2\/categories?post=773"},{"taxonomy":"post_tag","embeddable":true,"href":"https:\/\/jumeaux91.fr\/blog\/wp-json\/wp\/v2\/tags?post=773"}],"curies":[{"name":"wp","href":"https:\/\/api.w.org\/{rel}","templated":true}]}}