{"id":788,"date":"2024-10-01T03:04:00","date_gmt":"2024-10-01T01:04:00","guid":{"rendered":"https:\/\/jumeaux91.fr\/blog\/john-malkovich-ben-stiller-quand-hollywood-se-payait-les-freres-menendez\/"},"modified":"2024-10-01T03:04:00","modified_gmt":"2024-10-01T01:04:00","slug":"john-malkovich-ben-stiller-quand-hollywood-se-payait-les-freres-menendez","status":"publish","type":"post","link":"https:\/\/jumeaux91.fr\/blog\/john-malkovich-ben-stiller-quand-hollywood-se-payait-les-freres-menendez\/","title":{"rendered":"John Malkovich, Ben Stiller&#8230; Quand Hollywood se payait les fr\u00e8res Menendez"},"content":{"rendered":"<p class=\"lead\"> Avant la s\u00e9rie de Ryan Murphy, Lyle et Erik Menendez ont d\u00e9j\u00e0 inspir\u00e9 des films, s\u00e9ries ou sketchs \u00e0 Hollywood.\n<\/p>\n<p>Qu&rsquo;on appr\u00e9cie ou non les s\u00e9ries<em> \u00ab\u00a0true crimes\u00a0\u00bb <\/em>de Ryan Murphy (et Ian&nbsp;Brennan), on ne peut pas retirer au cr\u00e9ateur d&rsquo;<em>American Crime Story<\/em> son ambition de proposer au public de revenir sur de sordides faits divers de la mani\u00e8re la plus compl\u00e8te possible.<\/p>\n<p>Chez <em>Premi\u00e8re<\/em>, on n&rsquo;a pas autant accroch\u00e9 \u00e0 <a href=\"https:\/\/www.premiere.fr\/Series\/News-Series\/Monster-saison-2-les-freres-Menendez-sont-moins-forts-que-Dahmer-critique\" target=\"_blank\" rel=\"nofollow\"><strong>la deuxi\u00e8me saison de <em>Monstres<\/em><\/strong><\/a> consacr\u00e9e aux fr\u00e8res Menendez qu&rsquo;\u00e0 ses shows <a href=\"https:\/\/www.premiere.fr\/Series\/American-Crime-Story-a-quel-point-la-serie-est-elle-proche-de-la-vraie-affaire-O-J-Simpson#:~:text=La%20presse%20am%C3%A9ricaine%20applaudit%20The%20People%20v.%20O.J.%20Simpson%20:\" target=\"_blank\" rel=\"nofollow\"><strong><em>The People vs. O.J. Simpson<\/em><\/strong><\/a>, <a href=\"https:\/\/www.premiere.fr\/Series\/Que-vaut-The-Assassination-of-Gianni-Versace-la-saison-2-d-American-Crime-Story-critique\" target=\"_blank\" rel=\"nofollow\"><strong><em>The Assassination of Gianni Versace<\/em><\/strong><\/a> et <a href=\"https:\/\/www.premiere.fr\/Series\/News-Series\/Dahmer-sur-Netflix-Le-true-crime-qui-veut-tuer-tous-les-true-crimes--critique\" target=\"_blank\" rel=\"nofollow\"><strong><em>Monstres \u2013 L&rsquo;histoire de Jeffrey Dahmer<\/em><\/strong><\/a>. R\u00e9p\u00e9titive et con\u00e7ue de telle sorte que ce soit au public de se faire sa propre opinion sur la culpabilit\u00e9 de Lyle et Erik Menendez, \u00e0 coup de r\u00e9cits choc qui se contredisent les uns les autres, elle nous a sembl\u00e9 moins tenue que ses a\u00een\u00e9es, qui avaient toutes (au moins) un point de vue fort \u00e0 d\u00e9velopper&nbsp;: raconter les travers de la m\u00e9diatisation des proc\u00e8s pour <em>O.J.<\/em>, faire le portrait d&rsquo;un menteur compulsif pour <em>Versace<\/em> et parler des failles de la police, du racisme et de l&rsquo;homophobie ambiants et redonner la parole aux victimes pour <em>Dahmer<\/em>.<\/p>\n<p><a href=\"https:\/\/www.premiere.fr\/Series\/News-Series\/Dahmer-sur-Netflix-Le-true-crime-qui-veut-tuer-tous-les-true-crimes--critique\" class=\"news-link-big\" target=\"_blank\" rel=\"nofollow\"><br \/>\nDahmer, sur Netflix : Le true crime qui veut tuer tous les true crimes [critique]<br \/>\n<\/a><\/p>\n<p>Avec cette histoire de jeunes fr\u00e8res ayant assassin\u00e9 leurs parents, on retrouve un petit peu de tous ces \u00e9l\u00e9ments&nbsp;: des meurtres tr\u00e8s sanglants, des accus\u00e9s possiblement menteurs, deux proc\u00e8s suivis en direct \u00e0 la t\u00e9l\u00e9vision, des victimes qui ne sont plus l\u00e0 pour se d\u00e9fendre&#8230; Avec en plus des r\u00e9flexions sur les violences sexuelles faites aux enfants.<\/p>\n<p>Parmi tous les \u00e9l\u00e9ments \u00e9voqu\u00e9s au cours de ses neuf \u00e9pisodes, les deux derniers mettent l&rsquo;accent sur le changement de ressenti du public devant cette affaire. Si les spectateurs avaient pu s&rsquo;attacher aux deux fr\u00e8res et croire \u00e0 leur traumatisme apr\u00e8s la r\u00e9v\u00e9lation des crimes, lors du d\u00e9roulement du premier proc\u00e8s, l&rsquo;opinion publique a peu \u00e0 peu bascul\u00e9. Pour illustrer ce changement, dans l&rsquo;\u00e9pisode 8 est mentionn\u00e9 tr\u00e8s rapidement un sketch du Saturday Night Live avec John Malkovich en Erik et Rob Schneider en Lyle. Entre deux noms de stars hollywoodiennes qui pourraient, selon les deux fr\u00e8res, les incarner au cin\u00e9ma.<\/p>\n<div class=\"paragraph paragraph--type--image paragraph--view-mode--default\">\n<figure class=\"post-thumbnail post-thumbnail-article\">\n<img decoding=\"async\" src=\"https:\/\/jumeaux91.fr\/blog\/wp-content\/uploads\/2024\/10\/john-malkovich-ben-stiller-quand-hollywood-se-payait-les-freres-menendez.png\" width=\"810\" height=\"453\" alt=\"Saturday Night Live avec John Malkovich en Erik Menendez et Rob Schneider en Lyle\"><figcaption><i class=\"fa fa-copyright\" aria-label=\"Tous droits r\u00e9serv\u00e9s\"><\/i> SNL\/NBC<br \/>\n<\/figcaption><\/figure>\n<\/div>\n<p><strong>Le sketch du SNL (1993)<\/strong><\/p>\n<p>Le sketch date pile du moment o\u00f9 la cha\u00eene Court TV avait d\u00e9cid\u00e9 de diffuser le proc\u00e8s des fr\u00e8res Menendez en direct. Il est con\u00e7u comme un gag de r\u00e9p\u00e9tition dans lequel le pr\u00e9sentateur, jou\u00e9 par Myke Myers, pr\u00e9sente les deux suspects comme menteurs et pleurnichards. Ils s&rsquo;inventent ici deux autres frangins, Danny et Jose Menendez Jr., qui r\u00e9pondent aux questions des avocats pour tenter de d\u00e9terminer s&rsquo;ils existent r\u00e9ellement. S&rsquo;enchainent alors les tentatives de d\u00e9montrer qu&rsquo;il s&rsquo;agit en fait de Lyle et Erik d\u00e9guis\u00e9s en Danny et Jose Jr. Face \u00e0 l&rsquo;insistance de leurs interlocuteurs, ils finissent \u00e0 chaque fois par \u00e9clater en sanglots.<\/p>\n<p>[embedded content]<br \/>\n<a href=\"https:\/\/www.premiere.fr\/Series\/News-Series\/Monster-saison-2-les-freres-Menendez-sont-moins-forts-que-Dahmer-critique\" class=\"news-link-big\" target=\"_blank\" rel=\"nofollow\"><br \/>\nMonster, saison 2 : les fr\u00e8res Menendez sont moins forts que Dahmer (critique)<br \/>\n<\/a><\/p>\n<p>Ce sketch, laissant totalement de c\u00f4t\u00e9 la gravit\u00e9 des r\u00e9v\u00e9lations du proc\u00e8s, illustre parfaitement l&rsquo;id\u00e9e selon laquelle au cours de sa couverture tr\u00e8s m\u00e9diatis\u00e9e, l&rsquo;opinion publique a chang\u00e9, et les gens ne croyaient plus \u00e0 la d\u00e9fense d&rsquo;Erik et Lyle Menendez. Un gag qui peut aujourd&rsquo;hui choquer par son manque d&#8217;empathie.<\/p>\n<p>Ses cr\u00e9ateurs ne sont d&rsquo;ailleurs pas les seuls \u00e0 s&rsquo;\u00eatre <em>\u00ab\u00a0pay\u00e9s\u00a0\u00bb <\/em>cette affaire des fr\u00e8res Menendez.<\/p>\n<div class=\"paragraph paragraph--type--image paragraph--view-mode--default\">\n<figure class=\"post-thumbnail post-thumbnail-article\">\n<img decoding=\"async\" src=\"https:\/\/jumeaux91.fr\/blog\/wp-content\/uploads\/2024\/10\/john-malkovich-ben-stiller-quand-hollywood-se-payait-les-freres-menendez-1.png\" width=\"810\" height=\"453\" alt=\"Disjonct\u00e9 de Ben Stiller (1996)\"><figcaption><i class=\"fa fa-copyright\" aria-label=\"Tous droits r\u00e9serv\u00e9s\"><\/i> COLUMBIA TRISTAR<br \/>\n<\/figcaption><\/figure>\n<\/div>\n<p><strong><a href=\"https:\/\/www.premiere.fr\/film\/Disjoncte\" target=\"_blank\" rel=\"nofollow\"><em>Disjonct\u00e9<\/em>,<\/a> de Ben Stiller (1996)<\/strong><\/p>\n<p>Trois ans apr\u00e8s le proc\u00e8s, <a href=\"https:\/\/www.premiere.fr\/Star\/Ben-Stiller\" target=\"_blank\" rel=\"nofollow\"><strong>Ben Stiller<\/strong><\/a> s&rsquo;est lui aussi empar\u00e9 de ce scandale pour en tirer une parodie dans son film <em>Disjonct\u00e9<\/em>. Pas tellement pour se \u00ab\u00a0moquer\u00a0\u00bb des deux fr\u00e8res, pour le coup, mais davantage pour d\u00e9noncer la surm\u00e9diatisation de leur proc\u00e8s. Comme celui d&rsquo;O.J. Simpson, il \u00e9tait un moyen id\u00e9al de pointer du doigt l&rsquo;attention \u00e9norme donn\u00e9e \u00e0 de terribles faits divers, rediffus\u00e9s en boucle sur les cha\u00eenes d&rsquo;infos et <em>\u00ab\u00a0consomm\u00e9s\u00a0\u00bb<\/em> en famille comme un quelconque divertissement. Ici, ce ne sont pas deux fr\u00e8res qui ont assassin\u00e9 leurs parents, mais un jeune homme qui a tu\u00e9 son fr\u00e8re jumeau, et qui voit sa triste histoire faire l&rsquo;objet d&rsquo;un proc\u00e8s surm\u00e9diatis\u00e9, donc, mais aussi accapar\u00e9 par Hollywood, qui en tire imm\u00e9diatement un film d&rsquo;action p\u00e9taradant avec Eric Roberts.<\/p>\n<p>D\u00e9velopp\u00e9e en arri\u00e8re plan durant toute sa com\u00e9die d\u00e9non\u00e7ant la surconsommation de la t\u00e9l\u00e9vision, la r\u00e9f\u00e9rence fait mouche, mais attention&nbsp;aux spoilers&nbsp;: son d\u00e9nouement co\u00efncide avec celui du film.<\/p>\n<p>[embedded content]<br \/>\n<a href=\"https:\/\/www.premiere.fr\/Series\/News-Series\/Monster-le-vrai-frere-Menendez-furieux-contre-la-serie-Netflix\" class=\"news-link-big\" target=\"_blank\" rel=\"nofollow\"><br \/>\nMonster : le \u00ab\u00a0vrai\u00a0\u00bb fr\u00e8re Menendez furieux contre la s\u00e9rie Netflix<br \/>\n<\/a><\/p>\n<p><strong><em>Law and Order : l&rsquo;affaire Menendez<\/em><\/strong><\/p>\n<p>En 2017, une s\u00e9rie d\u00e9riv\u00e9e de<em> Law &amp; Order<\/em> a \u00e9t\u00e9 con\u00e7ue autour de l&rsquo;affaire Menendez. Sans \u00eatre \u00e0 proprement parler une parodie -elle penchait m\u00eame plut\u00f4t pour les arguments de Lyle et Erik Menendez, elle avait \u00e9t\u00e9 pens\u00e9e comme une \u00ab&nbsp;r\u00e9ponse&nbsp;\u00bb \u00e0 la premi\u00e8re saison d&rsquo;American Crime Story. Malgr\u00e9 un casting solide (Eddie Falco des Soprano en avocate, Anthony Edwards d&rsquo;Urgences en juge&#8230;), elle n&rsquo;avait pas conquis Premi\u00e8re en tombant trop souvent dans la surench\u00e8re. Voici notre critique publi\u00e9e au moment de son arriv\u00e9e sur 13e rue en France, d\u00e9but 2018. Elle est aujourd&rsquo;hui visible en DVD.<\/p>\n<div class=\"paragraph paragraph--type--image paragraph--view-mode--default\">\n<figure class=\"post-thumbnail post-thumbnail-article\">\n<img decoding=\"async\" src=\"https:\/\/jumeaux91.fr\/blog\/wp-content\/uploads\/2024\/10\/john-malkovich-ben-stiller-quand-hollywood-se-payait-les-freres-menendez-2.png\" width=\"810\" height=\"451\" alt=\"Law and Order True Crime : L'Affaire Menendez (2017)\"><figcaption><i class=\"fa fa-copyright\" aria-label=\"Tous droits r\u00e9serv\u00e9s\"><\/i> NBC<br \/>\n<\/figcaption><\/figure>\n<\/div>\n<p>La r\u00e9ponse de Dick Wolf au&nbsp;<em>American Crime Story<\/em>&nbsp;de Ryan Murphy est un festival de perruques \u00e0 crever de rire, pas tr\u00e8s&nbsp;<em>Law and Order.<\/em><\/p>\n<p>Positionn\u00e9e par Dick Wolf comme le dernier spin off de son infatigable franchise&nbsp;<em>Law and Order<\/em>,&nbsp;<em>The&nbsp;Menendez<\/em>&nbsp;<em>Brothers<\/em>&nbsp;n\u2019en assume pas moins sa nature de plagiat. Mieux que&nbsp;<em>Waco&nbsp;<\/em>ou&nbsp;<em>The Murders of Tupac and The Notorious Big<\/em>, elle t\u00e9moigne de l\u2019empressement avec lequel les cha\u00eenes se sont jet\u00e9es sur les reconstitutions prestigieuses de crimes c\u00e9l\u00e8bres apr\u00e8s le succ\u00e8s de&nbsp;<em>The People Vs OJ Simpson<\/em>&nbsp;(premi\u00e8re saison de&nbsp;<em>American Crime Story<\/em>).<\/p>\n<p>Ce bon vieux Dick ne manque pas d\u2019air&nbsp;; L\u2019affaire choisie (le meurtre au shotgun de leurs parents par les jumeaux&nbsp;Menendez, dans leur villa de Beverly Hills) se passe \u00e0 quelques p\u00e2t\u00e9s de maison et ne pr\u00e9c\u00e8de que de quelques ann\u00e9es le cas Simpson, recoupant certains des m\u00eames th\u00e8mes (culture naissante de la c\u00e9l\u00e9brit\u00e9) et protagonistes (coucou le juge Ito et le procureur Garcetti). Comme Sarah Paulson dans&nbsp;<em>American Crime Story<\/em>, Eddie Falco porte une perruque permanent\u00e9e qui devient l\u2019image symbole du proc\u00e8s\u2026<\/p>\n<p>L\u00e0 o\u00f9 l\u2019anthologie de Ryan Murphy se d\u00e9guisait en soap \u00e0 sensations pour sonder l\u2019histoire raciale du pays,&nbsp;<em>TMB&nbsp;<\/em>ne garde que le soap hirsute, accroc \u00e0 sa propre titillation et indiff\u00e9rente au contexte. Une s\u00e9rie non pas <em>\u00ab&nbsp;tir\u00e9e de crimes qui d\u00e9fraient la chronique&nbsp;\u00bb<\/em>, comme l\u2019exige la tradition Dick Wolf, mais qui \u00e9pluche la chronique, refusant la satire (elle est partout&nbsp;!) au profit du compte-rendu tablo\u00efd, et d\u00e9livrant les faits les plus grotesques et les plus sordides avec un s\u00e9rieux papal. Pas facile de se passionner pour tout \u00e7a, mais impossible aussi de d\u00e9tourner le regard. Quelque part, une bonne d\u00e9finition de la Trash TV.<\/p>\n<p>Notez que l&rsquo;affaire Menendez n&rsquo;a pas fini de faire du bruit&nbsp;: les deux fr\u00e8res se sont insurg\u00e9s contre la s\u00e9rie qui d\u00e9peindrait selon eux un r\u00e9cit qui est loin de la v\u00e9rit\u00e9. Entre deux r\u00e9ponses des cr\u00e9ateurs ou des acteurs du show, Netflix tease d\u00e9j\u00e0 la diffusion d&rsquo;un documentaire pour accompagner la sortie de sa s\u00e9rie \u00e0 succ\u00e8s, comme cela avait d\u00e9j\u00e0 \u00e9t\u00e9 fait pour <em>Dahmer<\/em>, entre autres.<\/p>\n<p> <a href=\"https:\/\/www.premiere.fr\/Series\/News-Series\/Les-acteurs-de-Monster-repondent-a-leur-tour-aux-freres-Menendez\" class=\"news-link-big\" target=\"_blank\" rel=\"nofollow\"><br \/>\nLes acteurs de Monster r\u00e9pondent \u00e0 leur tour aux fr\u00e8res Menendez<br \/>\n<\/a><br \/>\nLa chronique se veut g\u00e9n\u00e9r\u00e9e de la fa\u00e7on la plus claire que possible. Dans le cas o\u00f9 vous souhaitez pr\u00e9senter des renseignements compl\u00e9mentaires \u00e0 cet article sur le sujet \u00ab\u00a0Fr\u00e8res jumeaux de l&rsquo;Essonnes\u00a0\u00bb il vous est possible d\u2019\u00e9crire aux contacts indiqu\u00e9s sur notre website. La raison d\u2019\u00eatre de jumeaux91.fr \u00e9tant de rassembler sur le web des posts sur le sujet de Fr\u00e8res jumeaux de l&rsquo;Essonnes puis les diffuser en r\u00e9pondant au mieux aux interrogations des gens. Vous pouvez tirer profit de cet article traitant le sujet \u00ab\u00a0Fr\u00e8res jumeaux de l&rsquo;Essonnes\u00a0\u00bb. Il est concoct\u00e9 par l\u2019\u00e9quipe jumeaux91.fr. Prochainement, nous rendrons accessibles au public d&rsquo;autres informations pertinentes sur le sujet \u00ab\u00a0Fr\u00e8res jumeaux de l&rsquo;Essonnes\u00a0\u00bb. Alors, consultez syst\u00e9matiquement notre blog.<\/p>\n","protected":false},"excerpt":{"rendered":"<p>Avant la s\u00e9rie de Ryan Murphy, Lyle et Erik Menendez ont d\u00e9j\u00e0 inspir\u00e9 des films, s\u00e9ries ou sketchs \u00e0 Hollywood. Qu&rsquo;on appr\u00e9cie ou non les s\u00e9ries \u00ab\u00a0true crimes\u00a0\u00bb de Ryan Murphy (et Ian&nbsp;Brennan), on ne peut pas retirer au cr\u00e9ateur d&rsquo;American Crime Story son ambition de proposer au public de revenir sur de sordides faits&hellip; <a class=\"more-link\" href=\"https:\/\/jumeaux91.fr\/blog\/john-malkovich-ben-stiller-quand-hollywood-se-payait-les-freres-menendez\/\">Poursuivre la lecture <span class=\"screen-reader-text\">John Malkovich, Ben Stiller&#8230; Quand Hollywood se payait les fr\u00e8res Menendez<\/span><\/a><\/p>\n","protected":false},"author":2,"featured_media":789,"comment_status":"closed","ping_status":"closed","sticky":false,"template":"","format":"standard","meta":{"footnotes":""},"categories":[4],"tags":[],"class_list":["post-788","post","type-post","status-publish","format-standard","has-post-thumbnail","hentry","category-posts-freres-jumeaux-de-lessonnes","entry"],"yoast_head":"<!-- This site is optimized with the Yoast SEO plugin v27.5 - https:\/\/yoast.com\/product\/yoast-seo-wordpress\/ -->\n<title>John Malkovich, Ben Stiller... Quand Hollywood se payait les fr\u00e8res Menendez - JUMEAUX91<\/title>\n<meta name=\"robots\" content=\"index, follow, max-snippet:-1, max-image-preview:large, max-video-preview:-1\" \/>\n<link rel=\"canonical\" href=\"https:\/\/jumeaux91.fr\/blog\/john-malkovich-ben-stiller-quand-hollywood-se-payait-les-freres-menendez\/\" \/>\n<meta property=\"og:locale\" content=\"fr_FR\" \/>\n<meta property=\"og:type\" content=\"article\" \/>\n<meta property=\"og:title\" content=\"John Malkovich, Ben Stiller... Quand Hollywood se payait les fr\u00e8res Menendez - JUMEAUX91\" \/>\n<meta property=\"og:description\" content=\"Avant la s\u00e9rie de Ryan Murphy, Lyle et Erik Menendez ont d\u00e9j\u00e0 inspir\u00e9 des films, s\u00e9ries ou sketchs \u00e0 Hollywood. Qu&rsquo;on appr\u00e9cie ou non les s\u00e9ries \u00ab\u00a0true crimes\u00a0\u00bb de Ryan Murphy (et Ian&nbsp;Brennan), on ne peut pas retirer au cr\u00e9ateur d&rsquo;American Crime Story son ambition de proposer au public de revenir sur de sordides faits&hellip; Poursuivre la lecture John Malkovich, Ben Stiller&#8230; Quand Hollywood se payait les fr\u00e8res Menendez\" \/>\n<meta property=\"og:url\" content=\"https:\/\/jumeaux91.fr\/blog\/john-malkovich-ben-stiller-quand-hollywood-se-payait-les-freres-menendez\/\" \/>\n<meta property=\"og:site_name\" content=\"JUMEAUX91\" \/>\n<meta property=\"article:published_time\" content=\"2024-10-01T01:04:00+00:00\" \/>\n<meta property=\"og:image\" content=\"https:\/\/jumeaux91.fr\/blog\/wp-content\/uploads\/2024\/10\/john-malkovich-ben-stiller-quand-hollywood-se-payait-les-freres-menendez.png\" \/>\n<meta name=\"author\" content=\"Claude DAYRES\" \/>\n<meta name=\"twitter:card\" content=\"summary_large_image\" \/>\n<meta name=\"twitter:label1\" content=\"\u00c9crit par\" \/>\n\t<meta name=\"twitter:data1\" content=\"Claude DAYRES\" \/>\n\t<meta name=\"twitter:label2\" content=\"Dur\u00e9e de lecture estim\u00e9e\" \/>\n\t<meta name=\"twitter:data2\" content=\"8 minutes\" \/>\n<script type=\"application\/ld+json\" class=\"yoast-schema-graph\">{\"@context\":\"https:\\\/\\\/schema.org\",\"@graph\":[{\"@type\":\"Article\",\"@id\":\"https:\\\/\\\/jumeaux91.fr\\\/blog\\\/john-malkovich-ben-stiller-quand-hollywood-se-payait-les-freres-menendez\\\/#article\",\"isPartOf\":{\"@id\":\"https:\\\/\\\/jumeaux91.fr\\\/blog\\\/john-malkovich-ben-stiller-quand-hollywood-se-payait-les-freres-menendez\\\/\"},\"author\":{\"name\":\"Claude DAYRES\",\"@id\":\"https:\\\/\\\/jumeaux91.fr\\\/blog\\\/#\\\/schema\\\/person\\\/21da06e9f119b9f64e5d45dbbd32d3fb\"},\"headline\":\"John Malkovich, Ben Stiller&#8230; Quand Hollywood se payait les fr\u00e8res Menendez\",\"datePublished\":\"2024-10-01T01:04:00+00:00\",\"mainEntityOfPage\":{\"@id\":\"https:\\\/\\\/jumeaux91.fr\\\/blog\\\/john-malkovich-ben-stiller-quand-hollywood-se-payait-les-freres-menendez\\\/\"},\"wordCount\":1574,\"publisher\":{\"@id\":\"https:\\\/\\\/jumeaux91.fr\\\/blog\\\/#organization\"},\"image\":{\"@id\":\"https:\\\/\\\/jumeaux91.fr\\\/blog\\\/john-malkovich-ben-stiller-quand-hollywood-se-payait-les-freres-menendez\\\/#primaryimage\"},\"thumbnailUrl\":\"https:\\\/\\\/jumeaux91.fr\\\/blog\\\/wp-content\\\/uploads\\\/2024\\\/10\\\/john-malkovich-ben-stiller-quand-hollywood-se-payait-les-freres-menendez.png\",\"articleSection\":[\"Posts Fr\u00e8res Jumeaux De L'Essonnes:\"],\"inLanguage\":\"fr-FR\"},{\"@type\":\"WebPage\",\"@id\":\"https:\\\/\\\/jumeaux91.fr\\\/blog\\\/john-malkovich-ben-stiller-quand-hollywood-se-payait-les-freres-menendez\\\/\",\"url\":\"https:\\\/\\\/jumeaux91.fr\\\/blog\\\/john-malkovich-ben-stiller-quand-hollywood-se-payait-les-freres-menendez\\\/\",\"name\":\"John Malkovich, Ben Stiller... Quand Hollywood se payait les fr\u00e8res Menendez - JUMEAUX91\",\"isPartOf\":{\"@id\":\"https:\\\/\\\/jumeaux91.fr\\\/blog\\\/#website\"},\"primaryImageOfPage\":{\"@id\":\"https:\\\/\\\/jumeaux91.fr\\\/blog\\\/john-malkovich-ben-stiller-quand-hollywood-se-payait-les-freres-menendez\\\/#primaryimage\"},\"image\":{\"@id\":\"https:\\\/\\\/jumeaux91.fr\\\/blog\\\/john-malkovich-ben-stiller-quand-hollywood-se-payait-les-freres-menendez\\\/#primaryimage\"},\"thumbnailUrl\":\"https:\\\/\\\/jumeaux91.fr\\\/blog\\\/wp-content\\\/uploads\\\/2024\\\/10\\\/john-malkovich-ben-stiller-quand-hollywood-se-payait-les-freres-menendez.png\",\"datePublished\":\"2024-10-01T01:04:00+00:00\",\"breadcrumb\":{\"@id\":\"https:\\\/\\\/jumeaux91.fr\\\/blog\\\/john-malkovich-ben-stiller-quand-hollywood-se-payait-les-freres-menendez\\\/#breadcrumb\"},\"inLanguage\":\"fr-FR\",\"potentialAction\":[{\"@type\":\"ReadAction\",\"target\":[\"https:\\\/\\\/jumeaux91.fr\\\/blog\\\/john-malkovich-ben-stiller-quand-hollywood-se-payait-les-freres-menendez\\\/\"]}]},{\"@type\":\"ImageObject\",\"inLanguage\":\"fr-FR\",\"@id\":\"https:\\\/\\\/jumeaux91.fr\\\/blog\\\/john-malkovich-ben-stiller-quand-hollywood-se-payait-les-freres-menendez\\\/#primaryimage\",\"url\":\"https:\\\/\\\/jumeaux91.fr\\\/blog\\\/wp-content\\\/uploads\\\/2024\\\/10\\\/john-malkovich-ben-stiller-quand-hollywood-se-payait-les-freres-menendez.png\",\"contentUrl\":\"https:\\\/\\\/jumeaux91.fr\\\/blog\\\/wp-content\\\/uploads\\\/2024\\\/10\\\/john-malkovich-ben-stiller-quand-hollywood-se-payait-les-freres-menendez.png\",\"width\":810,\"height\":453,\"caption\":\"John Malkovich, Ben Stiller..\"},{\"@type\":\"BreadcrumbList\",\"@id\":\"https:\\\/\\\/jumeaux91.fr\\\/blog\\\/john-malkovich-ben-stiller-quand-hollywood-se-payait-les-freres-menendez\\\/#breadcrumb\",\"itemListElement\":[{\"@type\":\"ListItem\",\"position\":1,\"name\":\"Accueil\",\"item\":\"https:\\\/\\\/jumeaux91.fr\\\/blog\\\/\"},{\"@type\":\"ListItem\",\"position\":2,\"name\":\"John Malkovich, Ben Stiller&#8230; Quand Hollywood se payait les fr\u00e8res Menendez\"}]},{\"@type\":\"WebSite\",\"@id\":\"https:\\\/\\\/jumeaux91.fr\\\/blog\\\/#website\",\"url\":\"https:\\\/\\\/jumeaux91.fr\\\/blog\\\/\",\"name\":\"JUMEAUX91\",\"description\":\"Fr\u00e8res jumeaux de l&#039;Essonnes; informations et archives, \u00e0 savoir et retenir.\",\"publisher\":{\"@id\":\"https:\\\/\\\/jumeaux91.fr\\\/blog\\\/#organization\"},\"potentialAction\":[{\"@type\":\"SearchAction\",\"target\":{\"@type\":\"EntryPoint\",\"urlTemplate\":\"https:\\\/\\\/jumeaux91.fr\\\/blog\\\/?s={search_term_string}\"},\"query-input\":{\"@type\":\"PropertyValueSpecification\",\"valueRequired\":true,\"valueName\":\"search_term_string\"}}],\"inLanguage\":\"fr-FR\"},{\"@type\":\"Organization\",\"@id\":\"https:\\\/\\\/jumeaux91.fr\\\/blog\\\/#organization\",\"name\":\"jumeaux91\",\"url\":\"https:\\\/\\\/jumeaux91.fr\\\/blog\\\/\",\"logo\":{\"@type\":\"ImageObject\",\"inLanguage\":\"fr-FR\",\"@id\":\"https:\\\/\\\/jumeaux91.fr\\\/blog\\\/#\\\/schema\\\/logo\\\/image\\\/\",\"url\":\"https:\\\/\\\/jumeaux91.fr\\\/blog\\\/wp-content\\\/uploads\\\/2023\\\/05\\\/cropped-cropped-logoJ_91.png\",\"contentUrl\":\"https:\\\/\\\/jumeaux91.fr\\\/blog\\\/wp-content\\\/uploads\\\/2023\\\/05\\\/cropped-cropped-logoJ_91.png\",\"width\":512,\"height\":512,\"caption\":\"jumeaux91\"},\"image\":{\"@id\":\"https:\\\/\\\/jumeaux91.fr\\\/blog\\\/#\\\/schema\\\/logo\\\/image\\\/\"}},{\"@type\":\"Person\",\"@id\":\"https:\\\/\\\/jumeaux91.fr\\\/blog\\\/#\\\/schema\\\/person\\\/21da06e9f119b9f64e5d45dbbd32d3fb\",\"name\":\"Claude DAYRES\",\"image\":{\"@type\":\"ImageObject\",\"inLanguage\":\"fr-FR\",\"@id\":\"https:\\\/\\\/secure.gravatar.com\\\/avatar\\\/82eb951df6110a2c48d1bfa7a67d1ee6f0cd5df3cbf9c3586dd61e82db7172a5?s=96&d=mm&r=g\",\"url\":\"https:\\\/\\\/secure.gravatar.com\\\/avatar\\\/82eb951df6110a2c48d1bfa7a67d1ee6f0cd5df3cbf9c3586dd61e82db7172a5?s=96&d=mm&r=g\",\"contentUrl\":\"https:\\\/\\\/secure.gravatar.com\\\/avatar\\\/82eb951df6110a2c48d1bfa7a67d1ee6f0cd5df3cbf9c3586dd61e82db7172a5?s=96&d=mm&r=g\",\"caption\":\"Claude DAYRES\"},\"url\":\"https:\\\/\\\/jumeaux91.fr\\\/blog\\\/author\\\/x91claude\\\/\"}]}<\/script>\n<!-- \/ Yoast SEO plugin. -->","yoast_head_json":{"title":"John Malkovich, Ben Stiller... Quand Hollywood se payait les fr\u00e8res Menendez - JUMEAUX91","robots":{"index":"index","follow":"follow","max-snippet":"max-snippet:-1","max-image-preview":"max-image-preview:large","max-video-preview":"max-video-preview:-1"},"canonical":"https:\/\/jumeaux91.fr\/blog\/john-malkovich-ben-stiller-quand-hollywood-se-payait-les-freres-menendez\/","og_locale":"fr_FR","og_type":"article","og_title":"John Malkovich, Ben Stiller... Quand Hollywood se payait les fr\u00e8res Menendez - JUMEAUX91","og_description":"Avant la s\u00e9rie de Ryan Murphy, Lyle et Erik Menendez ont d\u00e9j\u00e0 inspir\u00e9 des films, s\u00e9ries ou sketchs \u00e0 Hollywood. Qu&rsquo;on appr\u00e9cie ou non les s\u00e9ries \u00ab\u00a0true crimes\u00a0\u00bb de Ryan Murphy (et Ian&nbsp;Brennan), on ne peut pas retirer au cr\u00e9ateur d&rsquo;American Crime Story son ambition de proposer au public de revenir sur de sordides faits&hellip; Poursuivre la lecture John Malkovich, Ben Stiller&#8230; Quand Hollywood se payait les fr\u00e8res Menendez","og_url":"https:\/\/jumeaux91.fr\/blog\/john-malkovich-ben-stiller-quand-hollywood-se-payait-les-freres-menendez\/","og_site_name":"JUMEAUX91","article_published_time":"2024-10-01T01:04:00+00:00","og_image":[{"url":"https:\/\/jumeaux91.fr\/blog\/wp-content\/uploads\/2024\/10\/john-malkovich-ben-stiller-quand-hollywood-se-payait-les-freres-menendez.png","type":"","width":"","height":""}],"author":"Claude DAYRES","twitter_card":"summary_large_image","twitter_misc":{"\u00c9crit par":"Claude DAYRES","Dur\u00e9e de lecture estim\u00e9e":"8 minutes"},"schema":{"@context":"https:\/\/schema.org","@graph":[{"@type":"Article","@id":"https:\/\/jumeaux91.fr\/blog\/john-malkovich-ben-stiller-quand-hollywood-se-payait-les-freres-menendez\/#article","isPartOf":{"@id":"https:\/\/jumeaux91.fr\/blog\/john-malkovich-ben-stiller-quand-hollywood-se-payait-les-freres-menendez\/"},"author":{"name":"Claude DAYRES","@id":"https:\/\/jumeaux91.fr\/blog\/#\/schema\/person\/21da06e9f119b9f64e5d45dbbd32d3fb"},"headline":"John Malkovich, Ben Stiller&#8230; Quand Hollywood se payait les fr\u00e8res Menendez","datePublished":"2024-10-01T01:04:00+00:00","mainEntityOfPage":{"@id":"https:\/\/jumeaux91.fr\/blog\/john-malkovich-ben-stiller-quand-hollywood-se-payait-les-freres-menendez\/"},"wordCount":1574,"publisher":{"@id":"https:\/\/jumeaux91.fr\/blog\/#organization"},"image":{"@id":"https:\/\/jumeaux91.fr\/blog\/john-malkovich-ben-stiller-quand-hollywood-se-payait-les-freres-menendez\/#primaryimage"},"thumbnailUrl":"https:\/\/jumeaux91.fr\/blog\/wp-content\/uploads\/2024\/10\/john-malkovich-ben-stiller-quand-hollywood-se-payait-les-freres-menendez.png","articleSection":["Posts Fr\u00e8res Jumeaux De L'Essonnes:"],"inLanguage":"fr-FR"},{"@type":"WebPage","@id":"https:\/\/jumeaux91.fr\/blog\/john-malkovich-ben-stiller-quand-hollywood-se-payait-les-freres-menendez\/","url":"https:\/\/jumeaux91.fr\/blog\/john-malkovich-ben-stiller-quand-hollywood-se-payait-les-freres-menendez\/","name":"John Malkovich, Ben Stiller... Quand Hollywood se payait les fr\u00e8res Menendez - JUMEAUX91","isPartOf":{"@id":"https:\/\/jumeaux91.fr\/blog\/#website"},"primaryImageOfPage":{"@id":"https:\/\/jumeaux91.fr\/blog\/john-malkovich-ben-stiller-quand-hollywood-se-payait-les-freres-menendez\/#primaryimage"},"image":{"@id":"https:\/\/jumeaux91.fr\/blog\/john-malkovich-ben-stiller-quand-hollywood-se-payait-les-freres-menendez\/#primaryimage"},"thumbnailUrl":"https:\/\/jumeaux91.fr\/blog\/wp-content\/uploads\/2024\/10\/john-malkovich-ben-stiller-quand-hollywood-se-payait-les-freres-menendez.png","datePublished":"2024-10-01T01:04:00+00:00","breadcrumb":{"@id":"https:\/\/jumeaux91.fr\/blog\/john-malkovich-ben-stiller-quand-hollywood-se-payait-les-freres-menendez\/#breadcrumb"},"inLanguage":"fr-FR","potentialAction":[{"@type":"ReadAction","target":["https:\/\/jumeaux91.fr\/blog\/john-malkovich-ben-stiller-quand-hollywood-se-payait-les-freres-menendez\/"]}]},{"@type":"ImageObject","inLanguage":"fr-FR","@id":"https:\/\/jumeaux91.fr\/blog\/john-malkovich-ben-stiller-quand-hollywood-se-payait-les-freres-menendez\/#primaryimage","url":"https:\/\/jumeaux91.fr\/blog\/wp-content\/uploads\/2024\/10\/john-malkovich-ben-stiller-quand-hollywood-se-payait-les-freres-menendez.png","contentUrl":"https:\/\/jumeaux91.fr\/blog\/wp-content\/uploads\/2024\/10\/john-malkovich-ben-stiller-quand-hollywood-se-payait-les-freres-menendez.png","width":810,"height":453,"caption":"John Malkovich, Ben Stiller.."},{"@type":"BreadcrumbList","@id":"https:\/\/jumeaux91.fr\/blog\/john-malkovich-ben-stiller-quand-hollywood-se-payait-les-freres-menendez\/#breadcrumb","itemListElement":[{"@type":"ListItem","position":1,"name":"Accueil","item":"https:\/\/jumeaux91.fr\/blog\/"},{"@type":"ListItem","position":2,"name":"John Malkovich, Ben Stiller&#8230; Quand Hollywood se payait les fr\u00e8res Menendez"}]},{"@type":"WebSite","@id":"https:\/\/jumeaux91.fr\/blog\/#website","url":"https:\/\/jumeaux91.fr\/blog\/","name":"JUMEAUX91","description":"Fr\u00e8res jumeaux de l&#039;Essonnes; informations et archives, \u00e0 savoir et retenir.","publisher":{"@id":"https:\/\/jumeaux91.fr\/blog\/#organization"},"potentialAction":[{"@type":"SearchAction","target":{"@type":"EntryPoint","urlTemplate":"https:\/\/jumeaux91.fr\/blog\/?s={search_term_string}"},"query-input":{"@type":"PropertyValueSpecification","valueRequired":true,"valueName":"search_term_string"}}],"inLanguage":"fr-FR"},{"@type":"Organization","@id":"https:\/\/jumeaux91.fr\/blog\/#organization","name":"jumeaux91","url":"https:\/\/jumeaux91.fr\/blog\/","logo":{"@type":"ImageObject","inLanguage":"fr-FR","@id":"https:\/\/jumeaux91.fr\/blog\/#\/schema\/logo\/image\/","url":"https:\/\/jumeaux91.fr\/blog\/wp-content\/uploads\/2023\/05\/cropped-cropped-logoJ_91.png","contentUrl":"https:\/\/jumeaux91.fr\/blog\/wp-content\/uploads\/2023\/05\/cropped-cropped-logoJ_91.png","width":512,"height":512,"caption":"jumeaux91"},"image":{"@id":"https:\/\/jumeaux91.fr\/blog\/#\/schema\/logo\/image\/"}},{"@type":"Person","@id":"https:\/\/jumeaux91.fr\/blog\/#\/schema\/person\/21da06e9f119b9f64e5d45dbbd32d3fb","name":"Claude DAYRES","image":{"@type":"ImageObject","inLanguage":"fr-FR","@id":"https:\/\/secure.gravatar.com\/avatar\/82eb951df6110a2c48d1bfa7a67d1ee6f0cd5df3cbf9c3586dd61e82db7172a5?s=96&d=mm&r=g","url":"https:\/\/secure.gravatar.com\/avatar\/82eb951df6110a2c48d1bfa7a67d1ee6f0cd5df3cbf9c3586dd61e82db7172a5?s=96&d=mm&r=g","contentUrl":"https:\/\/secure.gravatar.com\/avatar\/82eb951df6110a2c48d1bfa7a67d1ee6f0cd5df3cbf9c3586dd61e82db7172a5?s=96&d=mm&r=g","caption":"Claude DAYRES"},"url":"https:\/\/jumeaux91.fr\/blog\/author\/x91claude\/"}]}},"_links":{"self":[{"href":"https:\/\/jumeaux91.fr\/blog\/wp-json\/wp\/v2\/posts\/788","targetHints":{"allow":["GET"]}}],"collection":[{"href":"https:\/\/jumeaux91.fr\/blog\/wp-json\/wp\/v2\/posts"}],"about":[{"href":"https:\/\/jumeaux91.fr\/blog\/wp-json\/wp\/v2\/types\/post"}],"author":[{"embeddable":true,"href":"https:\/\/jumeaux91.fr\/blog\/wp-json\/wp\/v2\/users\/2"}],"replies":[{"embeddable":true,"href":"https:\/\/jumeaux91.fr\/blog\/wp-json\/wp\/v2\/comments?post=788"}],"version-history":[{"count":0,"href":"https:\/\/jumeaux91.fr\/blog\/wp-json\/wp\/v2\/posts\/788\/revisions"}],"wp:featuredmedia":[{"embeddable":true,"href":"https:\/\/jumeaux91.fr\/blog\/wp-json\/wp\/v2\/media\/789"}],"wp:attachment":[{"href":"https:\/\/jumeaux91.fr\/blog\/wp-json\/wp\/v2\/media?parent=788"}],"wp:term":[{"taxonomy":"category","embeddable":true,"href":"https:\/\/jumeaux91.fr\/blog\/wp-json\/wp\/v2\/categories?post=788"},{"taxonomy":"post_tag","embeddable":true,"href":"https:\/\/jumeaux91.fr\/blog\/wp-json\/wp\/v2\/tags?post=788"}],"curies":[{"name":"wp","href":"https:\/\/api.w.org\/{rel}","templated":true}]}}