{"id":793,"date":"2024-10-05T20:19:00","date_gmt":"2024-10-05T18:19:00","guid":{"rendered":"https:\/\/jumeaux91.fr\/blog\/qui-est-la-mere-de-victor-kouchner\/"},"modified":"2024-10-05T20:19:00","modified_gmt":"2024-10-05T18:19:00","slug":"qui-est-la-mere-de-victor-kouchner","status":"publish","type":"post","link":"https:\/\/jumeaux91.fr\/blog\/qui-est-la-mere-de-victor-kouchner\/","title":{"rendered":"Qui est la m\u00e8re de Victor Kouchner"},"content":{"rendered":"<div><img decoding=\"async\" src=\"https:\/\/jumeaux91.fr\/blog\/wp-content\/uploads\/2024\/10\/qui-est-la-mere-de-victor-kouchner.jpg\" class=\"ff-og-image-inserted\"><\/div>\n<p>Evelyne Pisier, la m\u00e8re de Camille et Victor Kouchner, \u00e9crivaine et politologue, mari\u00e9e une premi\u00e8re fois avec Bernard Kouchner avec qui elle a eu trois enfants, est souvent cit\u00e9e pour ses contributions \u00e0 la culture fran\u00e7aise. Cependant, son h\u00e9ritage est assombri par les r\u00e9v\u00e9lations de sa fille, Camille Kouchner, qui a d\u00e9nonc\u00e9 des abus au sein de leur famille dans son livre <strong>La Familia Grande <\/strong>en 2021. Camille Kouchner y raconte comment son ancien beau-p\u00e8re, Olivier Duhamel, aurait commis des <strong>actes d&rsquo;inceste sur Victor, son fr\u00e8re jumeau,<\/strong> ce qui a profond\u00e9ment \u00e9branl\u00e9 leurs relations familiales. Bien que reconnue pour son parcours professionnel, <strong>Evelyne Pisier<\/strong> a \u00e9t\u00e9 au c\u0153ur d&rsquo;une tourmente personnelle. Ses choix et r\u00e9actions face aux accusations port\u00e9es contre son ancien \u00e9poux, Olivier Duhamel, soul\u00e8vent de nombreuses questions sur <strong>son r\u00f4le en tant que m\u00e8re<\/strong> et protectrice.<\/p>\n<h2>Evelyne Pisier, une m\u00e8re dans le d\u00e9ni face \u00e0 la v\u00e9rit\u00e9<\/h2>\n<p><strong>Evelyne Pisier, d\u00e9c\u00e9d\u00e9e en 2017<\/strong>, \u00e9tait bien plus qu&rsquo;une m\u00e8re pour Victor Kouchner ; elle \u00e9tait aussi une <strong>figure influente<\/strong> dans le monde des id\u00e9es politiques. Dans La Familia Grande, Camille Kouchner affirme que sa m\u00e8re \u00e9tait au courant des abus subis par son fr\u00e8re mais s&rsquo;est enferm\u00e9e dans le d\u00e9ni et le silence. Une r\u00e9action qui a profond\u00e9ment affect\u00e9 Camille Kouchner, qui a d\u00e9clar\u00e9 dans <em>L&rsquo;Obs<\/em> : <em>\u00ab\u00a0J&rsquo;ai \u00e9t\u00e9 surprise par la violence de ma m\u00e8re, de son d\u00e9ni.\u00a0\u00bb<\/em> La r\u00e9action d&rsquo;<strong>Evelyne Pisier<\/strong> face \u00e0 la r\u00e9v\u00e9lation (&#8230;)<\/p>\n<p><a href=\"https:\/\/www.closermag.fr\/people\/qui-est-la-mere-de-victor-kouchner-3478201\" rel=\"nofollow noopener\" target=\"_blank\" data-ylk=\"slk:Lire la suite sur Closer;elm:context_link;itc:0;sec:content-canvas\" class=\"link \">Lire la suite sur Closer<\/a><\/p>\n<p><a href=\"https:\/\/www.closermag.fr\/people\/thomas-dutronc-la-question-de-trop-sur-francoise-hardy-cest-michel-drucker-qui-la-pose-et-ca-passe-moyen-3482682\" rel=\"nofollow noopener\" target=\"_blank\" data-ylk=\"slk:Thomas Dutronc : la question de trop sur Fran\u00e7oise Hardy ? C\u2019est Michel Drucker qui la pose et \u00e7a passe moyen;elm:context_link;itc:0;sec:content-canvas\" class=\"link \">Thomas Dutronc : la question de trop sur Fran\u00e7oise Hardy ? C\u2019est Michel Drucker qui la pose et \u00e7a passe moyen<\/a><br \/><a href=\"https:\/\/www.closermag.fr\/people\/mort-de-michel-blanc-le-geste-fort-de-michel-drucker-combine-a-un-troublant-hasard-dans-vivement-dimanche-3482675\" rel=\"nofollow noopener\" target=\"_blank\" data-ylk=\"slk:Mort de Michel Blanc : le geste fort de Michel Drucker combin\u00e9 \u00e0 un troublant hasard dans Vivement Dimanche;elm:context_link;itc:0;sec:content-canvas\" class=\"link \">Mort de Michel Blanc : le geste fort de Michel Drucker combin\u00e9 \u00e0 un troublant hasard dans Vivement Dimanche<\/a><br \/><a href=\"https:\/\/www.closermag.fr\/people\/qui-est-le-pere-du-fils-de-helena-noguerra-3477707\" rel=\"nofollow noopener\" target=\"_blank\" data-ylk=\"slk:Qui est le p\u00e8re du fils de Helena Noguerra ?;elm:context_link;itc:0;sec:content-canvas\" class=\"link \">Qui est le p\u00e8re du fils de Helena Noguerra ?<\/a><br \/><a href=\"https:\/\/www.closermag.fr\/vecu\/temoignage-jai-rencontre-mon-ame-soeur-a-18-ans-ca-mest-egal-sil-a-plus-du-double-de-mon-age-3482426\" rel=\"nofollow noopener\" target=\"_blank\" data-ylk=\"slk:T\u00c9MOIGNAGE. &quot;J\u2019ai rencontr\u00e9 mon \u00e2me soeur \u00e0 18 ans, \u00e7a m\u2019est \u00e9gal s\u2019il a plus du double de mon \u00e2ge&quot;;elm:context_link;itc:0;sec:content-canvas\" class=\"link \">T\u00c9MOIGNAGE. \u00ab\u00a0J\u2019ai rencontr\u00e9 mon \u00e2me soeur \u00e0 18 ans, \u00e7a m\u2019est \u00e9gal s\u2019il a plus du double de mon \u00e2ge\u00a0\u00bb<\/a><br \/><a href=\"https:\/\/www.closermag.fr\/vecu\/temoignage-mes-parents-sont-horrifies-par-notre-difference-dage-3482676\" rel=\"nofollow noopener\" target=\"_blank\" data-ylk=\"slk:T\u00e9moignage. \u00ab Mes parents sont horrifi\u00e9s par notre diff\u00e9rence d\u2019\u00e2ge \u00bb;elm:context_link;itc:0;sec:content-canvas\" class=\"link \">T\u00e9moignage. \u00ab Mes parents sont horrifi\u00e9s par notre diff\u00e9rence d\u2019\u00e2ge \u00bb<\/a><\/p>\n<p>La chronique se veut g\u00e9n\u00e9r\u00e9e de la fa\u00e7on la plus claire que possible. Dans le cas o\u00f9 vous souhaitez pr\u00e9senter des renseignements compl\u00e9mentaires \u00e0 cet article sur le sujet \u00ab\u00a0Fr\u00e8res jumeaux de l&rsquo;Essonnes\u00a0\u00bb il vous est possible d\u2019\u00e9crire aux contacts indiqu\u00e9s sur notre website. La raison d\u2019\u00eatre de jumeaux91.fr \u00e9tant de rassembler sur le web des posts sur le sujet de Fr\u00e8res jumeaux de l&rsquo;Essonnes puis les diffuser en r\u00e9pondant au mieux aux interrogations des gens. Vous pouvez tirer profit de cet article traitant le sujet \u00ab\u00a0Fr\u00e8res jumeaux de l&rsquo;Essonnes\u00a0\u00bb. Il est concoct\u00e9 par l\u2019\u00e9quipe jumeaux91.fr. Prochainement, nous rendrons accessibles au public d&rsquo;autres informations pertinentes sur le sujet \u00ab\u00a0Fr\u00e8res jumeaux de l&rsquo;Essonnes\u00a0\u00bb. Alors, consultez syst\u00e9matiquement notre blog.<\/p>\n","protected":false},"excerpt":{"rendered":"<p>Evelyne Pisier, la m\u00e8re de Camille et Victor Kouchner, \u00e9crivaine et politologue, mari\u00e9e une premi\u00e8re fois avec Bernard Kouchner avec qui elle a eu trois enfants, est souvent cit\u00e9e pour ses contributions \u00e0 la culture fran\u00e7aise. Cependant, son h\u00e9ritage est assombri par les r\u00e9v\u00e9lations de sa fille, Camille Kouchner, qui a d\u00e9nonc\u00e9 des abus au&hellip; <a class=\"more-link\" href=\"https:\/\/jumeaux91.fr\/blog\/qui-est-la-mere-de-victor-kouchner\/\">Poursuivre la lecture <span class=\"screen-reader-text\">Qui est la m\u00e8re de Victor Kouchner<\/span><\/a><\/p>\n","protected":false},"author":2,"featured_media":794,"comment_status":"closed","ping_status":"closed","sticky":false,"template":"","format":"standard","meta":{"footnotes":""},"categories":[4],"tags":[],"class_list":["post-793","post","type-post","status-publish","format-standard","has-post-thumbnail","hentry","category-posts-freres-jumeaux-de-lessonnes","entry"],"yoast_head":"<!-- This site is optimized with the Yoast SEO plugin v27.5 - https:\/\/yoast.com\/product\/yoast-seo-wordpress\/ -->\n<title>Qui est la m\u00e8re de Victor Kouchner - JUMEAUX91<\/title>\n<meta name=\"robots\" content=\"index, follow, max-snippet:-1, max-image-preview:large, max-video-preview:-1\" \/>\n<link rel=\"canonical\" href=\"https:\/\/jumeaux91.fr\/blog\/qui-est-la-mere-de-victor-kouchner\/\" \/>\n<meta property=\"og:locale\" content=\"fr_FR\" \/>\n<meta property=\"og:type\" content=\"article\" \/>\n<meta property=\"og:title\" content=\"Qui est la m\u00e8re de Victor Kouchner - JUMEAUX91\" \/>\n<meta property=\"og:description\" content=\"Evelyne Pisier, la m\u00e8re de Camille et Victor Kouchner, \u00e9crivaine et politologue, mari\u00e9e une premi\u00e8re fois avec Bernard Kouchner avec qui elle a eu trois enfants, est souvent cit\u00e9e pour ses contributions \u00e0 la culture fran\u00e7aise. Cependant, son h\u00e9ritage est assombri par les r\u00e9v\u00e9lations de sa fille, Camille Kouchner, qui a d\u00e9nonc\u00e9 des abus au&hellip; Poursuivre la lecture Qui est la m\u00e8re de Victor Kouchner\" \/>\n<meta property=\"og:url\" content=\"https:\/\/jumeaux91.fr\/blog\/qui-est-la-mere-de-victor-kouchner\/\" \/>\n<meta property=\"og:site_name\" content=\"JUMEAUX91\" \/>\n<meta property=\"article:published_time\" content=\"2024-10-05T18:19:00+00:00\" \/>\n<meta property=\"og:image\" content=\"https:\/\/jumeaux91.fr\/blog\/wp-content\/uploads\/2024\/10\/qui-est-la-mere-de-victor-kouchner.jpg\" \/>\n<meta name=\"author\" content=\"Claude DAYRES\" \/>\n<meta name=\"twitter:card\" content=\"summary_large_image\" \/>\n<meta name=\"twitter:label1\" content=\"\u00c9crit par\" \/>\n\t<meta name=\"twitter:data1\" content=\"Claude DAYRES\" \/>\n\t<meta name=\"twitter:label2\" content=\"Dur\u00e9e de lecture estim\u00e9e\" \/>\n\t<meta name=\"twitter:data2\" content=\"2 minutes\" \/>\n<script type=\"application\/ld+json\" class=\"yoast-schema-graph\">{\"@context\":\"https:\\\/\\\/schema.org\",\"@graph\":[{\"@type\":\"Article\",\"@id\":\"https:\\\/\\\/jumeaux91.fr\\\/blog\\\/qui-est-la-mere-de-victor-kouchner\\\/#article\",\"isPartOf\":{\"@id\":\"https:\\\/\\\/jumeaux91.fr\\\/blog\\\/qui-est-la-mere-de-victor-kouchner\\\/\"},\"author\":{\"name\":\"Claude DAYRES\",\"@id\":\"https:\\\/\\\/jumeaux91.fr\\\/blog\\\/#\\\/schema\\\/person\\\/21da06e9f119b9f64e5d45dbbd32d3fb\"},\"headline\":\"Qui est la m\u00e8re de Victor Kouchner\",\"datePublished\":\"2024-10-05T18:19:00+00:00\",\"mainEntityOfPage\":{\"@id\":\"https:\\\/\\\/jumeaux91.fr\\\/blog\\\/qui-est-la-mere-de-victor-kouchner\\\/\"},\"wordCount\":510,\"publisher\":{\"@id\":\"https:\\\/\\\/jumeaux91.fr\\\/blog\\\/#organization\"},\"image\":{\"@id\":\"https:\\\/\\\/jumeaux91.fr\\\/blog\\\/qui-est-la-mere-de-victor-kouchner\\\/#primaryimage\"},\"thumbnailUrl\":\"https:\\\/\\\/jumeaux91.fr\\\/blog\\\/wp-content\\\/uploads\\\/2024\\\/10\\\/qui-est-la-mere-de-victor-kouchner.jpg\",\"articleSection\":[\"Posts Fr\u00e8res Jumeaux De L'Essonnes:\"],\"inLanguage\":\"fr-FR\"},{\"@type\":\"WebPage\",\"@id\":\"https:\\\/\\\/jumeaux91.fr\\\/blog\\\/qui-est-la-mere-de-victor-kouchner\\\/\",\"url\":\"https:\\\/\\\/jumeaux91.fr\\\/blog\\\/qui-est-la-mere-de-victor-kouchner\\\/\",\"name\":\"Qui est la m\u00e8re de Victor Kouchner - JUMEAUX91\",\"isPartOf\":{\"@id\":\"https:\\\/\\\/jumeaux91.fr\\\/blog\\\/#website\"},\"primaryImageOfPage\":{\"@id\":\"https:\\\/\\\/jumeaux91.fr\\\/blog\\\/qui-est-la-mere-de-victor-kouchner\\\/#primaryimage\"},\"image\":{\"@id\":\"https:\\\/\\\/jumeaux91.fr\\\/blog\\\/qui-est-la-mere-de-victor-kouchner\\\/#primaryimage\"},\"thumbnailUrl\":\"https:\\\/\\\/jumeaux91.fr\\\/blog\\\/wp-content\\\/uploads\\\/2024\\\/10\\\/qui-est-la-mere-de-victor-kouchner.jpg\",\"datePublished\":\"2024-10-05T18:19:00+00:00\",\"breadcrumb\":{\"@id\":\"https:\\\/\\\/jumeaux91.fr\\\/blog\\\/qui-est-la-mere-de-victor-kouchner\\\/#breadcrumb\"},\"inLanguage\":\"fr-FR\",\"potentialAction\":[{\"@type\":\"ReadAction\",\"target\":[\"https:\\\/\\\/jumeaux91.fr\\\/blog\\\/qui-est-la-mere-de-victor-kouchner\\\/\"]}]},{\"@type\":\"ImageObject\",\"inLanguage\":\"fr-FR\",\"@id\":\"https:\\\/\\\/jumeaux91.fr\\\/blog\\\/qui-est-la-mere-de-victor-kouchner\\\/#primaryimage\",\"url\":\"https:\\\/\\\/jumeaux91.fr\\\/blog\\\/wp-content\\\/uploads\\\/2024\\\/10\\\/qui-est-la-mere-de-victor-kouchner.jpg\",\"contentUrl\":\"https:\\\/\\\/jumeaux91.fr\\\/blog\\\/wp-content\\\/uploads\\\/2024\\\/10\\\/qui-est-la-mere-de-victor-kouchner.jpg\",\"width\":1200,\"height\":873,\"caption\":\"Qui est la m\u00e8re de Victor Kouchner\"},{\"@type\":\"BreadcrumbList\",\"@id\":\"https:\\\/\\\/jumeaux91.fr\\\/blog\\\/qui-est-la-mere-de-victor-kouchner\\\/#breadcrumb\",\"itemListElement\":[{\"@type\":\"ListItem\",\"position\":1,\"name\":\"Accueil\",\"item\":\"https:\\\/\\\/jumeaux91.fr\\\/blog\\\/\"},{\"@type\":\"ListItem\",\"position\":2,\"name\":\"Qui est la m\u00e8re de Victor Kouchner\"}]},{\"@type\":\"WebSite\",\"@id\":\"https:\\\/\\\/jumeaux91.fr\\\/blog\\\/#website\",\"url\":\"https:\\\/\\\/jumeaux91.fr\\\/blog\\\/\",\"name\":\"JUMEAUX91\",\"description\":\"Fr\u00e8res jumeaux de l&#039;Essonnes; informations et archives, \u00e0 savoir et retenir.\",\"publisher\":{\"@id\":\"https:\\\/\\\/jumeaux91.fr\\\/blog\\\/#organization\"},\"potentialAction\":[{\"@type\":\"SearchAction\",\"target\":{\"@type\":\"EntryPoint\",\"urlTemplate\":\"https:\\\/\\\/jumeaux91.fr\\\/blog\\\/?s={search_term_string}\"},\"query-input\":{\"@type\":\"PropertyValueSpecification\",\"valueRequired\":true,\"valueName\":\"search_term_string\"}}],\"inLanguage\":\"fr-FR\"},{\"@type\":\"Organization\",\"@id\":\"https:\\\/\\\/jumeaux91.fr\\\/blog\\\/#organization\",\"name\":\"jumeaux91\",\"url\":\"https:\\\/\\\/jumeaux91.fr\\\/blog\\\/\",\"logo\":{\"@type\":\"ImageObject\",\"inLanguage\":\"fr-FR\",\"@id\":\"https:\\\/\\\/jumeaux91.fr\\\/blog\\\/#\\\/schema\\\/logo\\\/image\\\/\",\"url\":\"https:\\\/\\\/jumeaux91.fr\\\/blog\\\/wp-content\\\/uploads\\\/2023\\\/05\\\/cropped-cropped-logoJ_91.png\",\"contentUrl\":\"https:\\\/\\\/jumeaux91.fr\\\/blog\\\/wp-content\\\/uploads\\\/2023\\\/05\\\/cropped-cropped-logoJ_91.png\",\"width\":512,\"height\":512,\"caption\":\"jumeaux91\"},\"image\":{\"@id\":\"https:\\\/\\\/jumeaux91.fr\\\/blog\\\/#\\\/schema\\\/logo\\\/image\\\/\"}},{\"@type\":\"Person\",\"@id\":\"https:\\\/\\\/jumeaux91.fr\\\/blog\\\/#\\\/schema\\\/person\\\/21da06e9f119b9f64e5d45dbbd32d3fb\",\"name\":\"Claude DAYRES\",\"image\":{\"@type\":\"ImageObject\",\"inLanguage\":\"fr-FR\",\"@id\":\"https:\\\/\\\/secure.gravatar.com\\\/avatar\\\/82eb951df6110a2c48d1bfa7a67d1ee6f0cd5df3cbf9c3586dd61e82db7172a5?s=96&d=mm&r=g\",\"url\":\"https:\\\/\\\/secure.gravatar.com\\\/avatar\\\/82eb951df6110a2c48d1bfa7a67d1ee6f0cd5df3cbf9c3586dd61e82db7172a5?s=96&d=mm&r=g\",\"contentUrl\":\"https:\\\/\\\/secure.gravatar.com\\\/avatar\\\/82eb951df6110a2c48d1bfa7a67d1ee6f0cd5df3cbf9c3586dd61e82db7172a5?s=96&d=mm&r=g\",\"caption\":\"Claude DAYRES\"},\"url\":\"https:\\\/\\\/jumeaux91.fr\\\/blog\\\/author\\\/x91claude\\\/\"}]}<\/script>\n<!-- \/ Yoast SEO plugin. -->","yoast_head_json":{"title":"Qui est la m\u00e8re de Victor Kouchner - JUMEAUX91","robots":{"index":"index","follow":"follow","max-snippet":"max-snippet:-1","max-image-preview":"max-image-preview:large","max-video-preview":"max-video-preview:-1"},"canonical":"https:\/\/jumeaux91.fr\/blog\/qui-est-la-mere-de-victor-kouchner\/","og_locale":"fr_FR","og_type":"article","og_title":"Qui est la m\u00e8re de Victor Kouchner - JUMEAUX91","og_description":"Evelyne Pisier, la m\u00e8re de Camille et Victor Kouchner, \u00e9crivaine et politologue, mari\u00e9e une premi\u00e8re fois avec Bernard Kouchner avec qui elle a eu trois enfants, est souvent cit\u00e9e pour ses contributions \u00e0 la culture fran\u00e7aise. Cependant, son h\u00e9ritage est assombri par les r\u00e9v\u00e9lations de sa fille, Camille Kouchner, qui a d\u00e9nonc\u00e9 des abus au&hellip; Poursuivre la lecture Qui est la m\u00e8re de Victor Kouchner","og_url":"https:\/\/jumeaux91.fr\/blog\/qui-est-la-mere-de-victor-kouchner\/","og_site_name":"JUMEAUX91","article_published_time":"2024-10-05T18:19:00+00:00","og_image":[{"url":"https:\/\/jumeaux91.fr\/blog\/wp-content\/uploads\/2024\/10\/qui-est-la-mere-de-victor-kouchner.jpg","type":"","width":"","height":""}],"author":"Claude DAYRES","twitter_card":"summary_large_image","twitter_misc":{"\u00c9crit par":"Claude DAYRES","Dur\u00e9e de lecture estim\u00e9e":"2 minutes"},"schema":{"@context":"https:\/\/schema.org","@graph":[{"@type":"Article","@id":"https:\/\/jumeaux91.fr\/blog\/qui-est-la-mere-de-victor-kouchner\/#article","isPartOf":{"@id":"https:\/\/jumeaux91.fr\/blog\/qui-est-la-mere-de-victor-kouchner\/"},"author":{"name":"Claude DAYRES","@id":"https:\/\/jumeaux91.fr\/blog\/#\/schema\/person\/21da06e9f119b9f64e5d45dbbd32d3fb"},"headline":"Qui est la m\u00e8re de Victor Kouchner","datePublished":"2024-10-05T18:19:00+00:00","mainEntityOfPage":{"@id":"https:\/\/jumeaux91.fr\/blog\/qui-est-la-mere-de-victor-kouchner\/"},"wordCount":510,"publisher":{"@id":"https:\/\/jumeaux91.fr\/blog\/#organization"},"image":{"@id":"https:\/\/jumeaux91.fr\/blog\/qui-est-la-mere-de-victor-kouchner\/#primaryimage"},"thumbnailUrl":"https:\/\/jumeaux91.fr\/blog\/wp-content\/uploads\/2024\/10\/qui-est-la-mere-de-victor-kouchner.jpg","articleSection":["Posts Fr\u00e8res Jumeaux De L'Essonnes:"],"inLanguage":"fr-FR"},{"@type":"WebPage","@id":"https:\/\/jumeaux91.fr\/blog\/qui-est-la-mere-de-victor-kouchner\/","url":"https:\/\/jumeaux91.fr\/blog\/qui-est-la-mere-de-victor-kouchner\/","name":"Qui est la m\u00e8re de Victor Kouchner - JUMEAUX91","isPartOf":{"@id":"https:\/\/jumeaux91.fr\/blog\/#website"},"primaryImageOfPage":{"@id":"https:\/\/jumeaux91.fr\/blog\/qui-est-la-mere-de-victor-kouchner\/#primaryimage"},"image":{"@id":"https:\/\/jumeaux91.fr\/blog\/qui-est-la-mere-de-victor-kouchner\/#primaryimage"},"thumbnailUrl":"https:\/\/jumeaux91.fr\/blog\/wp-content\/uploads\/2024\/10\/qui-est-la-mere-de-victor-kouchner.jpg","datePublished":"2024-10-05T18:19:00+00:00","breadcrumb":{"@id":"https:\/\/jumeaux91.fr\/blog\/qui-est-la-mere-de-victor-kouchner\/#breadcrumb"},"inLanguage":"fr-FR","potentialAction":[{"@type":"ReadAction","target":["https:\/\/jumeaux91.fr\/blog\/qui-est-la-mere-de-victor-kouchner\/"]}]},{"@type":"ImageObject","inLanguage":"fr-FR","@id":"https:\/\/jumeaux91.fr\/blog\/qui-est-la-mere-de-victor-kouchner\/#primaryimage","url":"https:\/\/jumeaux91.fr\/blog\/wp-content\/uploads\/2024\/10\/qui-est-la-mere-de-victor-kouchner.jpg","contentUrl":"https:\/\/jumeaux91.fr\/blog\/wp-content\/uploads\/2024\/10\/qui-est-la-mere-de-victor-kouchner.jpg","width":1200,"height":873,"caption":"Qui est la m\u00e8re de Victor Kouchner"},{"@type":"BreadcrumbList","@id":"https:\/\/jumeaux91.fr\/blog\/qui-est-la-mere-de-victor-kouchner\/#breadcrumb","itemListElement":[{"@type":"ListItem","position":1,"name":"Accueil","item":"https:\/\/jumeaux91.fr\/blog\/"},{"@type":"ListItem","position":2,"name":"Qui est la m\u00e8re de Victor Kouchner"}]},{"@type":"WebSite","@id":"https:\/\/jumeaux91.fr\/blog\/#website","url":"https:\/\/jumeaux91.fr\/blog\/","name":"JUMEAUX91","description":"Fr\u00e8res jumeaux de l&#039;Essonnes; informations et archives, \u00e0 savoir et retenir.","publisher":{"@id":"https:\/\/jumeaux91.fr\/blog\/#organization"},"potentialAction":[{"@type":"SearchAction","target":{"@type":"EntryPoint","urlTemplate":"https:\/\/jumeaux91.fr\/blog\/?s={search_term_string}"},"query-input":{"@type":"PropertyValueSpecification","valueRequired":true,"valueName":"search_term_string"}}],"inLanguage":"fr-FR"},{"@type":"Organization","@id":"https:\/\/jumeaux91.fr\/blog\/#organization","name":"jumeaux91","url":"https:\/\/jumeaux91.fr\/blog\/","logo":{"@type":"ImageObject","inLanguage":"fr-FR","@id":"https:\/\/jumeaux91.fr\/blog\/#\/schema\/logo\/image\/","url":"https:\/\/jumeaux91.fr\/blog\/wp-content\/uploads\/2023\/05\/cropped-cropped-logoJ_91.png","contentUrl":"https:\/\/jumeaux91.fr\/blog\/wp-content\/uploads\/2023\/05\/cropped-cropped-logoJ_91.png","width":512,"height":512,"caption":"jumeaux91"},"image":{"@id":"https:\/\/jumeaux91.fr\/blog\/#\/schema\/logo\/image\/"}},{"@type":"Person","@id":"https:\/\/jumeaux91.fr\/blog\/#\/schema\/person\/21da06e9f119b9f64e5d45dbbd32d3fb","name":"Claude DAYRES","image":{"@type":"ImageObject","inLanguage":"fr-FR","@id":"https:\/\/secure.gravatar.com\/avatar\/82eb951df6110a2c48d1bfa7a67d1ee6f0cd5df3cbf9c3586dd61e82db7172a5?s=96&d=mm&r=g","url":"https:\/\/secure.gravatar.com\/avatar\/82eb951df6110a2c48d1bfa7a67d1ee6f0cd5df3cbf9c3586dd61e82db7172a5?s=96&d=mm&r=g","contentUrl":"https:\/\/secure.gravatar.com\/avatar\/82eb951df6110a2c48d1bfa7a67d1ee6f0cd5df3cbf9c3586dd61e82db7172a5?s=96&d=mm&r=g","caption":"Claude DAYRES"},"url":"https:\/\/jumeaux91.fr\/blog\/author\/x91claude\/"}]}},"_links":{"self":[{"href":"https:\/\/jumeaux91.fr\/blog\/wp-json\/wp\/v2\/posts\/793","targetHints":{"allow":["GET"]}}],"collection":[{"href":"https:\/\/jumeaux91.fr\/blog\/wp-json\/wp\/v2\/posts"}],"about":[{"href":"https:\/\/jumeaux91.fr\/blog\/wp-json\/wp\/v2\/types\/post"}],"author":[{"embeddable":true,"href":"https:\/\/jumeaux91.fr\/blog\/wp-json\/wp\/v2\/users\/2"}],"replies":[{"embeddable":true,"href":"https:\/\/jumeaux91.fr\/blog\/wp-json\/wp\/v2\/comments?post=793"}],"version-history":[{"count":0,"href":"https:\/\/jumeaux91.fr\/blog\/wp-json\/wp\/v2\/posts\/793\/revisions"}],"wp:featuredmedia":[{"embeddable":true,"href":"https:\/\/jumeaux91.fr\/blog\/wp-json\/wp\/v2\/media\/794"}],"wp:attachment":[{"href":"https:\/\/jumeaux91.fr\/blog\/wp-json\/wp\/v2\/media?parent=793"}],"wp:term":[{"taxonomy":"category","embeddable":true,"href":"https:\/\/jumeaux91.fr\/blog\/wp-json\/wp\/v2\/categories?post=793"},{"taxonomy":"post_tag","embeddable":true,"href":"https:\/\/jumeaux91.fr\/blog\/wp-json\/wp\/v2\/tags?post=793"}],"curies":[{"name":"wp","href":"https:\/\/api.w.org\/{rel}","templated":true}]}}