{"id":795,"date":"2024-10-02T11:08:00","date_gmt":"2024-10-02T09:08:00","guid":{"rendered":"https:\/\/jumeaux91.fr\/blog\/affaire-leslie-et-kevin-victimes-suspects-qui-sont-les-personnages-cles-a-lheure-de-la-reconstitution\/"},"modified":"2024-10-02T11:08:00","modified_gmt":"2024-10-02T09:08:00","slug":"affaire-leslie-et-kevin-victimes-suspects-qui-sont-les-personnages-cles-a-lheure-de-la-reconstitution","status":"publish","type":"post","link":"https:\/\/jumeaux91.fr\/blog\/affaire-leslie-et-kevin-victimes-suspects-qui-sont-les-personnages-cles-a-lheure-de-la-reconstitution\/","title":{"rendered":"Affaire Leslie et Kevin : victimes, suspects\u2026 Qui sont les personnages-cl\u00e9s, \u00e0 l\u2019heure de la reconstitution"},"content":{"rendered":"<p><a href=\"https:\/\/www.sudouest.fr\/faits-divers\/affaire-leslie-et-kevin\/\" target=\"_blank\" rel=\"follow noopener nofollow\"><strong>&gt;&gt; Tous nos articles sur l\u2019affaire Leslie et Kevin<\/strong><\/a><\/p>\n<h2 class=\"article-subtitle\">LES VICTIMES<\/h2>\n<h2 class=\"article-subtitle\">Leslie Hoorelbeke, 22&nbsp;ans<\/h2>\n<figure class=\"medium\"> <img decoding=\"async\" id=\"21522206\" src=\"https:\/\/jumeaux91.fr\/blog\/wp-content\/uploads\/2024\/10\/affaire-leslie-et-kevin-victimes-suspects-qui-sont-les-personnages-cles-a-lheure-de-la-reconstitution.jpg\" alt=\"Leslie Hoorelbeke adorait les animaux. Elle avait adopt\u00e9 deux chiens, Onyx et Ba\u00efko, un crois\u00e9 beauceron qui est toujours chez son p\u00e8re.\"><figcaption class=\"caption\">    <span>Leslie Hoorelbeke adorait les animaux. Elle avait adopt\u00e9 deux chiens, Onyx et Ba\u00efko, un crois\u00e9 beauceron qui est toujours chez son p\u00e8re.<\/span> <\/p>\n<p>XAVIER LEOTY \/ SO<\/p>\n<\/figcaption><\/figure>\n<div class=\"related-article related-article-premium base-margin-bottom\"> <span class=\"badge\">Sur le m\u00eame sujet<\/span> <\/div>\n<p>Leslie Hoorelbeke est n\u00e9e en Charente-Maritime et a grandi \u00e0 Thair\u00e9 l\u00e0 o\u00f9 ses parents ont transform\u00e9 un ancien garage en belle demeure de caract\u00e8re en pierres de taille. Elle a un fr\u00e8re jumeau, un grand demi-fr\u00e8re et une grande demi-s\u0153ur, issus de premi\u00e8res unions du c\u00f4t\u00e9 de sa m\u00e8re. Alors qu\u2019elle a douze ans, sa maman d\u00e9c\u00e8de des suites d\u2019une maladie. Manuelle, elle d\u00e9croche un dipl\u00f4me dans le domaine de la peinture et du b\u00e2timent en 2020 apr\u00e8s des petits boulots dans la restauration \u00e0 La&nbsp;Rochelle. Le 1er&nbsp;juillet 2022, elle lance sa micro-entreprise, L\u2019H Peinture. <\/p>\n<div class=\"related-article related-article-premium base-margin-bottom\"> <span class=\"badge\">Sur le m\u00eame sujet<\/span> <\/div>\n<p>Entre ses chantiers en Charente-Maritime et dans les Deux-S\u00e8vres, Leslie Hoorelbeke r\u00e9nove un camion am\u00e9nag\u00e9 \u00e0 Thair\u00e9 pour finir par prendre son envol, aid\u00e9e par son p\u00e8re Patrick, artisan de son m\u00e9tier. La jeune femme souhaitait acheter un terrain dans les Deux-S\u00e8vres pour s\u2019y installer avec son chien Onyx et son nouvel amoureux Kevin Trompat avec qui elle \u00e9tait depuis un mois. Leslie est d\u00e9crite comme \u00ab&nbsp;adorable&nbsp;\u00bb, \u00ab&nbsp;p\u00e9tillante&nbsp;\u00bb, et \u00ab&nbsp;lumineuse&nbsp;\u00bb par ses proches. Ils n\u2019ont jamais cru \u00e0 une disparition volontaire.<\/p>\n<div class=\"related-article base-margin-bottom\"> <span class=\"badge\">Sur le m\u00eame sujet<\/span> <\/div>\n<h2 class=\"article-subtitle\">Kevin Trompat, 21&nbsp;ans<\/h2>\n<figure class=\"medium\"> <img decoding=\"async\" id=\"14392397\" src=\"https:\/\/jumeaux91.fr\/blog\/wp-content\/uploads\/2024\/10\/affaire-leslie-et-kevin-victimes-suspects-qui-sont-les-personnages-cles-a-lheure-de-la-reconstitution-1.jpg\" alt=\"Dans les rues de Niort, le 12&nbsp;mars, une marche blanche est organis\u00e9e par les proches de Kevin Trompat. Le visage du jeune homme est sur tous les t-shirts.\"><figcaption class=\"caption\">    <span>Dans les rues de Niort, le 12&nbsp;mars, une marche blanche est organis\u00e9e par les proches de Kevin Trompat. Le visage du jeune homme est sur tous les t-shirts.<\/span> <\/p>\n<p>Jean-Christophe Sounalet \/ SUD OUEST<\/p>\n<\/figcaption><\/figure>\n<p>Enfant des Deux-S\u00e8vres, Kevin Trompat a eu une enfance difficile bringuebal\u00e9 autour de Niort. Il s\u2019est essay\u00e9 \u00e0 la cuisine d\u2019abord, devant les fourneaux du restaurant Le Nulle part ailleurs, \u00e0 Prahecq o\u00f9 il a fait son apprentissage en 2018. Dans une vie ponctu\u00e9e de petits boulots et de rendez-vous chez P\u00f4le emploi, il pratiquait toujours la p\u00eache et la chasse dont il \u00e9tait f\u00e9ru, en compagnie de son p\u00e8re et de ses amis d\u2019enfance. Selon les divers t\u00e9moignages recueillis au cours de l\u2019enqu\u00eate, Kevin Trompat aurait tremp\u00e9 dans le trafic de stup\u00e9fiants, comme son p\u00e8re l\u2019a \u00e9t\u00e9 avant lui, condamn\u00e9 plusieurs fois pour ces faits. Il partage avec Leslie Hoorelbeke la passion des tatouages, les rave-party et les f\u00eates avec les copains.<\/p>\n<h2 class=\"article-subtitle\">Onyx, le chien de Leslie<\/h2>\n<figure class=\"medium\"> <img decoding=\"async\" id=\"13901778\" src=\"https:\/\/jumeaux91.fr\/blog\/wp-content\/uploads\/2024\/10\/affaire-leslie-et-kevin-victimes-suspects-qui-sont-les-personnages-cles-a-lheure-de-la-reconstitution-2.jpg\" alt=\"Onyx a disparu en m\u00eame temps que Leslie et Kevin. Il n\u2019a jamais \u00e9t\u00e9 retrouv\u00e9.\"><figcaption class=\"caption\">    <span>Onyx a disparu en m\u00eame temps que Leslie et Kevin. Il n\u2019a jamais \u00e9t\u00e9 retrouv\u00e9.<\/span> <\/p>\n<p>XAVIER LEOTY<\/p>\n<\/figcaption><\/figure>\n<p>Il est une des \u00e9nigmes de l\u2019affaire. Onyx, le chien de Leslie Hoorelbeke, crois\u00e9 staff, n\u2019a jamais \u00e9t\u00e9 retrouv\u00e9. Il a disparu en m\u00eame temps que sa ma\u00eetresse dans la nuit du 25 au 26&nbsp;novembre 2022. La jeune femme et l\u2019animal \u00e9taient ins\u00e9parables. Lors de la d\u00e9couverte des corps enterr\u00e9s en Charente-Maritime d\u00e9but mars 2023, la d\u00e9pouille d\u2019Onyx n\u2019avait pas \u00e9t\u00e9 retrouv\u00e9e \u00e0 proximit\u00e9. Selon ses premi\u00e8res auditions, Nathan Badji avait racont\u00e9 avoir \u00e9t\u00e9 charg\u00e9 par Tom Trouillet de se d\u00e9barrasser du chien en l\u2019empoisonnant, avant de lui ordonner de l\u2019abattre \u00e0 coups de fusil. Il n\u2019aurait pu s\u2019y r\u00e9soudre et l\u2019aurait rel\u00e2ch\u00e9 vivant en Dordogne. Depuis, les appels \u00e0 t\u00e9moins se multiplient sur les r\u00e9seaux sociaux pour retrouver Onyx.<\/p>\n<h2 class=\"article-subtitle\">LES SUSPECTS<\/h2>\n<h2 class=\"article-subtitle\">Tom Trouillet, 23&nbsp;ans<\/h2>\n<p>Tom Trouillet est, bien malgr\u00e9 lui, celui qui a fait le lien entre Kevin Trompat et Leslie Hoorelbeke. Il connait s\u00e9par\u00e9ment les deux futures victimes et les pr\u00e9sente dans sa maison de location de Prahecq dans laquelle son copain Kevin squatte depuis plusieurs mois. Fin octobre 2022, c\u2019est le coup de foudre entre les deux jeunes gens. Tom Trouillet, cuisiniste de m\u00e9tier, voit rouge. En secret, il esp\u00e9rait que Leslie entame une relation avec lui. Pouss\u00e9 par la jalousie, il serait l\u2019instigateur des assassinats. Il aurait \u00e9galement eu une dette envers Kevin dans le cadre du trafic de stup\u00e9fiants. <\/p>\n<figure class=\"medium\"> <img decoding=\"async\" id=\"13573008\" src=\"https:\/\/jumeaux91.fr\/blog\/wp-content\/uploads\/2024\/10\/affaire-leslie-et-kevin-victimes-suspects-qui-sont-les-personnages-cles-a-lheure-de-la-reconstitution-3.jpg\" alt=\"Le 5&nbsp;janvier 2023, Tom Trouillet r\u00e9pondait volontiers aux questions des m\u00e9dias \u00e0 Prahecq, lors d\u2019une battue. Son attitude avait attir\u00e9 l\u2019attention des enqu\u00eateurs.\"><figcaption class=\"caption\">    <span>Le 5&nbsp;janvier 2023, Tom Trouillet r\u00e9pondait volontiers aux questions des m\u00e9dias \u00e0 Prahecq, lors d\u2019une battue. Son attitude avait attir\u00e9 l\u2019attention des enqu\u00eateurs.<\/span> <\/p>\n<p>XAVIER LEOTY \/ SUD OUEST<\/p>\n<\/figcaption><\/figure>\n<p>Avec la belle-m\u00e8re de Kevin et d\u2019autres amis, il organise la battue de Prahecq le 5&nbsp;janvier 2023 pour retrouver \u00ab&nbsp;ses amis&nbsp;\u00bb, r\u00e9pondant volontiers aux m\u00e9dias pr\u00e9sents. C\u2019est chez lui, toujours \u00e0 Prahecq, que devaient dormir Kevin et Leslie apr\u00e8s leur soir\u00e9e chez un copain et que les assassinats auraient \u00e9t\u00e9 commis. Le 28&nbsp;f\u00e9vrier 2023, Tom Trouillet est interpell\u00e9 au domicile de son p\u00e8re, \u00e0 L\u2019Aiguillon-sur-Mer, en Vend\u00e9e. Il \u00e9tait mis en examen le 2&nbsp;mars pour enl\u00e8vement et s\u00e9questration non suivis d\u2019une lib\u00e9ration volontaire. Fin ao\u00fbt 2023, apr\u00e8s une confrontation entre les suspects, il a \u00e9t\u00e9 mis en examen de mani\u00e8re suppl\u00e9tive pour le double assassinat. Il est toujours en d\u00e9tention provisoire.<\/p>\n<h2 class=\"article-subtitle\">Nathan Badji, 23&nbsp;ans<\/h2>\n<p>Originaire et habitant de Puyravault en Charente-Maritime, il vit chez ses parents. Il donne un coup de main dans l\u2019entreprise de BTP de son p\u00e8re. Le jeune homme \u00e2g\u00e9 de 22&nbsp;ans est un ami de Tom Trouillet. Consommateur de drogues, il a d\u00e9j\u00e0 une mention \u00e0 son casier pour usage de stup\u00e9fiants datant de 2019. C\u2019est sur sa commune d\u2019habitation que les effets personnels de Kevin et Leslie ont \u00e9t\u00e9 retrouv\u00e9s dans une benne \u00e0 v\u00eatements le 8&nbsp;d\u00e9cembre 2022.&nbsp;Il sera le deuxi\u00e8me homme plac\u00e9 en garde \u00e0 vue le 1er&nbsp;mars 2023 apr\u00e8s Tom Trouillet. C\u2019est lui qui aurait propos\u00e9 d\u2019enterrer les corps pr\u00e8s de chez lui, dans un champ \u00e0 Puyravault et dans un bois \u00e0 Virson en Charente-Maritime. Il a \u00e9t\u00e9 mis en examen pour enl\u00e8vement et s\u00e9questration, assassinats et modification de sc\u00e8ne de crime et se trouve toujours en d\u00e9tention provisoire.<\/p>\n<h2 class=\"article-subtitle\">Enzo Challat, 24&nbsp;ans<\/h2>\n<p>Le suspect au physique d\u2019adolescent vivait encore chez sa m\u00e8re \u00e0 Surg\u00e8res quand il a \u00e9t\u00e9 interpell\u00e9 le 2&nbsp;mars 2023. Inconnu des services de police, il aurait \u00e9t\u00e9 \u00ab&nbsp;le chauffeur&nbsp;\u00bb lors de cette terrible nuit du 25 au 26&nbsp;novembre. Sa voiture aurait servi \u00e0 transporter les corps de Leslie Hoorelbeke et Kevin Trompat vers le Marais poitevin. Il a toujours ni\u00e9 avoir particip\u00e9 aux assassinats. Mis en examen pour assassinats, modification de sc\u00e8ne de crime et recel de cadavre, il avait d\u00e9pos\u00e9 une demande de remise en libert\u00e9 un an apr\u00e8s son placement en d\u00e9tention provisoire. Elle lui a \u00e9t\u00e9 accord\u00e9e par la chambre de l\u2019instruction de Poitiers le 5&nbsp;mars 2024, alors que le juge des libert\u00e9s et de la d\u00e9tention la lui avait refus\u00e9e quelques jours plus t\u00f4t.<\/p>\n<h2 class=\"article-subtitle\">Micka\u00ebl Zadi, 24&nbsp;ans<\/h2>\n<p>Ami de Nathan Badji, Micka\u00ebl Zadi vivait \u00e0 Angers avant de se faire interpeller \u00e0 son tour le 12&nbsp;avril 2023, en m\u00eame temps que Stevan Mathieu. Il a \u00e9t\u00e9 mis en cause par les premiers suspects plac\u00e9s en garde \u00e0 vue d\u00e9but mars. Selon eux, il \u00e9tait pr\u00e9sent au moment des assassinats, du m\u00e9nage de la maison de Tom Trouillet et lors de la dissimulation des corps. Mardi 9&nbsp;janvier 2024, la cour d\u2019appel de Poitiers a examin\u00e9 sa demande de faire annuler ses proc\u00e8s-verbaux de garde \u00e0 vue. Ses d\u00e9clarations auraient, selon son camp, \u00e9t\u00e9 mal retranscrites par les enqu\u00eateurs. Cela aurait pu aboutir \u00e0 sa remise en libert\u00e9. La cour d\u2019appel de Poitiers a finalement d\u00e9clar\u00e9 cette demande irrecevable mais a tout de m\u00eame fait annuler le troisi\u00e8me PV de garde \u00e0 vue. Les enqu\u00eateurs ne lui ont pas demand\u00e9 \u00e0 chaque nouvelle audition s\u2019il voulait \u00eatre assist\u00e9 d\u2019un avocat. Il s\u2019est d\u00e9sist\u00e9 de sa demande de remise en libert\u00e9 qui avait \u00e9t\u00e9 audienc\u00e9e devant la chambre de l\u2019instruction de Poitiers le 13&nbsp;ao\u00fbt 2024. Il est toujours en prison, mis en examen pour assassinats, enl\u00e8vement et s\u00e9questration, modification de sc\u00e8ne de crime et recel de cadavre.<\/p>\n<h2 class=\"article-subtitle\">Stevan Mathieu, 25&nbsp;ans<\/h2>\n<p> La chronique se veut g\u00e9n\u00e9r\u00e9e de la fa\u00e7on la plus claire que possible. Dans le cas o\u00f9 vous souhaitez pr\u00e9senter des renseignements compl\u00e9mentaires \u00e0 cet article sur le sujet \u00ab\u00a0Fr\u00e8res jumeaux de l&rsquo;Essonnes\u00a0\u00bb il vous est possible d\u2019\u00e9crire aux contacts indiqu\u00e9s sur notre website. La raison d\u2019\u00eatre de jumeaux91.fr \u00e9tant de rassembler sur le web des posts sur le sujet de Fr\u00e8res jumeaux de l&rsquo;Essonnes puis les diffuser en r\u00e9pondant au mieux aux interrogations des gens. Vous pouvez tirer profit de cet article traitant le sujet \u00ab\u00a0Fr\u00e8res jumeaux de l&rsquo;Essonnes\u00a0\u00bb. Il est concoct\u00e9 par l\u2019\u00e9quipe jumeaux91.fr. Prochainement, nous rendrons accessibles au public d&rsquo;autres informations pertinentes sur le sujet \u00ab\u00a0Fr\u00e8res jumeaux de l&rsquo;Essonnes\u00a0\u00bb. Alors, consultez syst\u00e9matiquement notre blog.<\/p>\n","protected":false},"excerpt":{"rendered":"<p>&gt;&gt; Tous nos articles sur l\u2019affaire Leslie et Kevin LES VICTIMES Leslie Hoorelbeke, 22&nbsp;ans Leslie Hoorelbeke adorait les animaux. Elle avait adopt\u00e9 deux chiens, Onyx et Ba\u00efko, un crois\u00e9 beauceron qui est toujours chez son p\u00e8re. XAVIER LEOTY \/ SO Sur le m\u00eame sujet Leslie Hoorelbeke est n\u00e9e en Charente-Maritime et a grandi \u00e0 Thair\u00e9&hellip; <a class=\"more-link\" href=\"https:\/\/jumeaux91.fr\/blog\/affaire-leslie-et-kevin-victimes-suspects-qui-sont-les-personnages-cles-a-lheure-de-la-reconstitution\/\">Poursuivre la lecture <span class=\"screen-reader-text\">Affaire Leslie et Kevin : victimes, suspects\u2026 Qui sont les personnages-cl\u00e9s, \u00e0 l\u2019heure de la reconstitution<\/span><\/a><\/p>\n","protected":false},"author":2,"featured_media":796,"comment_status":"closed","ping_status":"closed","sticky":false,"template":"","format":"standard","meta":{"footnotes":""},"categories":[4],"tags":[],"class_list":["post-795","post","type-post","status-publish","format-standard","has-post-thumbnail","hentry","category-posts-freres-jumeaux-de-lessonnes","entry"],"yoast_head":"<!-- This site is optimized with the Yoast SEO plugin v27.5 - https:\/\/yoast.com\/product\/yoast-seo-wordpress\/ -->\n<title>Affaire Leslie et Kevin : victimes, suspects\u2026 Qui sont les personnages-cl\u00e9s, \u00e0 l\u2019heure de la reconstitution - JUMEAUX91<\/title>\n<meta name=\"robots\" content=\"index, follow, max-snippet:-1, max-image-preview:large, max-video-preview:-1\" \/>\n<link rel=\"canonical\" href=\"https:\/\/jumeaux91.fr\/blog\/affaire-leslie-et-kevin-victimes-suspects-qui-sont-les-personnages-cles-a-lheure-de-la-reconstitution\/\" \/>\n<meta property=\"og:locale\" content=\"fr_FR\" \/>\n<meta property=\"og:type\" content=\"article\" \/>\n<meta property=\"og:title\" content=\"Affaire Leslie et Kevin : victimes, suspects\u2026 Qui sont les personnages-cl\u00e9s, \u00e0 l\u2019heure de la reconstitution - JUMEAUX91\" \/>\n<meta property=\"og:description\" content=\"&gt;&gt; Tous nos articles sur l\u2019affaire Leslie et Kevin LES VICTIMES Leslie Hoorelbeke, 22&nbsp;ans Leslie Hoorelbeke adorait les animaux. Elle avait adopt\u00e9 deux chiens, Onyx et Ba\u00efko, un crois\u00e9 beauceron qui est toujours chez son p\u00e8re. XAVIER LEOTY \/ SO Sur le m\u00eame sujet Leslie Hoorelbeke est n\u00e9e en Charente-Maritime et a grandi \u00e0 Thair\u00e9&hellip; Poursuivre la lecture Affaire Leslie et Kevin : victimes, suspects\u2026 Qui sont les personnages-cl\u00e9s, \u00e0 l\u2019heure de la reconstitution\" \/>\n<meta property=\"og:url\" content=\"https:\/\/jumeaux91.fr\/blog\/affaire-leslie-et-kevin-victimes-suspects-qui-sont-les-personnages-cles-a-lheure-de-la-reconstitution\/\" \/>\n<meta property=\"og:site_name\" content=\"JUMEAUX91\" \/>\n<meta property=\"article:published_time\" content=\"2024-10-02T09:08:00+00:00\" \/>\n<meta property=\"og:image\" content=\"https:\/\/jumeaux91.fr\/blog\/wp-content\/uploads\/2024\/10\/affaire-leslie-et-kevin-victimes-suspects-qui-sont-les-personnages-cles-a-lheure-de-la-reconstitution.jpg\" \/>\n<meta name=\"author\" content=\"Claude DAYRES\" \/>\n<meta name=\"twitter:card\" content=\"summary_large_image\" \/>\n<meta name=\"twitter:label1\" content=\"\u00c9crit par\" \/>\n\t<meta name=\"twitter:data1\" content=\"Claude DAYRES\" \/>\n\t<meta name=\"twitter:label2\" content=\"Dur\u00e9e de lecture estim\u00e9e\" \/>\n\t<meta name=\"twitter:data2\" content=\"8 minutes\" \/>\n<script type=\"application\/ld+json\" class=\"yoast-schema-graph\">{\"@context\":\"https:\\\/\\\/schema.org\",\"@graph\":[{\"@type\":\"Article\",\"@id\":\"https:\\\/\\\/jumeaux91.fr\\\/blog\\\/affaire-leslie-et-kevin-victimes-suspects-qui-sont-les-personnages-cles-a-lheure-de-la-reconstitution\\\/#article\",\"isPartOf\":{\"@id\":\"https:\\\/\\\/jumeaux91.fr\\\/blog\\\/affaire-leslie-et-kevin-victimes-suspects-qui-sont-les-personnages-cles-a-lheure-de-la-reconstitution\\\/\"},\"author\":{\"name\":\"Claude DAYRES\",\"@id\":\"https:\\\/\\\/jumeaux91.fr\\\/blog\\\/#\\\/schema\\\/person\\\/21da06e9f119b9f64e5d45dbbd32d3fb\"},\"headline\":\"Affaire Leslie et Kevin : victimes, suspects\u2026 Qui sont les personnages-cl\u00e9s, \u00e0 l\u2019heure de la reconstitution\",\"datePublished\":\"2024-10-02T09:08:00+00:00\",\"mainEntityOfPage\":{\"@id\":\"https:\\\/\\\/jumeaux91.fr\\\/blog\\\/affaire-leslie-et-kevin-victimes-suspects-qui-sont-les-personnages-cles-a-lheure-de-la-reconstitution\\\/\"},\"wordCount\":1568,\"publisher\":{\"@id\":\"https:\\\/\\\/jumeaux91.fr\\\/blog\\\/#organization\"},\"image\":{\"@id\":\"https:\\\/\\\/jumeaux91.fr\\\/blog\\\/affaire-leslie-et-kevin-victimes-suspects-qui-sont-les-personnages-cles-a-lheure-de-la-reconstitution\\\/#primaryimage\"},\"thumbnailUrl\":\"https:\\\/\\\/jumeaux91.fr\\\/blog\\\/wp-content\\\/uploads\\\/2024\\\/10\\\/affaire-leslie-et-kevin-victimes-suspects-qui-sont-les-personnages-cles-a-lheure-de-la-reconstitution.jpg\",\"articleSection\":[\"Posts Fr\u00e8res Jumeaux De L'Essonnes:\"],\"inLanguage\":\"fr-FR\"},{\"@type\":\"WebPage\",\"@id\":\"https:\\\/\\\/jumeaux91.fr\\\/blog\\\/affaire-leslie-et-kevin-victimes-suspects-qui-sont-les-personnages-cles-a-lheure-de-la-reconstitution\\\/\",\"url\":\"https:\\\/\\\/jumeaux91.fr\\\/blog\\\/affaire-leslie-et-kevin-victimes-suspects-qui-sont-les-personnages-cles-a-lheure-de-la-reconstitution\\\/\",\"name\":\"Affaire Leslie et Kevin : victimes, suspects\u2026 Qui sont les personnages-cl\u00e9s, \u00e0 l\u2019heure de la reconstitution - JUMEAUX91\",\"isPartOf\":{\"@id\":\"https:\\\/\\\/jumeaux91.fr\\\/blog\\\/#website\"},\"primaryImageOfPage\":{\"@id\":\"https:\\\/\\\/jumeaux91.fr\\\/blog\\\/affaire-leslie-et-kevin-victimes-suspects-qui-sont-les-personnages-cles-a-lheure-de-la-reconstitution\\\/#primaryimage\"},\"image\":{\"@id\":\"https:\\\/\\\/jumeaux91.fr\\\/blog\\\/affaire-leslie-et-kevin-victimes-suspects-qui-sont-les-personnages-cles-a-lheure-de-la-reconstitution\\\/#primaryimage\"},\"thumbnailUrl\":\"https:\\\/\\\/jumeaux91.fr\\\/blog\\\/wp-content\\\/uploads\\\/2024\\\/10\\\/affaire-leslie-et-kevin-victimes-suspects-qui-sont-les-personnages-cles-a-lheure-de-la-reconstitution.jpg\",\"datePublished\":\"2024-10-02T09:08:00+00:00\",\"breadcrumb\":{\"@id\":\"https:\\\/\\\/jumeaux91.fr\\\/blog\\\/affaire-leslie-et-kevin-victimes-suspects-qui-sont-les-personnages-cles-a-lheure-de-la-reconstitution\\\/#breadcrumb\"},\"inLanguage\":\"fr-FR\",\"potentialAction\":[{\"@type\":\"ReadAction\",\"target\":[\"https:\\\/\\\/jumeaux91.fr\\\/blog\\\/affaire-leslie-et-kevin-victimes-suspects-qui-sont-les-personnages-cles-a-lheure-de-la-reconstitution\\\/\"]}]},{\"@type\":\"ImageObject\",\"inLanguage\":\"fr-FR\",\"@id\":\"https:\\\/\\\/jumeaux91.fr\\\/blog\\\/affaire-leslie-et-kevin-victimes-suspects-qui-sont-les-personnages-cles-a-lheure-de-la-reconstitution\\\/#primaryimage\",\"url\":\"https:\\\/\\\/jumeaux91.fr\\\/blog\\\/wp-content\\\/uploads\\\/2024\\\/10\\\/affaire-leslie-et-kevin-victimes-suspects-qui-sont-les-personnages-cles-a-lheure-de-la-reconstitution.jpg\",\"contentUrl\":\"https:\\\/\\\/jumeaux91.fr\\\/blog\\\/wp-content\\\/uploads\\\/2024\\\/10\\\/affaire-leslie-et-kevin-victimes-suspects-qui-sont-les-personnages-cles-a-lheure-de-la-reconstitution.jpg\",\"width\":1200,\"height\":800,\"caption\":\"Affaire Leslie et Kevin : victimes, suspects\u2026 Qui sont les personnages cl\u00e9s, \u00e0 l\u2019heure de la reconstitution\"},{\"@type\":\"BreadcrumbList\",\"@id\":\"https:\\\/\\\/jumeaux91.fr\\\/blog\\\/affaire-leslie-et-kevin-victimes-suspects-qui-sont-les-personnages-cles-a-lheure-de-la-reconstitution\\\/#breadcrumb\",\"itemListElement\":[{\"@type\":\"ListItem\",\"position\":1,\"name\":\"Accueil\",\"item\":\"https:\\\/\\\/jumeaux91.fr\\\/blog\\\/\"},{\"@type\":\"ListItem\",\"position\":2,\"name\":\"Affaire Leslie et Kevin : victimes, suspects\u2026 Qui sont les personnages-cl\u00e9s, \u00e0 l\u2019heure de la reconstitution\"}]},{\"@type\":\"WebSite\",\"@id\":\"https:\\\/\\\/jumeaux91.fr\\\/blog\\\/#website\",\"url\":\"https:\\\/\\\/jumeaux91.fr\\\/blog\\\/\",\"name\":\"JUMEAUX91\",\"description\":\"Fr\u00e8res jumeaux de l&#039;Essonnes; informations et archives, \u00e0 savoir et retenir.\",\"publisher\":{\"@id\":\"https:\\\/\\\/jumeaux91.fr\\\/blog\\\/#organization\"},\"potentialAction\":[{\"@type\":\"SearchAction\",\"target\":{\"@type\":\"EntryPoint\",\"urlTemplate\":\"https:\\\/\\\/jumeaux91.fr\\\/blog\\\/?s={search_term_string}\"},\"query-input\":{\"@type\":\"PropertyValueSpecification\",\"valueRequired\":true,\"valueName\":\"search_term_string\"}}],\"inLanguage\":\"fr-FR\"},{\"@type\":\"Organization\",\"@id\":\"https:\\\/\\\/jumeaux91.fr\\\/blog\\\/#organization\",\"name\":\"jumeaux91\",\"url\":\"https:\\\/\\\/jumeaux91.fr\\\/blog\\\/\",\"logo\":{\"@type\":\"ImageObject\",\"inLanguage\":\"fr-FR\",\"@id\":\"https:\\\/\\\/jumeaux91.fr\\\/blog\\\/#\\\/schema\\\/logo\\\/image\\\/\",\"url\":\"https:\\\/\\\/jumeaux91.fr\\\/blog\\\/wp-content\\\/uploads\\\/2023\\\/05\\\/cropped-cropped-logoJ_91.png\",\"contentUrl\":\"https:\\\/\\\/jumeaux91.fr\\\/blog\\\/wp-content\\\/uploads\\\/2023\\\/05\\\/cropped-cropped-logoJ_91.png\",\"width\":512,\"height\":512,\"caption\":\"jumeaux91\"},\"image\":{\"@id\":\"https:\\\/\\\/jumeaux91.fr\\\/blog\\\/#\\\/schema\\\/logo\\\/image\\\/\"}},{\"@type\":\"Person\",\"@id\":\"https:\\\/\\\/jumeaux91.fr\\\/blog\\\/#\\\/schema\\\/person\\\/21da06e9f119b9f64e5d45dbbd32d3fb\",\"name\":\"Claude DAYRES\",\"image\":{\"@type\":\"ImageObject\",\"inLanguage\":\"fr-FR\",\"@id\":\"https:\\\/\\\/secure.gravatar.com\\\/avatar\\\/82eb951df6110a2c48d1bfa7a67d1ee6f0cd5df3cbf9c3586dd61e82db7172a5?s=96&d=mm&r=g\",\"url\":\"https:\\\/\\\/secure.gravatar.com\\\/avatar\\\/82eb951df6110a2c48d1bfa7a67d1ee6f0cd5df3cbf9c3586dd61e82db7172a5?s=96&d=mm&r=g\",\"contentUrl\":\"https:\\\/\\\/secure.gravatar.com\\\/avatar\\\/82eb951df6110a2c48d1bfa7a67d1ee6f0cd5df3cbf9c3586dd61e82db7172a5?s=96&d=mm&r=g\",\"caption\":\"Claude DAYRES\"},\"url\":\"https:\\\/\\\/jumeaux91.fr\\\/blog\\\/author\\\/x91claude\\\/\"}]}<\/script>\n<!-- \/ Yoast SEO plugin. -->","yoast_head_json":{"title":"Affaire Leslie et Kevin : victimes, suspects\u2026 Qui sont les personnages-cl\u00e9s, \u00e0 l\u2019heure de la reconstitution - JUMEAUX91","robots":{"index":"index","follow":"follow","max-snippet":"max-snippet:-1","max-image-preview":"max-image-preview:large","max-video-preview":"max-video-preview:-1"},"canonical":"https:\/\/jumeaux91.fr\/blog\/affaire-leslie-et-kevin-victimes-suspects-qui-sont-les-personnages-cles-a-lheure-de-la-reconstitution\/","og_locale":"fr_FR","og_type":"article","og_title":"Affaire Leslie et Kevin : victimes, suspects\u2026 Qui sont les personnages-cl\u00e9s, \u00e0 l\u2019heure de la reconstitution - JUMEAUX91","og_description":"&gt;&gt; Tous nos articles sur l\u2019affaire Leslie et Kevin LES VICTIMES Leslie Hoorelbeke, 22&nbsp;ans Leslie Hoorelbeke adorait les animaux. Elle avait adopt\u00e9 deux chiens, Onyx et Ba\u00efko, un crois\u00e9 beauceron qui est toujours chez son p\u00e8re. XAVIER LEOTY \/ SO Sur le m\u00eame sujet Leslie Hoorelbeke est n\u00e9e en Charente-Maritime et a grandi \u00e0 Thair\u00e9&hellip; Poursuivre la lecture Affaire Leslie et Kevin : victimes, suspects\u2026 Qui sont les personnages-cl\u00e9s, \u00e0 l\u2019heure de la reconstitution","og_url":"https:\/\/jumeaux91.fr\/blog\/affaire-leslie-et-kevin-victimes-suspects-qui-sont-les-personnages-cles-a-lheure-de-la-reconstitution\/","og_site_name":"JUMEAUX91","article_published_time":"2024-10-02T09:08:00+00:00","og_image":[{"url":"https:\/\/jumeaux91.fr\/blog\/wp-content\/uploads\/2024\/10\/affaire-leslie-et-kevin-victimes-suspects-qui-sont-les-personnages-cles-a-lheure-de-la-reconstitution.jpg","type":"","width":"","height":""}],"author":"Claude DAYRES","twitter_card":"summary_large_image","twitter_misc":{"\u00c9crit par":"Claude DAYRES","Dur\u00e9e de lecture estim\u00e9e":"8 minutes"},"schema":{"@context":"https:\/\/schema.org","@graph":[{"@type":"Article","@id":"https:\/\/jumeaux91.fr\/blog\/affaire-leslie-et-kevin-victimes-suspects-qui-sont-les-personnages-cles-a-lheure-de-la-reconstitution\/#article","isPartOf":{"@id":"https:\/\/jumeaux91.fr\/blog\/affaire-leslie-et-kevin-victimes-suspects-qui-sont-les-personnages-cles-a-lheure-de-la-reconstitution\/"},"author":{"name":"Claude DAYRES","@id":"https:\/\/jumeaux91.fr\/blog\/#\/schema\/person\/21da06e9f119b9f64e5d45dbbd32d3fb"},"headline":"Affaire Leslie et Kevin : victimes, suspects\u2026 Qui sont les personnages-cl\u00e9s, \u00e0 l\u2019heure de la reconstitution","datePublished":"2024-10-02T09:08:00+00:00","mainEntityOfPage":{"@id":"https:\/\/jumeaux91.fr\/blog\/affaire-leslie-et-kevin-victimes-suspects-qui-sont-les-personnages-cles-a-lheure-de-la-reconstitution\/"},"wordCount":1568,"publisher":{"@id":"https:\/\/jumeaux91.fr\/blog\/#organization"},"image":{"@id":"https:\/\/jumeaux91.fr\/blog\/affaire-leslie-et-kevin-victimes-suspects-qui-sont-les-personnages-cles-a-lheure-de-la-reconstitution\/#primaryimage"},"thumbnailUrl":"https:\/\/jumeaux91.fr\/blog\/wp-content\/uploads\/2024\/10\/affaire-leslie-et-kevin-victimes-suspects-qui-sont-les-personnages-cles-a-lheure-de-la-reconstitution.jpg","articleSection":["Posts Fr\u00e8res Jumeaux De L'Essonnes:"],"inLanguage":"fr-FR"},{"@type":"WebPage","@id":"https:\/\/jumeaux91.fr\/blog\/affaire-leslie-et-kevin-victimes-suspects-qui-sont-les-personnages-cles-a-lheure-de-la-reconstitution\/","url":"https:\/\/jumeaux91.fr\/blog\/affaire-leslie-et-kevin-victimes-suspects-qui-sont-les-personnages-cles-a-lheure-de-la-reconstitution\/","name":"Affaire Leslie et Kevin : victimes, suspects\u2026 Qui sont les personnages-cl\u00e9s, \u00e0 l\u2019heure de la reconstitution - JUMEAUX91","isPartOf":{"@id":"https:\/\/jumeaux91.fr\/blog\/#website"},"primaryImageOfPage":{"@id":"https:\/\/jumeaux91.fr\/blog\/affaire-leslie-et-kevin-victimes-suspects-qui-sont-les-personnages-cles-a-lheure-de-la-reconstitution\/#primaryimage"},"image":{"@id":"https:\/\/jumeaux91.fr\/blog\/affaire-leslie-et-kevin-victimes-suspects-qui-sont-les-personnages-cles-a-lheure-de-la-reconstitution\/#primaryimage"},"thumbnailUrl":"https:\/\/jumeaux91.fr\/blog\/wp-content\/uploads\/2024\/10\/affaire-leslie-et-kevin-victimes-suspects-qui-sont-les-personnages-cles-a-lheure-de-la-reconstitution.jpg","datePublished":"2024-10-02T09:08:00+00:00","breadcrumb":{"@id":"https:\/\/jumeaux91.fr\/blog\/affaire-leslie-et-kevin-victimes-suspects-qui-sont-les-personnages-cles-a-lheure-de-la-reconstitution\/#breadcrumb"},"inLanguage":"fr-FR","potentialAction":[{"@type":"ReadAction","target":["https:\/\/jumeaux91.fr\/blog\/affaire-leslie-et-kevin-victimes-suspects-qui-sont-les-personnages-cles-a-lheure-de-la-reconstitution\/"]}]},{"@type":"ImageObject","inLanguage":"fr-FR","@id":"https:\/\/jumeaux91.fr\/blog\/affaire-leslie-et-kevin-victimes-suspects-qui-sont-les-personnages-cles-a-lheure-de-la-reconstitution\/#primaryimage","url":"https:\/\/jumeaux91.fr\/blog\/wp-content\/uploads\/2024\/10\/affaire-leslie-et-kevin-victimes-suspects-qui-sont-les-personnages-cles-a-lheure-de-la-reconstitution.jpg","contentUrl":"https:\/\/jumeaux91.fr\/blog\/wp-content\/uploads\/2024\/10\/affaire-leslie-et-kevin-victimes-suspects-qui-sont-les-personnages-cles-a-lheure-de-la-reconstitution.jpg","width":1200,"height":800,"caption":"Affaire Leslie et Kevin : victimes, suspects\u2026 Qui sont les personnages cl\u00e9s, \u00e0 l\u2019heure de la reconstitution"},{"@type":"BreadcrumbList","@id":"https:\/\/jumeaux91.fr\/blog\/affaire-leslie-et-kevin-victimes-suspects-qui-sont-les-personnages-cles-a-lheure-de-la-reconstitution\/#breadcrumb","itemListElement":[{"@type":"ListItem","position":1,"name":"Accueil","item":"https:\/\/jumeaux91.fr\/blog\/"},{"@type":"ListItem","position":2,"name":"Affaire Leslie et Kevin : victimes, suspects\u2026 Qui sont les personnages-cl\u00e9s, \u00e0 l\u2019heure de la reconstitution"}]},{"@type":"WebSite","@id":"https:\/\/jumeaux91.fr\/blog\/#website","url":"https:\/\/jumeaux91.fr\/blog\/","name":"JUMEAUX91","description":"Fr\u00e8res jumeaux de l&#039;Essonnes; informations et archives, \u00e0 savoir et retenir.","publisher":{"@id":"https:\/\/jumeaux91.fr\/blog\/#organization"},"potentialAction":[{"@type":"SearchAction","target":{"@type":"EntryPoint","urlTemplate":"https:\/\/jumeaux91.fr\/blog\/?s={search_term_string}"},"query-input":{"@type":"PropertyValueSpecification","valueRequired":true,"valueName":"search_term_string"}}],"inLanguage":"fr-FR"},{"@type":"Organization","@id":"https:\/\/jumeaux91.fr\/blog\/#organization","name":"jumeaux91","url":"https:\/\/jumeaux91.fr\/blog\/","logo":{"@type":"ImageObject","inLanguage":"fr-FR","@id":"https:\/\/jumeaux91.fr\/blog\/#\/schema\/logo\/image\/","url":"https:\/\/jumeaux91.fr\/blog\/wp-content\/uploads\/2023\/05\/cropped-cropped-logoJ_91.png","contentUrl":"https:\/\/jumeaux91.fr\/blog\/wp-content\/uploads\/2023\/05\/cropped-cropped-logoJ_91.png","width":512,"height":512,"caption":"jumeaux91"},"image":{"@id":"https:\/\/jumeaux91.fr\/blog\/#\/schema\/logo\/image\/"}},{"@type":"Person","@id":"https:\/\/jumeaux91.fr\/blog\/#\/schema\/person\/21da06e9f119b9f64e5d45dbbd32d3fb","name":"Claude DAYRES","image":{"@type":"ImageObject","inLanguage":"fr-FR","@id":"https:\/\/secure.gravatar.com\/avatar\/82eb951df6110a2c48d1bfa7a67d1ee6f0cd5df3cbf9c3586dd61e82db7172a5?s=96&d=mm&r=g","url":"https:\/\/secure.gravatar.com\/avatar\/82eb951df6110a2c48d1bfa7a67d1ee6f0cd5df3cbf9c3586dd61e82db7172a5?s=96&d=mm&r=g","contentUrl":"https:\/\/secure.gravatar.com\/avatar\/82eb951df6110a2c48d1bfa7a67d1ee6f0cd5df3cbf9c3586dd61e82db7172a5?s=96&d=mm&r=g","caption":"Claude DAYRES"},"url":"https:\/\/jumeaux91.fr\/blog\/author\/x91claude\/"}]}},"_links":{"self":[{"href":"https:\/\/jumeaux91.fr\/blog\/wp-json\/wp\/v2\/posts\/795","targetHints":{"allow":["GET"]}}],"collection":[{"href":"https:\/\/jumeaux91.fr\/blog\/wp-json\/wp\/v2\/posts"}],"about":[{"href":"https:\/\/jumeaux91.fr\/blog\/wp-json\/wp\/v2\/types\/post"}],"author":[{"embeddable":true,"href":"https:\/\/jumeaux91.fr\/blog\/wp-json\/wp\/v2\/users\/2"}],"replies":[{"embeddable":true,"href":"https:\/\/jumeaux91.fr\/blog\/wp-json\/wp\/v2\/comments?post=795"}],"version-history":[{"count":0,"href":"https:\/\/jumeaux91.fr\/blog\/wp-json\/wp\/v2\/posts\/795\/revisions"}],"wp:featuredmedia":[{"embeddable":true,"href":"https:\/\/jumeaux91.fr\/blog\/wp-json\/wp\/v2\/media\/796"}],"wp:attachment":[{"href":"https:\/\/jumeaux91.fr\/blog\/wp-json\/wp\/v2\/media?parent=795"}],"wp:term":[{"taxonomy":"category","embeddable":true,"href":"https:\/\/jumeaux91.fr\/blog\/wp-json\/wp\/v2\/categories?post=795"},{"taxonomy":"post_tag","embeddable":true,"href":"https:\/\/jumeaux91.fr\/blog\/wp-json\/wp\/v2\/tags?post=795"}],"curies":[{"name":"wp","href":"https:\/\/api.w.org\/{rel}","templated":true}]}}