{"id":804,"date":"2024-10-10T12:34:00","date_gmt":"2024-10-10T10:34:00","guid":{"rendered":"https:\/\/jumeaux91.fr\/blog\/bordeaux-begles-sur-un-n-8-de-sale-pour-remplacer-tatafu\/"},"modified":"2024-10-10T12:34:00","modified_gmt":"2024-10-10T10:34:00","slug":"bordeaux-begles-sur-un-n-8-de-sale-pour-remplacer-tatafu","status":"publish","type":"post","link":"https:\/\/jumeaux91.fr\/blog\/bordeaux-begles-sur-un-n-8-de-sale-pour-remplacer-tatafu\/","title":{"rendered":"Bordeaux-B\u00e8gles sur un N.8 de Sale pour remplacer Tatafu"},"content":{"rendered":"<div><img decoding=\"async\" src=\"https:\/\/jumeaux91.fr\/blog\/wp-content\/uploads\/2024\/10\/bordeaux-begles-sur-un-n-8-de-sale-pour-remplacer-tatafu.jpg\" class=\"ff-og-image-inserted\"><\/div>\n<p>On le sait, l\u2019Union Bordeaux-B\u00e8gles s\u2019est d\u00e9j\u00e0 mis en qu\u00eate d\u2019un N.8 pour la saison prochaine, avec le d\u00e9part annonc\u00e9 de l\u2019international japonais <a href=\"https:\/\/www.rugbypass.com\/players\/tevita-tatafu\/\" target=\"_blank\" rel=\"nofollow\">Tevita Tatafu<\/a>, qui devrait rejoindre la <a href=\"https:\/\/www.rugbypass.com\/teams\/japan\/\" target=\"_blank\" rel=\"nofollow\">Japan<\/a> League One.<\/p>\n<div class=\"snack-container article-ad\">\n<p>ADVERTISEMENT<\/p>\n<\/div>\n<p>Le leader actuel du <a href=\"https:\/\/www.rugbypass.com\/top-14\/\" target=\"_blank\" rel=\"nofollow\">Top 14<\/a> a pos\u00e9 tout en haut de sa pile le CV du l\u2019ancien Springbok Dan du Preez (sept s\u00e9lections), qui \u00e9volue pour le moment aux <a href=\"https:\/\/www.rugbypass.com\/teams\/sale\/\" target=\"_blank\" rel=\"nofollow\">Sale<\/a> Sharks.<\/p>\n<p>Du Preez (29 ans, 1,96 m, 112 kg) a rejoint le club de la banlieue de Manchester avec son jumeau Jean-Luc en juillet 2019 en provenance des <a href=\"https:\/\/www.rugbypass.com\/teams\/sharks\/\" target=\"_blank\" rel=\"nofollow\">Sharks<\/a> de Durban, rejoignant ainsi un troisi\u00e8me membre de la fratrie, Rob, au sein du club.<\/p>\n<p>Du Preez est sous contrat avec les Sharks jusqu\u2019\u00e0 la fin de la saison 2025-2026, mais des sources sud-africaines ont affirm\u00e9 \u00e0 <em>RugbyPass<\/em> qu\u2019un transfert pouvait \u00eatre envisag\u00e9 \u00e0 la fin de la saison en cours. Le joueur le verrait en tout cas d\u2019un bon \u0153il.<\/p>\n<h3>L\u2019UBB avait d\u00e9j\u00e0 tent\u00e9 le coup avec du Preez il y a deux ans<\/h3>\n<p>Le 3<sup>e<\/sup> ligne a disput\u00e9 pr\u00e8s de 100 rencontres sous le maillot des Sharks et jouera son premier match de la saison demain soir contre Newcastle. Les Falcons sont actuellement entra\u00een\u00e9s par Steve Diamond, le coach qui a fait venir les trois fr\u00e8res dans le nord de l\u2019Angleterre.<\/p>\n<p>Du Preez n\u2019a pas foul\u00e9 les terrains depuis janvier, \u00e0 la suite d\u2019une grave blessure au genou contract\u00e9e contre Gloucester. Ce n\u2019est pas la premi\u00e8re fois qu\u2019il est li\u00e9 \u00e0 un d\u00e9part de Sale.<\/p>\n<p>En 2021, les jumeaux du Preez \u00e9taient pist\u00e9s par leur ancien club en Afrique du Sud, mais Sale ne leur avait pas accord\u00e9 de bon de sortie.<\/p>\n<p>Il y a deux ans d\u00e9j\u00e0, les Girondins souhaitaient parvenir \u00e0 un accord pour faire venir le puissant N.8, qui peut aussi jouer 2<sup>e<\/sup> ligne, mais les Sharks avaient une nouvelle fois repouss\u00e9 l\u2019offre.<\/p>\n<div class=\"snack-container article-ad\">\n<p>ADVERTISEMENT<\/p>\n<\/div>\n<p><em>Cet article a \u00e9t\u00e9 publi\u00e9 initialement en anglais sur <a href=\"https:\/\/www.rugbypass.com\/news\/sale-sharks-no-8-du-preez-open-talks-with-top-14-big-boys\/\" target=\"_blank\" rel=\"noopener nofollow\">RugbyPass.com<\/a> et adapt\u00e9 en fran\u00e7ais par J\u00e9r\u00e9my Fahner.<\/em><\/p>\n<div class=\"embedded-recommended-articles\">\n<h2>Recommended<\/h2>\n<\/div>\n<p> La chronique se veut g\u00e9n\u00e9r\u00e9e de la fa\u00e7on la plus claire que possible. Dans le cas o\u00f9 vous souhaitez pr\u00e9senter des renseignements compl\u00e9mentaires \u00e0 cet article sur le sujet \u00ab\u00a0Fr\u00e8res jumeaux de l&rsquo;Essonnes\u00a0\u00bb il vous est possible d\u2019\u00e9crire aux contacts indiqu\u00e9s sur notre website. La raison d\u2019\u00eatre de jumeaux91.fr \u00e9tant de rassembler sur le web des posts sur le sujet de Fr\u00e8res jumeaux de l&rsquo;Essonnes puis les diffuser en r\u00e9pondant au mieux aux interrogations des gens. Vous pouvez tirer profit de cet article traitant le sujet \u00ab\u00a0Fr\u00e8res jumeaux de l&rsquo;Essonnes\u00a0\u00bb. Il est concoct\u00e9 par l\u2019\u00e9quipe jumeaux91.fr. Prochainement, nous rendrons accessibles au public d&rsquo;autres informations pertinentes sur le sujet \u00ab\u00a0Fr\u00e8res jumeaux de l&rsquo;Essonnes\u00a0\u00bb. Alors, consultez syst\u00e9matiquement notre blog.<\/p>\n","protected":false},"excerpt":{"rendered":"<p>On le sait, l\u2019Union Bordeaux-B\u00e8gles s\u2019est d\u00e9j\u00e0 mis en qu\u00eate d\u2019un N.8 pour la saison prochaine, avec le d\u00e9part annonc\u00e9 de l\u2019international japonais Tevita Tatafu, qui devrait rejoindre la Japan League One. ADVERTISEMENT Le leader actuel du Top 14 a pos\u00e9 tout en haut de sa pile le CV du l\u2019ancien Springbok Dan du Preez&hellip; <a class=\"more-link\" href=\"https:\/\/jumeaux91.fr\/blog\/bordeaux-begles-sur-un-n-8-de-sale-pour-remplacer-tatafu\/\">Poursuivre la lecture <span class=\"screen-reader-text\">Bordeaux-B\u00e8gles sur un N.8 de Sale pour remplacer Tatafu<\/span><\/a><\/p>\n","protected":false},"author":2,"featured_media":805,"comment_status":"closed","ping_status":"closed","sticky":false,"template":"","format":"standard","meta":{"footnotes":""},"categories":[4],"tags":[],"class_list":["post-804","post","type-post","status-publish","format-standard","has-post-thumbnail","hentry","category-posts-freres-jumeaux-de-lessonnes","entry"],"yoast_head":"<!-- This site is optimized with the Yoast SEO plugin v27.5 - https:\/\/yoast.com\/product\/yoast-seo-wordpress\/ -->\n<title>Bordeaux-B\u00e8gles sur un N.8 de Sale pour remplacer Tatafu - JUMEAUX91<\/title>\n<meta name=\"robots\" content=\"index, follow, max-snippet:-1, max-image-preview:large, max-video-preview:-1\" \/>\n<link rel=\"canonical\" href=\"https:\/\/jumeaux91.fr\/blog\/bordeaux-begles-sur-un-n-8-de-sale-pour-remplacer-tatafu\/\" \/>\n<meta property=\"og:locale\" content=\"fr_FR\" \/>\n<meta property=\"og:type\" content=\"article\" \/>\n<meta property=\"og:title\" content=\"Bordeaux-B\u00e8gles sur un N.8 de Sale pour remplacer Tatafu - JUMEAUX91\" \/>\n<meta property=\"og:description\" content=\"On le sait, l\u2019Union Bordeaux-B\u00e8gles s\u2019est d\u00e9j\u00e0 mis en qu\u00eate d\u2019un N.8 pour la saison prochaine, avec le d\u00e9part annonc\u00e9 de l\u2019international japonais Tevita Tatafu, qui devrait rejoindre la Japan League One. ADVERTISEMENT Le leader actuel du Top 14 a pos\u00e9 tout en haut de sa pile le CV du l\u2019ancien Springbok Dan du Preez&hellip; Poursuivre la lecture Bordeaux-B\u00e8gles sur un N.8 de Sale pour remplacer Tatafu\" \/>\n<meta property=\"og:url\" content=\"https:\/\/jumeaux91.fr\/blog\/bordeaux-begles-sur-un-n-8-de-sale-pour-remplacer-tatafu\/\" \/>\n<meta property=\"og:site_name\" content=\"JUMEAUX91\" \/>\n<meta property=\"article:published_time\" content=\"2024-10-10T10:34:00+00:00\" \/>\n<meta property=\"og:image\" content=\"https:\/\/jumeaux91.fr\/blog\/wp-content\/uploads\/2024\/10\/bordeaux-begles-sur-un-n-8-de-sale-pour-remplacer-tatafu.jpg\" \/>\n<meta name=\"author\" content=\"Claude DAYRES\" \/>\n<meta name=\"twitter:card\" content=\"summary_large_image\" \/>\n<meta name=\"twitter:label1\" content=\"\u00c9crit par\" \/>\n\t<meta name=\"twitter:data1\" content=\"Claude DAYRES\" \/>\n\t<meta name=\"twitter:label2\" content=\"Dur\u00e9e de lecture estim\u00e9e\" \/>\n\t<meta name=\"twitter:data2\" content=\"2 minutes\" \/>\n<script type=\"application\/ld+json\" class=\"yoast-schema-graph\">{\"@context\":\"https:\\\/\\\/schema.org\",\"@graph\":[{\"@type\":\"Article\",\"@id\":\"https:\\\/\\\/jumeaux91.fr\\\/blog\\\/bordeaux-begles-sur-un-n-8-de-sale-pour-remplacer-tatafu\\\/#article\",\"isPartOf\":{\"@id\":\"https:\\\/\\\/jumeaux91.fr\\\/blog\\\/bordeaux-begles-sur-un-n-8-de-sale-pour-remplacer-tatafu\\\/\"},\"author\":{\"name\":\"Claude DAYRES\",\"@id\":\"https:\\\/\\\/jumeaux91.fr\\\/blog\\\/#\\\/schema\\\/person\\\/21da06e9f119b9f64e5d45dbbd32d3fb\"},\"headline\":\"Bordeaux-B\u00e8gles sur un N.8 de Sale pour remplacer Tatafu\",\"datePublished\":\"2024-10-10T10:34:00+00:00\",\"mainEntityOfPage\":{\"@id\":\"https:\\\/\\\/jumeaux91.fr\\\/blog\\\/bordeaux-begles-sur-un-n-8-de-sale-pour-remplacer-tatafu\\\/\"},\"wordCount\":501,\"publisher\":{\"@id\":\"https:\\\/\\\/jumeaux91.fr\\\/blog\\\/#organization\"},\"image\":{\"@id\":\"https:\\\/\\\/jumeaux91.fr\\\/blog\\\/bordeaux-begles-sur-un-n-8-de-sale-pour-remplacer-tatafu\\\/#primaryimage\"},\"thumbnailUrl\":\"https:\\\/\\\/jumeaux91.fr\\\/blog\\\/wp-content\\\/uploads\\\/2024\\\/10\\\/bordeaux-begles-sur-un-n-8-de-sale-pour-remplacer-tatafu.jpg\",\"articleSection\":[\"Posts Fr\u00e8res Jumeaux De L'Essonnes:\"],\"inLanguage\":\"fr-FR\"},{\"@type\":\"WebPage\",\"@id\":\"https:\\\/\\\/jumeaux91.fr\\\/blog\\\/bordeaux-begles-sur-un-n-8-de-sale-pour-remplacer-tatafu\\\/\",\"url\":\"https:\\\/\\\/jumeaux91.fr\\\/blog\\\/bordeaux-begles-sur-un-n-8-de-sale-pour-remplacer-tatafu\\\/\",\"name\":\"Bordeaux-B\u00e8gles sur un N.8 de Sale pour remplacer Tatafu - JUMEAUX91\",\"isPartOf\":{\"@id\":\"https:\\\/\\\/jumeaux91.fr\\\/blog\\\/#website\"},\"primaryImageOfPage\":{\"@id\":\"https:\\\/\\\/jumeaux91.fr\\\/blog\\\/bordeaux-begles-sur-un-n-8-de-sale-pour-remplacer-tatafu\\\/#primaryimage\"},\"image\":{\"@id\":\"https:\\\/\\\/jumeaux91.fr\\\/blog\\\/bordeaux-begles-sur-un-n-8-de-sale-pour-remplacer-tatafu\\\/#primaryimage\"},\"thumbnailUrl\":\"https:\\\/\\\/jumeaux91.fr\\\/blog\\\/wp-content\\\/uploads\\\/2024\\\/10\\\/bordeaux-begles-sur-un-n-8-de-sale-pour-remplacer-tatafu.jpg\",\"datePublished\":\"2024-10-10T10:34:00+00:00\",\"breadcrumb\":{\"@id\":\"https:\\\/\\\/jumeaux91.fr\\\/blog\\\/bordeaux-begles-sur-un-n-8-de-sale-pour-remplacer-tatafu\\\/#breadcrumb\"},\"inLanguage\":\"fr-FR\",\"potentialAction\":[{\"@type\":\"ReadAction\",\"target\":[\"https:\\\/\\\/jumeaux91.fr\\\/blog\\\/bordeaux-begles-sur-un-n-8-de-sale-pour-remplacer-tatafu\\\/\"]}]},{\"@type\":\"ImageObject\",\"inLanguage\":\"fr-FR\",\"@id\":\"https:\\\/\\\/jumeaux91.fr\\\/blog\\\/bordeaux-begles-sur-un-n-8-de-sale-pour-remplacer-tatafu\\\/#primaryimage\",\"url\":\"https:\\\/\\\/jumeaux91.fr\\\/blog\\\/wp-content\\\/uploads\\\/2024\\\/10\\\/bordeaux-begles-sur-un-n-8-de-sale-pour-remplacer-tatafu.jpg\",\"contentUrl\":\"https:\\\/\\\/jumeaux91.fr\\\/blog\\\/wp-content\\\/uploads\\\/2024\\\/10\\\/bordeaux-begles-sur-un-n-8-de-sale-pour-remplacer-tatafu.jpg\",\"width\":1200,\"height\":630,\"caption\":\"Bordeaux B\u00e8gles sur un N\"},{\"@type\":\"BreadcrumbList\",\"@id\":\"https:\\\/\\\/jumeaux91.fr\\\/blog\\\/bordeaux-begles-sur-un-n-8-de-sale-pour-remplacer-tatafu\\\/#breadcrumb\",\"itemListElement\":[{\"@type\":\"ListItem\",\"position\":1,\"name\":\"Accueil\",\"item\":\"https:\\\/\\\/jumeaux91.fr\\\/blog\\\/\"},{\"@type\":\"ListItem\",\"position\":2,\"name\":\"Bordeaux-B\u00e8gles sur un N.8 de Sale pour remplacer Tatafu\"}]},{\"@type\":\"WebSite\",\"@id\":\"https:\\\/\\\/jumeaux91.fr\\\/blog\\\/#website\",\"url\":\"https:\\\/\\\/jumeaux91.fr\\\/blog\\\/\",\"name\":\"JUMEAUX91\",\"description\":\"Fr\u00e8res jumeaux de l&#039;Essonnes; informations et archives, \u00e0 savoir et retenir.\",\"publisher\":{\"@id\":\"https:\\\/\\\/jumeaux91.fr\\\/blog\\\/#organization\"},\"potentialAction\":[{\"@type\":\"SearchAction\",\"target\":{\"@type\":\"EntryPoint\",\"urlTemplate\":\"https:\\\/\\\/jumeaux91.fr\\\/blog\\\/?s={search_term_string}\"},\"query-input\":{\"@type\":\"PropertyValueSpecification\",\"valueRequired\":true,\"valueName\":\"search_term_string\"}}],\"inLanguage\":\"fr-FR\"},{\"@type\":\"Organization\",\"@id\":\"https:\\\/\\\/jumeaux91.fr\\\/blog\\\/#organization\",\"name\":\"jumeaux91\",\"url\":\"https:\\\/\\\/jumeaux91.fr\\\/blog\\\/\",\"logo\":{\"@type\":\"ImageObject\",\"inLanguage\":\"fr-FR\",\"@id\":\"https:\\\/\\\/jumeaux91.fr\\\/blog\\\/#\\\/schema\\\/logo\\\/image\\\/\",\"url\":\"https:\\\/\\\/jumeaux91.fr\\\/blog\\\/wp-content\\\/uploads\\\/2023\\\/05\\\/cropped-cropped-logoJ_91.png\",\"contentUrl\":\"https:\\\/\\\/jumeaux91.fr\\\/blog\\\/wp-content\\\/uploads\\\/2023\\\/05\\\/cropped-cropped-logoJ_91.png\",\"width\":512,\"height\":512,\"caption\":\"jumeaux91\"},\"image\":{\"@id\":\"https:\\\/\\\/jumeaux91.fr\\\/blog\\\/#\\\/schema\\\/logo\\\/image\\\/\"}},{\"@type\":\"Person\",\"@id\":\"https:\\\/\\\/jumeaux91.fr\\\/blog\\\/#\\\/schema\\\/person\\\/21da06e9f119b9f64e5d45dbbd32d3fb\",\"name\":\"Claude DAYRES\",\"image\":{\"@type\":\"ImageObject\",\"inLanguage\":\"fr-FR\",\"@id\":\"https:\\\/\\\/secure.gravatar.com\\\/avatar\\\/82eb951df6110a2c48d1bfa7a67d1ee6f0cd5df3cbf9c3586dd61e82db7172a5?s=96&d=mm&r=g\",\"url\":\"https:\\\/\\\/secure.gravatar.com\\\/avatar\\\/82eb951df6110a2c48d1bfa7a67d1ee6f0cd5df3cbf9c3586dd61e82db7172a5?s=96&d=mm&r=g\",\"contentUrl\":\"https:\\\/\\\/secure.gravatar.com\\\/avatar\\\/82eb951df6110a2c48d1bfa7a67d1ee6f0cd5df3cbf9c3586dd61e82db7172a5?s=96&d=mm&r=g\",\"caption\":\"Claude DAYRES\"},\"url\":\"https:\\\/\\\/jumeaux91.fr\\\/blog\\\/author\\\/x91claude\\\/\"}]}<\/script>\n<!-- \/ Yoast SEO plugin. -->","yoast_head_json":{"title":"Bordeaux-B\u00e8gles sur un N.8 de Sale pour remplacer Tatafu - JUMEAUX91","robots":{"index":"index","follow":"follow","max-snippet":"max-snippet:-1","max-image-preview":"max-image-preview:large","max-video-preview":"max-video-preview:-1"},"canonical":"https:\/\/jumeaux91.fr\/blog\/bordeaux-begles-sur-un-n-8-de-sale-pour-remplacer-tatafu\/","og_locale":"fr_FR","og_type":"article","og_title":"Bordeaux-B\u00e8gles sur un N.8 de Sale pour remplacer Tatafu - JUMEAUX91","og_description":"On le sait, l\u2019Union Bordeaux-B\u00e8gles s\u2019est d\u00e9j\u00e0 mis en qu\u00eate d\u2019un N.8 pour la saison prochaine, avec le d\u00e9part annonc\u00e9 de l\u2019international japonais Tevita Tatafu, qui devrait rejoindre la Japan League One. ADVERTISEMENT Le leader actuel du Top 14 a pos\u00e9 tout en haut de sa pile le CV du l\u2019ancien Springbok Dan du Preez&hellip; Poursuivre la lecture Bordeaux-B\u00e8gles sur un N.8 de Sale pour remplacer Tatafu","og_url":"https:\/\/jumeaux91.fr\/blog\/bordeaux-begles-sur-un-n-8-de-sale-pour-remplacer-tatafu\/","og_site_name":"JUMEAUX91","article_published_time":"2024-10-10T10:34:00+00:00","og_image":[{"url":"https:\/\/jumeaux91.fr\/blog\/wp-content\/uploads\/2024\/10\/bordeaux-begles-sur-un-n-8-de-sale-pour-remplacer-tatafu.jpg","type":"","width":"","height":""}],"author":"Claude DAYRES","twitter_card":"summary_large_image","twitter_misc":{"\u00c9crit par":"Claude DAYRES","Dur\u00e9e de lecture estim\u00e9e":"2 minutes"},"schema":{"@context":"https:\/\/schema.org","@graph":[{"@type":"Article","@id":"https:\/\/jumeaux91.fr\/blog\/bordeaux-begles-sur-un-n-8-de-sale-pour-remplacer-tatafu\/#article","isPartOf":{"@id":"https:\/\/jumeaux91.fr\/blog\/bordeaux-begles-sur-un-n-8-de-sale-pour-remplacer-tatafu\/"},"author":{"name":"Claude DAYRES","@id":"https:\/\/jumeaux91.fr\/blog\/#\/schema\/person\/21da06e9f119b9f64e5d45dbbd32d3fb"},"headline":"Bordeaux-B\u00e8gles sur un N.8 de Sale pour remplacer Tatafu","datePublished":"2024-10-10T10:34:00+00:00","mainEntityOfPage":{"@id":"https:\/\/jumeaux91.fr\/blog\/bordeaux-begles-sur-un-n-8-de-sale-pour-remplacer-tatafu\/"},"wordCount":501,"publisher":{"@id":"https:\/\/jumeaux91.fr\/blog\/#organization"},"image":{"@id":"https:\/\/jumeaux91.fr\/blog\/bordeaux-begles-sur-un-n-8-de-sale-pour-remplacer-tatafu\/#primaryimage"},"thumbnailUrl":"https:\/\/jumeaux91.fr\/blog\/wp-content\/uploads\/2024\/10\/bordeaux-begles-sur-un-n-8-de-sale-pour-remplacer-tatafu.jpg","articleSection":["Posts Fr\u00e8res Jumeaux De L'Essonnes:"],"inLanguage":"fr-FR"},{"@type":"WebPage","@id":"https:\/\/jumeaux91.fr\/blog\/bordeaux-begles-sur-un-n-8-de-sale-pour-remplacer-tatafu\/","url":"https:\/\/jumeaux91.fr\/blog\/bordeaux-begles-sur-un-n-8-de-sale-pour-remplacer-tatafu\/","name":"Bordeaux-B\u00e8gles sur un N.8 de Sale pour remplacer Tatafu - JUMEAUX91","isPartOf":{"@id":"https:\/\/jumeaux91.fr\/blog\/#website"},"primaryImageOfPage":{"@id":"https:\/\/jumeaux91.fr\/blog\/bordeaux-begles-sur-un-n-8-de-sale-pour-remplacer-tatafu\/#primaryimage"},"image":{"@id":"https:\/\/jumeaux91.fr\/blog\/bordeaux-begles-sur-un-n-8-de-sale-pour-remplacer-tatafu\/#primaryimage"},"thumbnailUrl":"https:\/\/jumeaux91.fr\/blog\/wp-content\/uploads\/2024\/10\/bordeaux-begles-sur-un-n-8-de-sale-pour-remplacer-tatafu.jpg","datePublished":"2024-10-10T10:34:00+00:00","breadcrumb":{"@id":"https:\/\/jumeaux91.fr\/blog\/bordeaux-begles-sur-un-n-8-de-sale-pour-remplacer-tatafu\/#breadcrumb"},"inLanguage":"fr-FR","potentialAction":[{"@type":"ReadAction","target":["https:\/\/jumeaux91.fr\/blog\/bordeaux-begles-sur-un-n-8-de-sale-pour-remplacer-tatafu\/"]}]},{"@type":"ImageObject","inLanguage":"fr-FR","@id":"https:\/\/jumeaux91.fr\/blog\/bordeaux-begles-sur-un-n-8-de-sale-pour-remplacer-tatafu\/#primaryimage","url":"https:\/\/jumeaux91.fr\/blog\/wp-content\/uploads\/2024\/10\/bordeaux-begles-sur-un-n-8-de-sale-pour-remplacer-tatafu.jpg","contentUrl":"https:\/\/jumeaux91.fr\/blog\/wp-content\/uploads\/2024\/10\/bordeaux-begles-sur-un-n-8-de-sale-pour-remplacer-tatafu.jpg","width":1200,"height":630,"caption":"Bordeaux B\u00e8gles sur un N"},{"@type":"BreadcrumbList","@id":"https:\/\/jumeaux91.fr\/blog\/bordeaux-begles-sur-un-n-8-de-sale-pour-remplacer-tatafu\/#breadcrumb","itemListElement":[{"@type":"ListItem","position":1,"name":"Accueil","item":"https:\/\/jumeaux91.fr\/blog\/"},{"@type":"ListItem","position":2,"name":"Bordeaux-B\u00e8gles sur un N.8 de Sale pour remplacer Tatafu"}]},{"@type":"WebSite","@id":"https:\/\/jumeaux91.fr\/blog\/#website","url":"https:\/\/jumeaux91.fr\/blog\/","name":"JUMEAUX91","description":"Fr\u00e8res jumeaux de l&#039;Essonnes; informations et archives, \u00e0 savoir et retenir.","publisher":{"@id":"https:\/\/jumeaux91.fr\/blog\/#organization"},"potentialAction":[{"@type":"SearchAction","target":{"@type":"EntryPoint","urlTemplate":"https:\/\/jumeaux91.fr\/blog\/?s={search_term_string}"},"query-input":{"@type":"PropertyValueSpecification","valueRequired":true,"valueName":"search_term_string"}}],"inLanguage":"fr-FR"},{"@type":"Organization","@id":"https:\/\/jumeaux91.fr\/blog\/#organization","name":"jumeaux91","url":"https:\/\/jumeaux91.fr\/blog\/","logo":{"@type":"ImageObject","inLanguage":"fr-FR","@id":"https:\/\/jumeaux91.fr\/blog\/#\/schema\/logo\/image\/","url":"https:\/\/jumeaux91.fr\/blog\/wp-content\/uploads\/2023\/05\/cropped-cropped-logoJ_91.png","contentUrl":"https:\/\/jumeaux91.fr\/blog\/wp-content\/uploads\/2023\/05\/cropped-cropped-logoJ_91.png","width":512,"height":512,"caption":"jumeaux91"},"image":{"@id":"https:\/\/jumeaux91.fr\/blog\/#\/schema\/logo\/image\/"}},{"@type":"Person","@id":"https:\/\/jumeaux91.fr\/blog\/#\/schema\/person\/21da06e9f119b9f64e5d45dbbd32d3fb","name":"Claude DAYRES","image":{"@type":"ImageObject","inLanguage":"fr-FR","@id":"https:\/\/secure.gravatar.com\/avatar\/82eb951df6110a2c48d1bfa7a67d1ee6f0cd5df3cbf9c3586dd61e82db7172a5?s=96&d=mm&r=g","url":"https:\/\/secure.gravatar.com\/avatar\/82eb951df6110a2c48d1bfa7a67d1ee6f0cd5df3cbf9c3586dd61e82db7172a5?s=96&d=mm&r=g","contentUrl":"https:\/\/secure.gravatar.com\/avatar\/82eb951df6110a2c48d1bfa7a67d1ee6f0cd5df3cbf9c3586dd61e82db7172a5?s=96&d=mm&r=g","caption":"Claude DAYRES"},"url":"https:\/\/jumeaux91.fr\/blog\/author\/x91claude\/"}]}},"_links":{"self":[{"href":"https:\/\/jumeaux91.fr\/blog\/wp-json\/wp\/v2\/posts\/804","targetHints":{"allow":["GET"]}}],"collection":[{"href":"https:\/\/jumeaux91.fr\/blog\/wp-json\/wp\/v2\/posts"}],"about":[{"href":"https:\/\/jumeaux91.fr\/blog\/wp-json\/wp\/v2\/types\/post"}],"author":[{"embeddable":true,"href":"https:\/\/jumeaux91.fr\/blog\/wp-json\/wp\/v2\/users\/2"}],"replies":[{"embeddable":true,"href":"https:\/\/jumeaux91.fr\/blog\/wp-json\/wp\/v2\/comments?post=804"}],"version-history":[{"count":0,"href":"https:\/\/jumeaux91.fr\/blog\/wp-json\/wp\/v2\/posts\/804\/revisions"}],"wp:featuredmedia":[{"embeddable":true,"href":"https:\/\/jumeaux91.fr\/blog\/wp-json\/wp\/v2\/media\/805"}],"wp:attachment":[{"href":"https:\/\/jumeaux91.fr\/blog\/wp-json\/wp\/v2\/media?parent=804"}],"wp:term":[{"taxonomy":"category","embeddable":true,"href":"https:\/\/jumeaux91.fr\/blog\/wp-json\/wp\/v2\/categories?post=804"},{"taxonomy":"post_tag","embeddable":true,"href":"https:\/\/jumeaux91.fr\/blog\/wp-json\/wp\/v2\/tags?post=804"}],"curies":[{"name":"wp","href":"https:\/\/api.w.org\/{rel}","templated":true}]}}