{"id":821,"date":"2024-10-16T01:00:00","date_gmt":"2024-10-15T23:00:00","guid":{"rendered":"https:\/\/jumeaux91.fr\/blog\/transformers-le-commencement-en-avant-premiere-au-cine-dyke\/"},"modified":"2024-10-16T01:00:00","modified_gmt":"2024-10-15T23:00:00","slug":"transformers-le-commencement-en-avant-premiere-au-cine-dyke","status":"publish","type":"post","link":"https:\/\/jumeaux91.fr\/blog\/transformers-le-commencement-en-avant-premiere-au-cine-dyke\/","title":{"rendered":"\u00ab\u00a0Transformers : Le commencement\u00a0\u00bb en avant-premi\u00e8re au Cin\u00e9 Dyke"},"content":{"rendered":"<div><img decoding=\"async\" src=\"https:\/\/jumeaux91.fr\/blog\/wp-content\/uploads\/2024\/10\/transformers-le-commencement-en-avant-premiere-au-cine-dyke.jpg\" class=\"ff-og-image-inserted\"><\/div>\n<p class=\"s-title4\">Avant-premi\u00e8re<\/p>\n<p><em><strong>TRANSFORMERS : LE COMMENCEMENT<\/strong><\/em>&nbsp;est en avant-premi\u00e8re ce dimanche 20 octobre \u00e0 14h au cin\u00e9 Dyke du Puy. Sortie officielle du film, le 23 octobre 2024.<\/p>\n<p>[embedded content]<\/p>\n<p><strong>Synopsis :<\/strong> Le premier film d&rsquo;animation Transformers depuis l&rsquo;original de 1986. Ce film se d\u00e9roule enti\u00e8rement sur Cybertron et raconte comment deux fr\u00e8res d\u2019armes, Optimus Prime et Megatron, sont devenus ennemis jur\u00e9s, menant au plus grand des combats entre les Autobots et les Decepticons.<\/p>\n<p class=\"s-title4\">\u00c0 l&rsquo;affiche<\/p>\n<p>Envie de vous faire une toile ? D\u00e9couvrez les films attendus en salles ce mercredi 16 octobre au Cin\u00e9 Dyke du Puy.<\/p>\n<p><strong>Plus d&rsquo;infos sur les horaires ou film \u00e0 l&rsquo;affiche &gt;<a href=\"http:\/\/cine-dyke.fr\/FR\/42\" rel=\"noopener nofollow\" target=\"_blank\">ici<\/a>&lt;.<\/strong><\/p>\n<ul>\n<li><em><strong>L&rsquo;AMOUR OUF &#8211;<\/strong><\/em> Les ann\u00e9es 80, dans le nord de la France. Jackie et Clotaire grandissent entre les bancs du lyc\u00e9e et les docks du port. Elle \u00e9tudie, il traine. Et puis leurs destins se croisent et c&rsquo;est l&rsquo;amour fou. La vie s&rsquo;efforcera de les s\u00e9parer mais rien n&rsquo;y fait, ces deux-l\u00e0 sont comme les deux ventricules du m\u00eame c\u0153ur&#8230;<\/li>\n<\/ul>\n<p>[embedded content]<\/p>\n<ul>\n<li><em><strong>ALL WE IMAGINE AS LIGHT &#8211;<\/strong><\/em> Sans nouvelles de son mari depuis des ann\u00e9es, Prabha, infirmi\u00e8re \u00e0 Mumbai, s&rsquo;interdit toute vie sentimentale. De son c\u00f4t\u00e9, Anu, sa jeune colocataire, fr\u00e9quente en cachette un jeune homme qu&rsquo;elle n&rsquo;a pas le droit d&rsquo;aimer. Lors d&rsquo;un s\u00e9jour dans un village c\u00f4tier, ces deux femmes emp\u00each\u00e9es dans leurs d\u00e9sirs entrevoient enfin la promesse d&rsquo;une libert\u00e9 nouvelle.<\/li>\n<\/ul>\n<p>[embedded content]<\/p>\n<ul>\n<li><em><strong>MON PETIT HALLOWEEN &#8211;<\/strong><\/em> Chaque ann\u00e9e, les monstres n&rsquo;ont qu&rsquo;une journ\u00e9e pour venir hanter les rues et faire peur aux enfants avant de repartir au Pays d&rsquo;Halloween\u2026 Mais comment effrayer qui que ce soit quand on est aussi mignon que Gary ? Pr\u00e9parez-vous car, cette ann\u00e9e, Halloween sera plein de surprises : les monstres deviendront rigolos, les sorci\u00e8res seront douces comme des agneaux et les petits fant\u00f4mes pourraient m\u00eame devenir vos amis\u2026 ou pas !<\/li>\n<\/ul>\n<p>[embedded content]<\/p>\n<p> La chronique se veut g\u00e9n\u00e9r\u00e9e de la fa\u00e7on la plus claire que possible. Dans le cas o\u00f9 vous souhaitez pr\u00e9senter des renseignements compl\u00e9mentaires \u00e0 cet article sur le sujet \u00ab\u00a0Fr\u00e8res jumeaux de l&rsquo;Essonnes\u00a0\u00bb il vous est possible d\u2019\u00e9crire aux contacts indiqu\u00e9s sur notre website. La raison d\u2019\u00eatre de jumeaux91.fr \u00e9tant de rassembler sur le web des posts sur le sujet de Fr\u00e8res jumeaux de l&rsquo;Essonnes puis les diffuser en r\u00e9pondant au mieux aux interrogations des gens. Vous pouvez tirer profit de cet article traitant le sujet \u00ab\u00a0Fr\u00e8res jumeaux de l&rsquo;Essonnes\u00a0\u00bb. Il est concoct\u00e9 par l\u2019\u00e9quipe jumeaux91.fr. Prochainement, nous rendrons accessibles au public d&rsquo;autres informations pertinentes sur le sujet \u00ab\u00a0Fr\u00e8res jumeaux de l&rsquo;Essonnes\u00a0\u00bb. Alors, consultez syst\u00e9matiquement notre blog.<\/p>\n","protected":false},"excerpt":{"rendered":"<p>Avant-premi\u00e8re TRANSFORMERS : LE COMMENCEMENT&nbsp;est en avant-premi\u00e8re ce dimanche 20 octobre \u00e0 14h au cin\u00e9 Dyke du Puy. Sortie officielle du film, le 23 octobre 2024. [embedded content] Synopsis : Le premier film d&rsquo;animation Transformers depuis l&rsquo;original de 1986. Ce film se d\u00e9roule enti\u00e8rement sur Cybertron et raconte comment deux fr\u00e8res d\u2019armes, Optimus Prime et&hellip; <a class=\"more-link\" href=\"https:\/\/jumeaux91.fr\/blog\/transformers-le-commencement-en-avant-premiere-au-cine-dyke\/\">Poursuivre la lecture <span class=\"screen-reader-text\">\u00ab\u00a0Transformers : Le commencement\u00a0\u00bb en avant-premi\u00e8re au Cin\u00e9 Dyke<\/span><\/a><\/p>\n","protected":false},"author":2,"featured_media":822,"comment_status":"closed","ping_status":"closed","sticky":false,"template":"","format":"standard","meta":{"footnotes":""},"categories":[4],"tags":[],"class_list":["post-821","post","type-post","status-publish","format-standard","has-post-thumbnail","hentry","category-posts-freres-jumeaux-de-lessonnes","entry"],"yoast_head":"<!-- This site is optimized with the Yoast SEO plugin v27.5 - https:\/\/yoast.com\/product\/yoast-seo-wordpress\/ -->\n<title>&quot;Transformers : Le commencement&quot; en avant-premi\u00e8re au Cin\u00e9 Dyke - JUMEAUX91<\/title>\n<meta name=\"robots\" content=\"index, follow, max-snippet:-1, max-image-preview:large, max-video-preview:-1\" \/>\n<link rel=\"canonical\" href=\"https:\/\/jumeaux91.fr\/blog\/transformers-le-commencement-en-avant-premiere-au-cine-dyke\/\" \/>\n<meta property=\"og:locale\" content=\"fr_FR\" \/>\n<meta property=\"og:type\" content=\"article\" \/>\n<meta property=\"og:title\" content=\"&quot;Transformers : Le commencement&quot; en avant-premi\u00e8re au Cin\u00e9 Dyke - JUMEAUX91\" \/>\n<meta property=\"og:description\" content=\"Avant-premi\u00e8re TRANSFORMERS : LE COMMENCEMENT&nbsp;est en avant-premi\u00e8re ce dimanche 20 octobre \u00e0 14h au cin\u00e9 Dyke du Puy. Sortie officielle du film, le 23 octobre 2024. [embedded content] Synopsis : Le premier film d&rsquo;animation Transformers depuis l&rsquo;original de 1986. Ce film se d\u00e9roule enti\u00e8rement sur Cybertron et raconte comment deux fr\u00e8res d\u2019armes, Optimus Prime et&hellip; Poursuivre la lecture \u00ab\u00a0Transformers : Le commencement\u00a0\u00bb en avant-premi\u00e8re au Cin\u00e9 Dyke\" \/>\n<meta property=\"og:url\" content=\"https:\/\/jumeaux91.fr\/blog\/transformers-le-commencement-en-avant-premiere-au-cine-dyke\/\" \/>\n<meta property=\"og:site_name\" content=\"JUMEAUX91\" \/>\n<meta property=\"article:published_time\" content=\"2024-10-15T23:00:00+00:00\" \/>\n<meta property=\"og:image\" content=\"https:\/\/jumeaux91.fr\/blog\/wp-content\/uploads\/2024\/10\/transformers-le-commencement-en-avant-premiere-au-cine-dyke.jpg\" \/>\n<meta name=\"author\" content=\"Claude DAYRES\" \/>\n<meta name=\"twitter:card\" content=\"summary_large_image\" \/>\n<meta name=\"twitter:label1\" content=\"\u00c9crit par\" \/>\n\t<meta name=\"twitter:data1\" content=\"Claude DAYRES\" \/>\n\t<meta name=\"twitter:label2\" content=\"Dur\u00e9e de lecture estim\u00e9e\" \/>\n\t<meta name=\"twitter:data2\" content=\"2 minutes\" \/>\n<script type=\"application\/ld+json\" class=\"yoast-schema-graph\">{\"@context\":\"https:\\\/\\\/schema.org\",\"@graph\":[{\"@type\":\"Article\",\"@id\":\"https:\\\/\\\/jumeaux91.fr\\\/blog\\\/transformers-le-commencement-en-avant-premiere-au-cine-dyke\\\/#article\",\"isPartOf\":{\"@id\":\"https:\\\/\\\/jumeaux91.fr\\\/blog\\\/transformers-le-commencement-en-avant-premiere-au-cine-dyke\\\/\"},\"author\":{\"name\":\"Claude DAYRES\",\"@id\":\"https:\\\/\\\/jumeaux91.fr\\\/blog\\\/#\\\/schema\\\/person\\\/21da06e9f119b9f64e5d45dbbd32d3fb\"},\"headline\":\"\u00ab\u00a0Transformers : Le commencement\u00a0\u00bb en avant-premi\u00e8re au Cin\u00e9 Dyke\",\"datePublished\":\"2024-10-15T23:00:00+00:00\",\"mainEntityOfPage\":{\"@id\":\"https:\\\/\\\/jumeaux91.fr\\\/blog\\\/transformers-le-commencement-en-avant-premiere-au-cine-dyke\\\/\"},\"wordCount\":493,\"publisher\":{\"@id\":\"https:\\\/\\\/jumeaux91.fr\\\/blog\\\/#organization\"},\"image\":{\"@id\":\"https:\\\/\\\/jumeaux91.fr\\\/blog\\\/transformers-le-commencement-en-avant-premiere-au-cine-dyke\\\/#primaryimage\"},\"thumbnailUrl\":\"https:\\\/\\\/jumeaux91.fr\\\/blog\\\/wp-content\\\/uploads\\\/2024\\\/10\\\/transformers-le-commencement-en-avant-premiere-au-cine-dyke.jpg\",\"articleSection\":[\"Posts Fr\u00e8res Jumeaux De L'Essonnes:\"],\"inLanguage\":\"fr-FR\"},{\"@type\":\"WebPage\",\"@id\":\"https:\\\/\\\/jumeaux91.fr\\\/blog\\\/transformers-le-commencement-en-avant-premiere-au-cine-dyke\\\/\",\"url\":\"https:\\\/\\\/jumeaux91.fr\\\/blog\\\/transformers-le-commencement-en-avant-premiere-au-cine-dyke\\\/\",\"name\":\"\\\"Transformers : Le commencement\\\" en avant-premi\u00e8re au Cin\u00e9 Dyke - JUMEAUX91\",\"isPartOf\":{\"@id\":\"https:\\\/\\\/jumeaux91.fr\\\/blog\\\/#website\"},\"primaryImageOfPage\":{\"@id\":\"https:\\\/\\\/jumeaux91.fr\\\/blog\\\/transformers-le-commencement-en-avant-premiere-au-cine-dyke\\\/#primaryimage\"},\"image\":{\"@id\":\"https:\\\/\\\/jumeaux91.fr\\\/blog\\\/transformers-le-commencement-en-avant-premiere-au-cine-dyke\\\/#primaryimage\"},\"thumbnailUrl\":\"https:\\\/\\\/jumeaux91.fr\\\/blog\\\/wp-content\\\/uploads\\\/2024\\\/10\\\/transformers-le-commencement-en-avant-premiere-au-cine-dyke.jpg\",\"datePublished\":\"2024-10-15T23:00:00+00:00\",\"breadcrumb\":{\"@id\":\"https:\\\/\\\/jumeaux91.fr\\\/blog\\\/transformers-le-commencement-en-avant-premiere-au-cine-dyke\\\/#breadcrumb\"},\"inLanguage\":\"fr-FR\",\"potentialAction\":[{\"@type\":\"ReadAction\",\"target\":[\"https:\\\/\\\/jumeaux91.fr\\\/blog\\\/transformers-le-commencement-en-avant-premiere-au-cine-dyke\\\/\"]}]},{\"@type\":\"ImageObject\",\"inLanguage\":\"fr-FR\",\"@id\":\"https:\\\/\\\/jumeaux91.fr\\\/blog\\\/transformers-le-commencement-en-avant-premiere-au-cine-dyke\\\/#primaryimage\",\"url\":\"https:\\\/\\\/jumeaux91.fr\\\/blog\\\/wp-content\\\/uploads\\\/2024\\\/10\\\/transformers-le-commencement-en-avant-premiere-au-cine-dyke.jpg\",\"contentUrl\":\"https:\\\/\\\/jumeaux91.fr\\\/blog\\\/wp-content\\\/uploads\\\/2024\\\/10\\\/transformers-le-commencement-en-avant-premiere-au-cine-dyke.jpg\",\"width\":800,\"height\":449,\"caption\":\"\\\"Transformers : Le commencement\\\" en avant premi\u00e8re au Cin\u00e9 Dyke\"},{\"@type\":\"BreadcrumbList\",\"@id\":\"https:\\\/\\\/jumeaux91.fr\\\/blog\\\/transformers-le-commencement-en-avant-premiere-au-cine-dyke\\\/#breadcrumb\",\"itemListElement\":[{\"@type\":\"ListItem\",\"position\":1,\"name\":\"Accueil\",\"item\":\"https:\\\/\\\/jumeaux91.fr\\\/blog\\\/\"},{\"@type\":\"ListItem\",\"position\":2,\"name\":\"\u00ab\u00a0Transformers : Le commencement\u00a0\u00bb en avant-premi\u00e8re au Cin\u00e9 Dyke\"}]},{\"@type\":\"WebSite\",\"@id\":\"https:\\\/\\\/jumeaux91.fr\\\/blog\\\/#website\",\"url\":\"https:\\\/\\\/jumeaux91.fr\\\/blog\\\/\",\"name\":\"JUMEAUX91\",\"description\":\"Fr\u00e8res jumeaux de l&#039;Essonnes; informations et archives, \u00e0 savoir et retenir.\",\"publisher\":{\"@id\":\"https:\\\/\\\/jumeaux91.fr\\\/blog\\\/#organization\"},\"potentialAction\":[{\"@type\":\"SearchAction\",\"target\":{\"@type\":\"EntryPoint\",\"urlTemplate\":\"https:\\\/\\\/jumeaux91.fr\\\/blog\\\/?s={search_term_string}\"},\"query-input\":{\"@type\":\"PropertyValueSpecification\",\"valueRequired\":true,\"valueName\":\"search_term_string\"}}],\"inLanguage\":\"fr-FR\"},{\"@type\":\"Organization\",\"@id\":\"https:\\\/\\\/jumeaux91.fr\\\/blog\\\/#organization\",\"name\":\"jumeaux91\",\"url\":\"https:\\\/\\\/jumeaux91.fr\\\/blog\\\/\",\"logo\":{\"@type\":\"ImageObject\",\"inLanguage\":\"fr-FR\",\"@id\":\"https:\\\/\\\/jumeaux91.fr\\\/blog\\\/#\\\/schema\\\/logo\\\/image\\\/\",\"url\":\"https:\\\/\\\/jumeaux91.fr\\\/blog\\\/wp-content\\\/uploads\\\/2023\\\/05\\\/cropped-cropped-logoJ_91.png\",\"contentUrl\":\"https:\\\/\\\/jumeaux91.fr\\\/blog\\\/wp-content\\\/uploads\\\/2023\\\/05\\\/cropped-cropped-logoJ_91.png\",\"width\":512,\"height\":512,\"caption\":\"jumeaux91\"},\"image\":{\"@id\":\"https:\\\/\\\/jumeaux91.fr\\\/blog\\\/#\\\/schema\\\/logo\\\/image\\\/\"}},{\"@type\":\"Person\",\"@id\":\"https:\\\/\\\/jumeaux91.fr\\\/blog\\\/#\\\/schema\\\/person\\\/21da06e9f119b9f64e5d45dbbd32d3fb\",\"name\":\"Claude DAYRES\",\"image\":{\"@type\":\"ImageObject\",\"inLanguage\":\"fr-FR\",\"@id\":\"https:\\\/\\\/secure.gravatar.com\\\/avatar\\\/82eb951df6110a2c48d1bfa7a67d1ee6f0cd5df3cbf9c3586dd61e82db7172a5?s=96&d=mm&r=g\",\"url\":\"https:\\\/\\\/secure.gravatar.com\\\/avatar\\\/82eb951df6110a2c48d1bfa7a67d1ee6f0cd5df3cbf9c3586dd61e82db7172a5?s=96&d=mm&r=g\",\"contentUrl\":\"https:\\\/\\\/secure.gravatar.com\\\/avatar\\\/82eb951df6110a2c48d1bfa7a67d1ee6f0cd5df3cbf9c3586dd61e82db7172a5?s=96&d=mm&r=g\",\"caption\":\"Claude DAYRES\"},\"url\":\"https:\\\/\\\/jumeaux91.fr\\\/blog\\\/author\\\/x91claude\\\/\"}]}<\/script>\n<!-- \/ Yoast SEO plugin. -->","yoast_head_json":{"title":"\"Transformers : Le commencement\" en avant-premi\u00e8re au Cin\u00e9 Dyke - JUMEAUX91","robots":{"index":"index","follow":"follow","max-snippet":"max-snippet:-1","max-image-preview":"max-image-preview:large","max-video-preview":"max-video-preview:-1"},"canonical":"https:\/\/jumeaux91.fr\/blog\/transformers-le-commencement-en-avant-premiere-au-cine-dyke\/","og_locale":"fr_FR","og_type":"article","og_title":"\"Transformers : Le commencement\" en avant-premi\u00e8re au Cin\u00e9 Dyke - JUMEAUX91","og_description":"Avant-premi\u00e8re TRANSFORMERS : LE COMMENCEMENT&nbsp;est en avant-premi\u00e8re ce dimanche 20 octobre \u00e0 14h au cin\u00e9 Dyke du Puy. Sortie officielle du film, le 23 octobre 2024. [embedded content] Synopsis : Le premier film d&rsquo;animation Transformers depuis l&rsquo;original de 1986. Ce film se d\u00e9roule enti\u00e8rement sur Cybertron et raconte comment deux fr\u00e8res d\u2019armes, Optimus Prime et&hellip; Poursuivre la lecture \u00ab\u00a0Transformers : Le commencement\u00a0\u00bb en avant-premi\u00e8re au Cin\u00e9 Dyke","og_url":"https:\/\/jumeaux91.fr\/blog\/transformers-le-commencement-en-avant-premiere-au-cine-dyke\/","og_site_name":"JUMEAUX91","article_published_time":"2024-10-15T23:00:00+00:00","og_image":[{"url":"https:\/\/jumeaux91.fr\/blog\/wp-content\/uploads\/2024\/10\/transformers-le-commencement-en-avant-premiere-au-cine-dyke.jpg","type":"","width":"","height":""}],"author":"Claude DAYRES","twitter_card":"summary_large_image","twitter_misc":{"\u00c9crit par":"Claude DAYRES","Dur\u00e9e de lecture estim\u00e9e":"2 minutes"},"schema":{"@context":"https:\/\/schema.org","@graph":[{"@type":"Article","@id":"https:\/\/jumeaux91.fr\/blog\/transformers-le-commencement-en-avant-premiere-au-cine-dyke\/#article","isPartOf":{"@id":"https:\/\/jumeaux91.fr\/blog\/transformers-le-commencement-en-avant-premiere-au-cine-dyke\/"},"author":{"name":"Claude DAYRES","@id":"https:\/\/jumeaux91.fr\/blog\/#\/schema\/person\/21da06e9f119b9f64e5d45dbbd32d3fb"},"headline":"\u00ab\u00a0Transformers : Le commencement\u00a0\u00bb en avant-premi\u00e8re au Cin\u00e9 Dyke","datePublished":"2024-10-15T23:00:00+00:00","mainEntityOfPage":{"@id":"https:\/\/jumeaux91.fr\/blog\/transformers-le-commencement-en-avant-premiere-au-cine-dyke\/"},"wordCount":493,"publisher":{"@id":"https:\/\/jumeaux91.fr\/blog\/#organization"},"image":{"@id":"https:\/\/jumeaux91.fr\/blog\/transformers-le-commencement-en-avant-premiere-au-cine-dyke\/#primaryimage"},"thumbnailUrl":"https:\/\/jumeaux91.fr\/blog\/wp-content\/uploads\/2024\/10\/transformers-le-commencement-en-avant-premiere-au-cine-dyke.jpg","articleSection":["Posts Fr\u00e8res Jumeaux De L'Essonnes:"],"inLanguage":"fr-FR"},{"@type":"WebPage","@id":"https:\/\/jumeaux91.fr\/blog\/transformers-le-commencement-en-avant-premiere-au-cine-dyke\/","url":"https:\/\/jumeaux91.fr\/blog\/transformers-le-commencement-en-avant-premiere-au-cine-dyke\/","name":"\"Transformers : Le commencement\" en avant-premi\u00e8re au Cin\u00e9 Dyke - JUMEAUX91","isPartOf":{"@id":"https:\/\/jumeaux91.fr\/blog\/#website"},"primaryImageOfPage":{"@id":"https:\/\/jumeaux91.fr\/blog\/transformers-le-commencement-en-avant-premiere-au-cine-dyke\/#primaryimage"},"image":{"@id":"https:\/\/jumeaux91.fr\/blog\/transformers-le-commencement-en-avant-premiere-au-cine-dyke\/#primaryimage"},"thumbnailUrl":"https:\/\/jumeaux91.fr\/blog\/wp-content\/uploads\/2024\/10\/transformers-le-commencement-en-avant-premiere-au-cine-dyke.jpg","datePublished":"2024-10-15T23:00:00+00:00","breadcrumb":{"@id":"https:\/\/jumeaux91.fr\/blog\/transformers-le-commencement-en-avant-premiere-au-cine-dyke\/#breadcrumb"},"inLanguage":"fr-FR","potentialAction":[{"@type":"ReadAction","target":["https:\/\/jumeaux91.fr\/blog\/transformers-le-commencement-en-avant-premiere-au-cine-dyke\/"]}]},{"@type":"ImageObject","inLanguage":"fr-FR","@id":"https:\/\/jumeaux91.fr\/blog\/transformers-le-commencement-en-avant-premiere-au-cine-dyke\/#primaryimage","url":"https:\/\/jumeaux91.fr\/blog\/wp-content\/uploads\/2024\/10\/transformers-le-commencement-en-avant-premiere-au-cine-dyke.jpg","contentUrl":"https:\/\/jumeaux91.fr\/blog\/wp-content\/uploads\/2024\/10\/transformers-le-commencement-en-avant-premiere-au-cine-dyke.jpg","width":800,"height":449,"caption":"\"Transformers : Le commencement\" en avant premi\u00e8re au Cin\u00e9 Dyke"},{"@type":"BreadcrumbList","@id":"https:\/\/jumeaux91.fr\/blog\/transformers-le-commencement-en-avant-premiere-au-cine-dyke\/#breadcrumb","itemListElement":[{"@type":"ListItem","position":1,"name":"Accueil","item":"https:\/\/jumeaux91.fr\/blog\/"},{"@type":"ListItem","position":2,"name":"\u00ab\u00a0Transformers : Le commencement\u00a0\u00bb en avant-premi\u00e8re au Cin\u00e9 Dyke"}]},{"@type":"WebSite","@id":"https:\/\/jumeaux91.fr\/blog\/#website","url":"https:\/\/jumeaux91.fr\/blog\/","name":"JUMEAUX91","description":"Fr\u00e8res jumeaux de l&#039;Essonnes; informations et archives, \u00e0 savoir et retenir.","publisher":{"@id":"https:\/\/jumeaux91.fr\/blog\/#organization"},"potentialAction":[{"@type":"SearchAction","target":{"@type":"EntryPoint","urlTemplate":"https:\/\/jumeaux91.fr\/blog\/?s={search_term_string}"},"query-input":{"@type":"PropertyValueSpecification","valueRequired":true,"valueName":"search_term_string"}}],"inLanguage":"fr-FR"},{"@type":"Organization","@id":"https:\/\/jumeaux91.fr\/blog\/#organization","name":"jumeaux91","url":"https:\/\/jumeaux91.fr\/blog\/","logo":{"@type":"ImageObject","inLanguage":"fr-FR","@id":"https:\/\/jumeaux91.fr\/blog\/#\/schema\/logo\/image\/","url":"https:\/\/jumeaux91.fr\/blog\/wp-content\/uploads\/2023\/05\/cropped-cropped-logoJ_91.png","contentUrl":"https:\/\/jumeaux91.fr\/blog\/wp-content\/uploads\/2023\/05\/cropped-cropped-logoJ_91.png","width":512,"height":512,"caption":"jumeaux91"},"image":{"@id":"https:\/\/jumeaux91.fr\/blog\/#\/schema\/logo\/image\/"}},{"@type":"Person","@id":"https:\/\/jumeaux91.fr\/blog\/#\/schema\/person\/21da06e9f119b9f64e5d45dbbd32d3fb","name":"Claude DAYRES","image":{"@type":"ImageObject","inLanguage":"fr-FR","@id":"https:\/\/secure.gravatar.com\/avatar\/82eb951df6110a2c48d1bfa7a67d1ee6f0cd5df3cbf9c3586dd61e82db7172a5?s=96&d=mm&r=g","url":"https:\/\/secure.gravatar.com\/avatar\/82eb951df6110a2c48d1bfa7a67d1ee6f0cd5df3cbf9c3586dd61e82db7172a5?s=96&d=mm&r=g","contentUrl":"https:\/\/secure.gravatar.com\/avatar\/82eb951df6110a2c48d1bfa7a67d1ee6f0cd5df3cbf9c3586dd61e82db7172a5?s=96&d=mm&r=g","caption":"Claude DAYRES"},"url":"https:\/\/jumeaux91.fr\/blog\/author\/x91claude\/"}]}},"_links":{"self":[{"href":"https:\/\/jumeaux91.fr\/blog\/wp-json\/wp\/v2\/posts\/821","targetHints":{"allow":["GET"]}}],"collection":[{"href":"https:\/\/jumeaux91.fr\/blog\/wp-json\/wp\/v2\/posts"}],"about":[{"href":"https:\/\/jumeaux91.fr\/blog\/wp-json\/wp\/v2\/types\/post"}],"author":[{"embeddable":true,"href":"https:\/\/jumeaux91.fr\/blog\/wp-json\/wp\/v2\/users\/2"}],"replies":[{"embeddable":true,"href":"https:\/\/jumeaux91.fr\/blog\/wp-json\/wp\/v2\/comments?post=821"}],"version-history":[{"count":0,"href":"https:\/\/jumeaux91.fr\/blog\/wp-json\/wp\/v2\/posts\/821\/revisions"}],"wp:featuredmedia":[{"embeddable":true,"href":"https:\/\/jumeaux91.fr\/blog\/wp-json\/wp\/v2\/media\/822"}],"wp:attachment":[{"href":"https:\/\/jumeaux91.fr\/blog\/wp-json\/wp\/v2\/media?parent=821"}],"wp:term":[{"taxonomy":"category","embeddable":true,"href":"https:\/\/jumeaux91.fr\/blog\/wp-json\/wp\/v2\/categories?post=821"},{"taxonomy":"post_tag","embeddable":true,"href":"https:\/\/jumeaux91.fr\/blog\/wp-json\/wp\/v2\/tags?post=821"}],"curies":[{"name":"wp","href":"https:\/\/api.w.org\/{rel}","templated":true}]}}