{"id":827,"date":"2024-10-16T13:20:00","date_gmt":"2024-10-16T11:20:00","guid":{"rendered":"https:\/\/jumeaux91.fr\/blog\/jeanne-rachel-modi-veuve-courage\/"},"modified":"2024-10-16T13:20:00","modified_gmt":"2024-10-16T11:20:00","slug":"jeanne-rachel-modi-veuve-courage","status":"publish","type":"post","link":"https:\/\/jumeaux91.fr\/blog\/jeanne-rachel-modi-veuve-courage\/","title":{"rendered":"Jeanne Rachel Modi, veuve courage"},"content":{"rendered":"<div><img decoding=\"async\" src=\"https:\/\/jumeaux91.fr\/blog\/wp-content\/uploads\/2024\/10\/jeanne-rachel-modi-veuve-courage.jpg\" class=\"ff-og-image-inserted\"><\/div>\n<p>Blaser cintr\u00e9, coiffure \u00e9l\u00e9gante et un brin fantaisiste, sourire malicieux\u2026 rien dans l\u2019apparence de Jeanne Rachel Modi ne laisse transpara\u00eetre les \u00e9preuves qu\u2019elle a travers\u00e9es. H\u00e9berg\u00e9e dans une r\u00e9sidence autonomie \u00e0 Saint-Denis gr\u00e2ce \u00e0 l\u2019association Petits Fr\u00e8res des pauvres, cette Camerounaise de 77&nbsp;ans, qui vit en France depuis l\u2019\u00e2ge de 16&nbsp;ans, fait partie des <a href=\"https:\/\/www.humanite.fr\/societe\/pauvrete\/precarite-des-seniors-au-moins-deux-millions-de-nos-aines-soumis-aux-privations-et-a-lisolement-pointe-un-rapport-de-lassociation-petits-freres-des-pauvres\" target=\"_blank\" rel=\"nofollow\">67&nbsp;% de femmes \u00e2g\u00e9es en situation de grande pr\u00e9carit\u00e9<\/a>.<\/p>\n<h2 class=\"wp-block-heading\">\u00ab&nbsp;J\u2019ai cousu des pointes de ballerines, j\u2019ai \u00e9t\u00e9 matelassi\u00e8re&nbsp;\u00bb<\/h2>\n<p>Pourtant, il y a encore cinq ans, elle \u00e9tait loin d\u2019imaginer vivre sa retraite de cette mani\u00e8re. Avec son mari, professeur \u00e9m\u00e9rite d\u2019\u00e9conomie \u00e0 l\u2019universit\u00e9 de Saint-Denis, ils vivaient dans une maison confortable \u00e0 Villepinte. Jeanne Rachel comptait finir ses jours sereine, aupr\u00e8s de celui qui a \u00e9t\u00e9 son premier et seul amour.<\/p>\n<p> La chronique se veut g\u00e9n\u00e9r\u00e9e de la fa\u00e7on la plus claire que possible. Dans le cas o\u00f9 vous souhaitez pr\u00e9senter des renseignements compl\u00e9mentaires \u00e0 cet article sur le sujet \u00ab\u00a0Fr\u00e8res jumeaux de l&rsquo;Essonnes\u00a0\u00bb il vous est possible d\u2019\u00e9crire aux contacts indiqu\u00e9s sur notre website. La raison d\u2019\u00eatre de jumeaux91.fr \u00e9tant de rassembler sur le web des posts sur le sujet de Fr\u00e8res jumeaux de l&rsquo;Essonnes puis les diffuser en r\u00e9pondant au mieux aux interrogations des gens. Vous pouvez tirer profit de cet article traitant le sujet \u00ab\u00a0Fr\u00e8res jumeaux de l&rsquo;Essonnes\u00a0\u00bb. Il est concoct\u00e9 par l\u2019\u00e9quipe jumeaux91.fr. Prochainement, nous rendrons accessibles au public d&rsquo;autres informations pertinentes sur le sujet \u00ab\u00a0Fr\u00e8res jumeaux de l&rsquo;Essonnes\u00a0\u00bb. Alors, consultez syst\u00e9matiquement notre blog.<\/p>\n","protected":false},"excerpt":{"rendered":"<p>Blaser cintr\u00e9, coiffure \u00e9l\u00e9gante et un brin fantaisiste, sourire malicieux\u2026 rien dans l\u2019apparence de Jeanne Rachel Modi ne laisse transpara\u00eetre les \u00e9preuves qu\u2019elle a travers\u00e9es. H\u00e9berg\u00e9e dans une r\u00e9sidence autonomie \u00e0 Saint-Denis gr\u00e2ce \u00e0 l\u2019association Petits Fr\u00e8res des pauvres, cette Camerounaise de 77&nbsp;ans, qui vit en France depuis l\u2019\u00e2ge de 16&nbsp;ans, fait partie des 67&nbsp;%&hellip; <a class=\"more-link\" href=\"https:\/\/jumeaux91.fr\/blog\/jeanne-rachel-modi-veuve-courage\/\">Poursuivre la lecture <span class=\"screen-reader-text\">Jeanne Rachel Modi, veuve courage<\/span><\/a><\/p>\n","protected":false},"author":2,"featured_media":828,"comment_status":"closed","ping_status":"closed","sticky":false,"template":"","format":"standard","meta":{"footnotes":""},"categories":[4],"tags":[],"class_list":["post-827","post","type-post","status-publish","format-standard","has-post-thumbnail","hentry","category-posts-freres-jumeaux-de-lessonnes","entry"],"yoast_head":"<!-- This site is optimized with the Yoast SEO plugin v27.5 - https:\/\/yoast.com\/product\/yoast-seo-wordpress\/ -->\n<title>Jeanne Rachel Modi, veuve courage - JUMEAUX91<\/title>\n<meta name=\"robots\" content=\"index, follow, max-snippet:-1, max-image-preview:large, max-video-preview:-1\" \/>\n<link rel=\"canonical\" href=\"https:\/\/jumeaux91.fr\/blog\/jeanne-rachel-modi-veuve-courage\/\" \/>\n<meta property=\"og:locale\" content=\"fr_FR\" \/>\n<meta property=\"og:type\" content=\"article\" \/>\n<meta property=\"og:title\" content=\"Jeanne Rachel Modi, veuve courage - JUMEAUX91\" \/>\n<meta property=\"og:description\" content=\"Blaser cintr\u00e9, coiffure \u00e9l\u00e9gante et un brin fantaisiste, sourire malicieux\u2026 rien dans l\u2019apparence de Jeanne Rachel Modi ne laisse transpara\u00eetre les \u00e9preuves qu\u2019elle a travers\u00e9es. H\u00e9berg\u00e9e dans une r\u00e9sidence autonomie \u00e0 Saint-Denis gr\u00e2ce \u00e0 l\u2019association Petits Fr\u00e8res des pauvres, cette Camerounaise de 77&nbsp;ans, qui vit en France depuis l\u2019\u00e2ge de 16&nbsp;ans, fait partie des 67&nbsp;%&hellip; Poursuivre la lecture Jeanne Rachel Modi, veuve courage\" \/>\n<meta property=\"og:url\" content=\"https:\/\/jumeaux91.fr\/blog\/jeanne-rachel-modi-veuve-courage\/\" \/>\n<meta property=\"og:site_name\" content=\"JUMEAUX91\" \/>\n<meta property=\"article:published_time\" content=\"2024-10-16T11:20:00+00:00\" \/>\n<meta property=\"og:image\" content=\"https:\/\/jumeaux91.fr\/blog\/wp-content\/uploads\/2024\/10\/jeanne-rachel-modi-veuve-courage.jpg\" \/>\n<meta name=\"author\" content=\"Claude DAYRES\" \/>\n<meta name=\"twitter:card\" content=\"summary_large_image\" \/>\n<meta name=\"twitter:label1\" content=\"\u00c9crit par\" \/>\n\t<meta name=\"twitter:data1\" content=\"Claude DAYRES\" \/>\n\t<meta name=\"twitter:label2\" content=\"Dur\u00e9e de lecture estim\u00e9e\" \/>\n\t<meta name=\"twitter:data2\" content=\"1 minute\" \/>\n<script type=\"application\/ld+json\" class=\"yoast-schema-graph\">{\"@context\":\"https:\\\/\\\/schema.org\",\"@graph\":[{\"@type\":\"Article\",\"@id\":\"https:\\\/\\\/jumeaux91.fr\\\/blog\\\/jeanne-rachel-modi-veuve-courage\\\/#article\",\"isPartOf\":{\"@id\":\"https:\\\/\\\/jumeaux91.fr\\\/blog\\\/jeanne-rachel-modi-veuve-courage\\\/\"},\"author\":{\"name\":\"Claude DAYRES\",\"@id\":\"https:\\\/\\\/jumeaux91.fr\\\/blog\\\/#\\\/schema\\\/person\\\/21da06e9f119b9f64e5d45dbbd32d3fb\"},\"headline\":\"Jeanne Rachel Modi, veuve courage\",\"datePublished\":\"2024-10-16T11:20:00+00:00\",\"mainEntityOfPage\":{\"@id\":\"https:\\\/\\\/jumeaux91.fr\\\/blog\\\/jeanne-rachel-modi-veuve-courage\\\/\"},\"wordCount\":292,\"publisher\":{\"@id\":\"https:\\\/\\\/jumeaux91.fr\\\/blog\\\/#organization\"},\"image\":{\"@id\":\"https:\\\/\\\/jumeaux91.fr\\\/blog\\\/jeanne-rachel-modi-veuve-courage\\\/#primaryimage\"},\"thumbnailUrl\":\"https:\\\/\\\/jumeaux91.fr\\\/blog\\\/wp-content\\\/uploads\\\/2024\\\/10\\\/jeanne-rachel-modi-veuve-courage.jpg\",\"articleSection\":[\"Posts Fr\u00e8res Jumeaux De L'Essonnes:\"],\"inLanguage\":\"fr-FR\"},{\"@type\":\"WebPage\",\"@id\":\"https:\\\/\\\/jumeaux91.fr\\\/blog\\\/jeanne-rachel-modi-veuve-courage\\\/\",\"url\":\"https:\\\/\\\/jumeaux91.fr\\\/blog\\\/jeanne-rachel-modi-veuve-courage\\\/\",\"name\":\"Jeanne Rachel Modi, veuve courage - JUMEAUX91\",\"isPartOf\":{\"@id\":\"https:\\\/\\\/jumeaux91.fr\\\/blog\\\/#website\"},\"primaryImageOfPage\":{\"@id\":\"https:\\\/\\\/jumeaux91.fr\\\/blog\\\/jeanne-rachel-modi-veuve-courage\\\/#primaryimage\"},\"image\":{\"@id\":\"https:\\\/\\\/jumeaux91.fr\\\/blog\\\/jeanne-rachel-modi-veuve-courage\\\/#primaryimage\"},\"thumbnailUrl\":\"https:\\\/\\\/jumeaux91.fr\\\/blog\\\/wp-content\\\/uploads\\\/2024\\\/10\\\/jeanne-rachel-modi-veuve-courage.jpg\",\"datePublished\":\"2024-10-16T11:20:00+00:00\",\"breadcrumb\":{\"@id\":\"https:\\\/\\\/jumeaux91.fr\\\/blog\\\/jeanne-rachel-modi-veuve-courage\\\/#breadcrumb\"},\"inLanguage\":\"fr-FR\",\"potentialAction\":[{\"@type\":\"ReadAction\",\"target\":[\"https:\\\/\\\/jumeaux91.fr\\\/blog\\\/jeanne-rachel-modi-veuve-courage\\\/\"]}]},{\"@type\":\"ImageObject\",\"inLanguage\":\"fr-FR\",\"@id\":\"https:\\\/\\\/jumeaux91.fr\\\/blog\\\/jeanne-rachel-modi-veuve-courage\\\/#primaryimage\",\"url\":\"https:\\\/\\\/jumeaux91.fr\\\/blog\\\/wp-content\\\/uploads\\\/2024\\\/10\\\/jeanne-rachel-modi-veuve-courage.jpg\",\"contentUrl\":\"https:\\\/\\\/jumeaux91.fr\\\/blog\\\/wp-content\\\/uploads\\\/2024\\\/10\\\/jeanne-rachel-modi-veuve-courage.jpg\",\"width\":1500,\"height\":844,\"caption\":\"Jeanne Rachel Modi, veuve courage\"},{\"@type\":\"BreadcrumbList\",\"@id\":\"https:\\\/\\\/jumeaux91.fr\\\/blog\\\/jeanne-rachel-modi-veuve-courage\\\/#breadcrumb\",\"itemListElement\":[{\"@type\":\"ListItem\",\"position\":1,\"name\":\"Accueil\",\"item\":\"https:\\\/\\\/jumeaux91.fr\\\/blog\\\/\"},{\"@type\":\"ListItem\",\"position\":2,\"name\":\"Jeanne Rachel Modi, veuve courage\"}]},{\"@type\":\"WebSite\",\"@id\":\"https:\\\/\\\/jumeaux91.fr\\\/blog\\\/#website\",\"url\":\"https:\\\/\\\/jumeaux91.fr\\\/blog\\\/\",\"name\":\"JUMEAUX91\",\"description\":\"Fr\u00e8res jumeaux de l&#039;Essonnes; informations et archives, \u00e0 savoir et retenir.\",\"publisher\":{\"@id\":\"https:\\\/\\\/jumeaux91.fr\\\/blog\\\/#organization\"},\"potentialAction\":[{\"@type\":\"SearchAction\",\"target\":{\"@type\":\"EntryPoint\",\"urlTemplate\":\"https:\\\/\\\/jumeaux91.fr\\\/blog\\\/?s={search_term_string}\"},\"query-input\":{\"@type\":\"PropertyValueSpecification\",\"valueRequired\":true,\"valueName\":\"search_term_string\"}}],\"inLanguage\":\"fr-FR\"},{\"@type\":\"Organization\",\"@id\":\"https:\\\/\\\/jumeaux91.fr\\\/blog\\\/#organization\",\"name\":\"jumeaux91\",\"url\":\"https:\\\/\\\/jumeaux91.fr\\\/blog\\\/\",\"logo\":{\"@type\":\"ImageObject\",\"inLanguage\":\"fr-FR\",\"@id\":\"https:\\\/\\\/jumeaux91.fr\\\/blog\\\/#\\\/schema\\\/logo\\\/image\\\/\",\"url\":\"https:\\\/\\\/jumeaux91.fr\\\/blog\\\/wp-content\\\/uploads\\\/2023\\\/05\\\/cropped-cropped-logoJ_91.png\",\"contentUrl\":\"https:\\\/\\\/jumeaux91.fr\\\/blog\\\/wp-content\\\/uploads\\\/2023\\\/05\\\/cropped-cropped-logoJ_91.png\",\"width\":512,\"height\":512,\"caption\":\"jumeaux91\"},\"image\":{\"@id\":\"https:\\\/\\\/jumeaux91.fr\\\/blog\\\/#\\\/schema\\\/logo\\\/image\\\/\"}},{\"@type\":\"Person\",\"@id\":\"https:\\\/\\\/jumeaux91.fr\\\/blog\\\/#\\\/schema\\\/person\\\/21da06e9f119b9f64e5d45dbbd32d3fb\",\"name\":\"Claude DAYRES\",\"image\":{\"@type\":\"ImageObject\",\"inLanguage\":\"fr-FR\",\"@id\":\"https:\\\/\\\/secure.gravatar.com\\\/avatar\\\/82eb951df6110a2c48d1bfa7a67d1ee6f0cd5df3cbf9c3586dd61e82db7172a5?s=96&d=mm&r=g\",\"url\":\"https:\\\/\\\/secure.gravatar.com\\\/avatar\\\/82eb951df6110a2c48d1bfa7a67d1ee6f0cd5df3cbf9c3586dd61e82db7172a5?s=96&d=mm&r=g\",\"contentUrl\":\"https:\\\/\\\/secure.gravatar.com\\\/avatar\\\/82eb951df6110a2c48d1bfa7a67d1ee6f0cd5df3cbf9c3586dd61e82db7172a5?s=96&d=mm&r=g\",\"caption\":\"Claude DAYRES\"},\"url\":\"https:\\\/\\\/jumeaux91.fr\\\/blog\\\/author\\\/x91claude\\\/\"}]}<\/script>\n<!-- \/ Yoast SEO plugin. -->","yoast_head_json":{"title":"Jeanne Rachel Modi, veuve courage - JUMEAUX91","robots":{"index":"index","follow":"follow","max-snippet":"max-snippet:-1","max-image-preview":"max-image-preview:large","max-video-preview":"max-video-preview:-1"},"canonical":"https:\/\/jumeaux91.fr\/blog\/jeanne-rachel-modi-veuve-courage\/","og_locale":"fr_FR","og_type":"article","og_title":"Jeanne Rachel Modi, veuve courage - JUMEAUX91","og_description":"Blaser cintr\u00e9, coiffure \u00e9l\u00e9gante et un brin fantaisiste, sourire malicieux\u2026 rien dans l\u2019apparence de Jeanne Rachel Modi ne laisse transpara\u00eetre les \u00e9preuves qu\u2019elle a travers\u00e9es. H\u00e9berg\u00e9e dans une r\u00e9sidence autonomie \u00e0 Saint-Denis gr\u00e2ce \u00e0 l\u2019association Petits Fr\u00e8res des pauvres, cette Camerounaise de 77&nbsp;ans, qui vit en France depuis l\u2019\u00e2ge de 16&nbsp;ans, fait partie des 67&nbsp;%&hellip; Poursuivre la lecture Jeanne Rachel Modi, veuve courage","og_url":"https:\/\/jumeaux91.fr\/blog\/jeanne-rachel-modi-veuve-courage\/","og_site_name":"JUMEAUX91","article_published_time":"2024-10-16T11:20:00+00:00","og_image":[{"url":"https:\/\/jumeaux91.fr\/blog\/wp-content\/uploads\/2024\/10\/jeanne-rachel-modi-veuve-courage.jpg","type":"","width":"","height":""}],"author":"Claude DAYRES","twitter_card":"summary_large_image","twitter_misc":{"\u00c9crit par":"Claude DAYRES","Dur\u00e9e de lecture estim\u00e9e":"1 minute"},"schema":{"@context":"https:\/\/schema.org","@graph":[{"@type":"Article","@id":"https:\/\/jumeaux91.fr\/blog\/jeanne-rachel-modi-veuve-courage\/#article","isPartOf":{"@id":"https:\/\/jumeaux91.fr\/blog\/jeanne-rachel-modi-veuve-courage\/"},"author":{"name":"Claude DAYRES","@id":"https:\/\/jumeaux91.fr\/blog\/#\/schema\/person\/21da06e9f119b9f64e5d45dbbd32d3fb"},"headline":"Jeanne Rachel Modi, veuve courage","datePublished":"2024-10-16T11:20:00+00:00","mainEntityOfPage":{"@id":"https:\/\/jumeaux91.fr\/blog\/jeanne-rachel-modi-veuve-courage\/"},"wordCount":292,"publisher":{"@id":"https:\/\/jumeaux91.fr\/blog\/#organization"},"image":{"@id":"https:\/\/jumeaux91.fr\/blog\/jeanne-rachel-modi-veuve-courage\/#primaryimage"},"thumbnailUrl":"https:\/\/jumeaux91.fr\/blog\/wp-content\/uploads\/2024\/10\/jeanne-rachel-modi-veuve-courage.jpg","articleSection":["Posts Fr\u00e8res Jumeaux De L'Essonnes:"],"inLanguage":"fr-FR"},{"@type":"WebPage","@id":"https:\/\/jumeaux91.fr\/blog\/jeanne-rachel-modi-veuve-courage\/","url":"https:\/\/jumeaux91.fr\/blog\/jeanne-rachel-modi-veuve-courage\/","name":"Jeanne Rachel Modi, veuve courage - JUMEAUX91","isPartOf":{"@id":"https:\/\/jumeaux91.fr\/blog\/#website"},"primaryImageOfPage":{"@id":"https:\/\/jumeaux91.fr\/blog\/jeanne-rachel-modi-veuve-courage\/#primaryimage"},"image":{"@id":"https:\/\/jumeaux91.fr\/blog\/jeanne-rachel-modi-veuve-courage\/#primaryimage"},"thumbnailUrl":"https:\/\/jumeaux91.fr\/blog\/wp-content\/uploads\/2024\/10\/jeanne-rachel-modi-veuve-courage.jpg","datePublished":"2024-10-16T11:20:00+00:00","breadcrumb":{"@id":"https:\/\/jumeaux91.fr\/blog\/jeanne-rachel-modi-veuve-courage\/#breadcrumb"},"inLanguage":"fr-FR","potentialAction":[{"@type":"ReadAction","target":["https:\/\/jumeaux91.fr\/blog\/jeanne-rachel-modi-veuve-courage\/"]}]},{"@type":"ImageObject","inLanguage":"fr-FR","@id":"https:\/\/jumeaux91.fr\/blog\/jeanne-rachel-modi-veuve-courage\/#primaryimage","url":"https:\/\/jumeaux91.fr\/blog\/wp-content\/uploads\/2024\/10\/jeanne-rachel-modi-veuve-courage.jpg","contentUrl":"https:\/\/jumeaux91.fr\/blog\/wp-content\/uploads\/2024\/10\/jeanne-rachel-modi-veuve-courage.jpg","width":1500,"height":844,"caption":"Jeanne Rachel Modi, veuve courage"},{"@type":"BreadcrumbList","@id":"https:\/\/jumeaux91.fr\/blog\/jeanne-rachel-modi-veuve-courage\/#breadcrumb","itemListElement":[{"@type":"ListItem","position":1,"name":"Accueil","item":"https:\/\/jumeaux91.fr\/blog\/"},{"@type":"ListItem","position":2,"name":"Jeanne Rachel Modi, veuve courage"}]},{"@type":"WebSite","@id":"https:\/\/jumeaux91.fr\/blog\/#website","url":"https:\/\/jumeaux91.fr\/blog\/","name":"JUMEAUX91","description":"Fr\u00e8res jumeaux de l&#039;Essonnes; informations et archives, \u00e0 savoir et retenir.","publisher":{"@id":"https:\/\/jumeaux91.fr\/blog\/#organization"},"potentialAction":[{"@type":"SearchAction","target":{"@type":"EntryPoint","urlTemplate":"https:\/\/jumeaux91.fr\/blog\/?s={search_term_string}"},"query-input":{"@type":"PropertyValueSpecification","valueRequired":true,"valueName":"search_term_string"}}],"inLanguage":"fr-FR"},{"@type":"Organization","@id":"https:\/\/jumeaux91.fr\/blog\/#organization","name":"jumeaux91","url":"https:\/\/jumeaux91.fr\/blog\/","logo":{"@type":"ImageObject","inLanguage":"fr-FR","@id":"https:\/\/jumeaux91.fr\/blog\/#\/schema\/logo\/image\/","url":"https:\/\/jumeaux91.fr\/blog\/wp-content\/uploads\/2023\/05\/cropped-cropped-logoJ_91.png","contentUrl":"https:\/\/jumeaux91.fr\/blog\/wp-content\/uploads\/2023\/05\/cropped-cropped-logoJ_91.png","width":512,"height":512,"caption":"jumeaux91"},"image":{"@id":"https:\/\/jumeaux91.fr\/blog\/#\/schema\/logo\/image\/"}},{"@type":"Person","@id":"https:\/\/jumeaux91.fr\/blog\/#\/schema\/person\/21da06e9f119b9f64e5d45dbbd32d3fb","name":"Claude DAYRES","image":{"@type":"ImageObject","inLanguage":"fr-FR","@id":"https:\/\/secure.gravatar.com\/avatar\/82eb951df6110a2c48d1bfa7a67d1ee6f0cd5df3cbf9c3586dd61e82db7172a5?s=96&d=mm&r=g","url":"https:\/\/secure.gravatar.com\/avatar\/82eb951df6110a2c48d1bfa7a67d1ee6f0cd5df3cbf9c3586dd61e82db7172a5?s=96&d=mm&r=g","contentUrl":"https:\/\/secure.gravatar.com\/avatar\/82eb951df6110a2c48d1bfa7a67d1ee6f0cd5df3cbf9c3586dd61e82db7172a5?s=96&d=mm&r=g","caption":"Claude DAYRES"},"url":"https:\/\/jumeaux91.fr\/blog\/author\/x91claude\/"}]}},"_links":{"self":[{"href":"https:\/\/jumeaux91.fr\/blog\/wp-json\/wp\/v2\/posts\/827","targetHints":{"allow":["GET"]}}],"collection":[{"href":"https:\/\/jumeaux91.fr\/blog\/wp-json\/wp\/v2\/posts"}],"about":[{"href":"https:\/\/jumeaux91.fr\/blog\/wp-json\/wp\/v2\/types\/post"}],"author":[{"embeddable":true,"href":"https:\/\/jumeaux91.fr\/blog\/wp-json\/wp\/v2\/users\/2"}],"replies":[{"embeddable":true,"href":"https:\/\/jumeaux91.fr\/blog\/wp-json\/wp\/v2\/comments?post=827"}],"version-history":[{"count":0,"href":"https:\/\/jumeaux91.fr\/blog\/wp-json\/wp\/v2\/posts\/827\/revisions"}],"wp:featuredmedia":[{"embeddable":true,"href":"https:\/\/jumeaux91.fr\/blog\/wp-json\/wp\/v2\/media\/828"}],"wp:attachment":[{"href":"https:\/\/jumeaux91.fr\/blog\/wp-json\/wp\/v2\/media?parent=827"}],"wp:term":[{"taxonomy":"category","embeddable":true,"href":"https:\/\/jumeaux91.fr\/blog\/wp-json\/wp\/v2\/categories?post=827"},{"taxonomy":"post_tag","embeddable":true,"href":"https:\/\/jumeaux91.fr\/blog\/wp-json\/wp\/v2\/tags?post=827"}],"curies":[{"name":"wp","href":"https:\/\/api.w.org\/{rel}","templated":true}]}}