{"id":836,"date":"2024-10-06T10:45:00","date_gmt":"2024-10-06T08:45:00","guid":{"rendered":"https:\/\/jumeaux91.fr\/blog\/dunkerquois-ado-ou-jeune-adulte-ils-racontent-leur-quotidien-daidant-aux-cotes-de-proches-handicapes\/"},"modified":"2024-10-06T10:45:00","modified_gmt":"2024-10-06T08:45:00","slug":"dunkerquois-ado-ou-jeune-adulte-ils-racontent-leur-quotidien-daidant-aux-cotes-de-proches-handicapes","status":"publish","type":"post","link":"https:\/\/jumeaux91.fr\/blog\/dunkerquois-ado-ou-jeune-adulte-ils-racontent-leur-quotidien-daidant-aux-cotes-de-proches-handicapes\/","title":{"rendered":"Dunkerquois : ado ou jeune adulte, ils racontent leur quotidien d\u2019aidant aux c\u00f4t\u00e9s de proches handicap\u00e9s"},"content":{"rendered":"<div>\n<p><strong>Le contexte<\/strong><\/p>\n<p><!-- \/\/ builder=DFPTagBuilder, site=LAVOIXDUNORDENG, pageType=node, context=\/Sections\/Hauts-de-France\/Dunkerque, position=article_article, edition=, domain=www.lavoixdunord.fr --> <!-- \/\/ builder=DFPTagBuilder, site=LAVOIXDUNORDENG, pageType=node, context=\/Sections\/Hauts-de-France\/Dunkerque, position=article_article, edition=, domain=www.lavoixdunord.fr --> <\/p>\n<p><a href=\"https:\/\/www.soutenirlesaidants.fr\/maison-de-cot-aidants\/socx\" target=\"_blank\" rel=\"noopener nofollow\">La Maison de Cot\u2019aidants<\/a> (lire par ailleurs) a organis\u00e9 ce samedi, \u00e0 Craywick, un atelier graff \u00e0 destination de jeunes aidants \u00e0 l\u2019occasion de l<a href=\"https:\/\/handicap.gouv.fr\/journee-nationale-des-aidants\" target=\"_blank\" rel=\"noopener nofollow\">a Journ\u00e9e nationale des aidants<\/a>, ce dimanche 6 octobre. C\u2019est l\u00e0, dans le cadre verdoyant d\u2019\u00d4 chambres d\u2019h\u00f4tes, que nous avons rencontr\u00e9 Mona, Jules et Yoan, venus participer \u00e0 l\u2019atelier.<\/p>\n<p><!-- \/\/ builder=DFPTagBuilder, site=LAVOIXDUNORDENG, pageType=node, context=\/Sections\/Hauts-de-France\/Dunkerque, position=article_article, edition=, domain=www.lavoixdunord.fr -->  <!-- END scald=61018269 --><\/p>\n<h2 class=\"sub-head\">Des nuits parfois difficiles<\/h2>\n<p><strong>Mona, 15 ans, de Grande-Synthe. <\/strong>Elle a le regard vif, le sourire facile et contagieux. Mona a deux fr\u00e8res jumeaux autistes \u00e2g\u00e9s de 10 ans. La jeune fille vit avec ses parents, dont un papa \u00ab&nbsp;<em>souvent en d\u00e9placement \u00e0 cause du travail<\/em>&nbsp;\u00bb. Mona aide sa maman au quotidien \u00e0 \u00ab&nbsp;g\u00e9rer&nbsp;\u00bb ses petits fr\u00e8res. \u00ab&nbsp;<em>Pour moi, c\u2019est naturel d\u2019aider ma m\u00e8re, c\u2019est pas facile, mais on avance avec&nbsp;<\/em>\u00bb, dit-elle sans jamais se d\u00e9partir de son sourire. \u00ab&nbsp;<em>Je m\u2019en occupe le soir, un peu le matin. D\u00e8s fois ils font des crises, ils se r\u00e9veillent la nuit. \u00c7a m\u2019arrive de me lever pour aider maman.<\/em>&nbsp;\u00bb Tr\u00e8s bonne \u00e9l\u00e8ve, Mona est en seconde. La jeune femme peut compter sur sa m\u00e8re pour avoir des moments \u00e0 elle, une vie d\u2019ado comme les autres. Pas simple. En avril, elle est partie une semaine en vacances gr\u00e2ce \u00e0 la maison de Cot\u2019aidants avec cinq autres jeunes dont le quotidien ressemble au sien. Pas de t\u00e9l\u00e9phone pendant une semaine\u2026 \u00ab&nbsp;<em>\u00c7a a \u00e9t\u00e9 un peu long de ne pas avoir ma m\u00e8re, pour savoir comment \u00e7a allait\u2026<\/em>&nbsp;\u00bb<\/p>\n<p><!-- \/\/ builder=DFPTagBuilder, site=LAVOIXDUNORDENG, pageType=node, context=\/Sections\/Hauts-de-France\/Dunkerque, position=article_droite_haute_es, edition=, domain=www.lavoixdunord.fr --> <!-- \/\/ builder=DFPTagBuilder, site=LAVOIXDUNORDENG, pageType=node, context=\/Sections\/Hauts-de-France\/Dunkerque, position=article_droite_haute_es, edition=, domain=www.lavoixdunord.fr --> <!-- \/\/ builder=DFPTagBuilder, site=LAVOIXDUNORDENG, pageType=node, context=\/Sections\/Hauts-de-France\/Dunkerque, position=article_pave_medium, edition=, domain=www.lavoixdunord.fr --> <!-- \/\/ builder=DFPTagBuilder, site=LAVOIXDUNORDENG, pageType=node, context=\/Sections\/Hauts-de-France\/Dunkerque, position=article_pave_medium, edition=, domain=www.lavoixdunord.fr --> <\/p>\n<aside class=\"r-stories\"> <span class=\"r-stories--label\">\u00c0 lire aussi<\/span>  <a href=\"https:\/\/www.lavoixdunord.fr\/1509618\/article\/2024-10-06\/le-jour-ou-josephine-de-billy-montigny-devint-l-ange-gardien-des-aidants\" class=\"r-stories--link\" target=\"_blank\" rel=\"nofollow\">Le jour o\u00f9 Jos\u00e9phine, de Montigny-en-Gohelle, devint l\u2019ange gardien des aidants<\/a> <\/aside>\n<p> <!-- END scald=61010299 --><\/p>\n<p><strong>Jules, 19 ans, de Zegerscappel.<\/strong> Originaire d\u2019\u00c9thiopie, Jules a \u00e9t\u00e9 adopt\u00e9 avec ses deux autres fr\u00e8res \u2013 \u00ab&nbsp;<em>on est des tripl\u00e9s<\/em>&nbsp;\u00bb \u2013 alors qu\u2019ils avaient 7 ans. \u00ab&nbsp;<em>Quand on est arriv\u00e9s en France, il y avait beaucoup de conflits entre mes parents et mes fr\u00e8res.<\/em>&nbsp;\u00bb Des psychiatres \u00e9voquent des troubles du comportement. Depuis peu, un diagnostic a \u00e9t\u00e9 pos\u00e9&nbsp;: ses deux fr\u00e8res souffrent de schizophr\u00e9nie. Jules a rapidement pris une place \u00e0 part dans la famille, celui qui fait le lien. Un r\u00f4le lourd pour un enfant. \u00ab<em>&nbsp;Ils m\u2019\u00e9coutaient plus moi que nos parents, il fallait que je canalise les choses.<\/em>&nbsp;\u00bb Avec le temps, il a pris conscience de l\u2019\u00e9nergie que cette place lui a demand\u00e9, sans compter le sentiment de culpabilit\u00e9. \u00ab&nbsp;<em>\u00c7a me faisait mal de voir qu\u2019ils n\u2019avan\u00e7aient pas comme moi, qu\u2019il y avait quelque chose qui n\u2019allait pas. D\u00e8s fois, je me disais que c\u2019\u00e9tait de ma faute.<\/em>&nbsp;\u00bb Jules est d\u00e9sormais \u00e9tudiant \u00e0 Lille. \u00ab&nbsp;<em>Je veux \u00eatre \u00e9ducateur sp\u00e9cialis\u00e9 pour jeunes enfants, dans la protection de l\u2019enfance<\/em>.&nbsp;\u00bb Un hasard&nbsp;? \u00ab<em>&nbsp;Non, je ne crois pas<\/em>&nbsp;\u00bb, sourit-il. En attendant, il rentre tous les week-ends \u00e0 Zegerscappel. \u00ab&nbsp;<em>On s\u2019appelle r\u00e9guli\u00e8rement avec mes fr\u00e8res, mais je me rends compte qu\u2019on ne parle plus autant qu\u2019avant, j\u2019ai une vie d\u00e9cal\u00e9e par rapport \u00e0 eux.<\/em>&nbsp;\u00bb<\/p>\n<figure role=\"img\"> <img decoding=\"async\" class=\"r-img\" src=\"https:\/\/jumeaux91.fr\/blog\/wp-content\/uploads\/2024\/10\/dunkerquois-ado-ou-jeune-adulte-ils-racontent-leur-quotidien-daidant-aux-cotes-de-proches-handicapes.jpg\" alt=\"L\u2019atelier graf pour les jeunes aidants a \u00e9t\u00e9 organis\u00e9 par la Maison de Cot\u2019aidants, une plateforme de r\u00e9pit.\"><figcaption>L\u2019atelier graf pour les jeunes aidants a \u00e9t\u00e9 organis\u00e9 par la Maison de Cot\u2019aidants, une plateforme de r\u00e9pit.<\/figcaption><\/figure>\n<p><!-- END scald=61018270 --><\/p>\n<h2 class=\"sub-head\">\u00ab Je suis un peu l\u2019enfant \u201cnormal\u201d de la famille \u00bb<\/h2>\n<p><strong>Yoan, 25 ans, de Dunkerque.<\/strong> Le jeune homme a un fr\u00e8re a\u00een\u00e9 de 26 ans et deux petites s\u0153urs de 10 et 15 ans. \u00ab&nbsp;<em>Mon grand fr\u00e8re a un handicap physique, il a du mal \u00e0 se d\u00e9placer sur du long terme. Mes s\u0153urs ont un handicap physique et des troubles de l\u2019apprentissage<\/em>.&nbsp;\u00bb Comme Mona et Jules, Yoan, qui vit d\u00e9sormais \u00e0 Boulogne-sur-Mer, a mis du temps \u00e0 prendre conscience de sa place d\u2019aidant. \u00ab&nbsp;<em>Je n\u2019avais jamais utilis\u00e9 le terme, mais oui, je le suis, m\u00eame si maintenant c\u2019est plus un soutien psychologique<\/em>.&nbsp;\u00bb Yoan a pass\u00e9 une partie de son enfance \u00e0 seconder ses parents. \u00ab&nbsp;<em>J\u2019accompagnais mon fr\u00e8re ou mes s\u0153urs chez le kin\u00e9, je pouvais aussi faire le m\u00e9nage, la cuisine. S\u2019il fallait aider pour un rendez-vous m\u00e9dical, je m\u2019en occupais<\/em>&nbsp;\u00bb, raconte le jeune Dunkerquois. Lui aussi ne s\u2019est jamais pos\u00e9 la question. En passe de devenir expert-comptable, Yoan \u00e9voque la culpabilit\u00e9 qu\u2019il dit ressentir au quotidien. \u00ab&nbsp;<em>C\u2019est difficile, je suis un peu l\u2019enfant<\/em> \u201cnormal\u201d <em>de la famille, je vais bient\u00f4t \u00eatre dipl\u00f4m\u00e9 alors que je vois que pour eux, ce n\u2019est pas forc\u00e9ment facile<\/em>.&nbsp;\u00bb Pour lui non plus.<\/p>\n<\/div>\n<div id>\n<header class=\"panel-heading\">\n<h2>Des plateformes de r\u00e9pit pour les aidants<\/h2>\n<\/header>\n<p><a href=\"https:\/\/apahm.org\/\" target=\"_blank\" rel=\"noopener nofollow\">L\u2019association d\u2019aide aux personnes \u00e2g\u00e9es ou \u00e0 handicap moteur<\/a> (APAHM), dont le si\u00e8ge est \u00e0 Leffrinckoucke, propose des services d\u2019aides aux aidants <em>via<\/em>, notamment, <strong>deux plateformes de r\u00e9pit<\/strong>&nbsp;: la Maison de Cot\u2019aidants (pour les personnes en situation de handicap) et la Maison d\u2019Alo\u00efs (pour les personnes de plus de 60 ans en perte d\u2019autonomie ou atteintes de malades neuro-\u00e9volutive).<\/p>\n<p>Ces deux plateformes proposent <strong>des activit\u00e9s bien-\u00eatre<\/strong> et <strong>un accompagnement psychologique<\/strong>. Les deux structures ont \u00e9galement mis en place <strong>un syst\u00e8me de \u00ab&nbsp;relayage&nbsp;\u00bb<\/strong>. \u00ab&nbsp;<em>On intervient en relais de l\u2019aidant du lundi au vendredi, chaque aidant ayant un quota de 50 heures par an<\/em>&nbsp;\u00bb, explique Sophie Rommel, de l\u2019APAHM. Pr\u00e8s de quatre cents aidants sont inscrits \u00e0 la Maison d\u2019Alo\u00efs, plus de deux cents \u00e0 la Maison de Cot\u2019aidants. Un chiffre qui, pour cette derni\u00e8re, ne cesse d\u2019augmenter.<\/p>\n<p><small class=\"r-note\">Vous pouvez prendre contact avec l\u2019APAHM en appelant au 03 28 63 75 20.<\/small>\n<\/div>\n<p>La chronique se veut g\u00e9n\u00e9r\u00e9e de la fa\u00e7on la plus claire que possible. Dans le cas o\u00f9 vous souhaitez pr\u00e9senter des renseignements compl\u00e9mentaires \u00e0 cet article sur le sujet \u00ab\u00a0Fr\u00e8res jumeaux de l&rsquo;Essonnes\u00a0\u00bb il vous est possible d\u2019\u00e9crire aux contacts indiqu\u00e9s sur notre website. La raison d\u2019\u00eatre de jumeaux91.fr \u00e9tant de rassembler sur le web des posts sur le sujet de Fr\u00e8res jumeaux de l&rsquo;Essonnes puis les diffuser en r\u00e9pondant au mieux aux interrogations des gens. Vous pouvez tirer profit de cet article traitant le sujet \u00ab\u00a0Fr\u00e8res jumeaux de l&rsquo;Essonnes\u00a0\u00bb. Il est concoct\u00e9 par l\u2019\u00e9quipe jumeaux91.fr. Prochainement, nous rendrons accessibles au public d&rsquo;autres informations pertinentes sur le sujet \u00ab\u00a0Fr\u00e8res jumeaux de l&rsquo;Essonnes\u00a0\u00bb. Alors, consultez syst\u00e9matiquement notre blog.<\/p>\n","protected":false},"excerpt":{"rendered":"<p>Le contexte La Maison de Cot\u2019aidants (lire par ailleurs) a organis\u00e9 ce samedi, \u00e0 Craywick, un atelier graff \u00e0 destination de jeunes aidants \u00e0 l\u2019occasion de la Journ\u00e9e nationale des aidants, ce dimanche 6 octobre. C\u2019est l\u00e0, dans le cadre verdoyant d\u2019\u00d4 chambres d\u2019h\u00f4tes, que nous avons rencontr\u00e9 Mona, Jules et Yoan, venus participer \u00e0&hellip; <a class=\"more-link\" href=\"https:\/\/jumeaux91.fr\/blog\/dunkerquois-ado-ou-jeune-adulte-ils-racontent-leur-quotidien-daidant-aux-cotes-de-proches-handicapes\/\">Poursuivre la lecture <span class=\"screen-reader-text\">Dunkerquois : ado ou jeune adulte, ils racontent leur quotidien d\u2019aidant aux c\u00f4t\u00e9s de proches handicap\u00e9s<\/span><\/a><\/p>\n","protected":false},"author":2,"featured_media":837,"comment_status":"closed","ping_status":"closed","sticky":false,"template":"","format":"standard","meta":{"footnotes":""},"categories":[4],"tags":[],"class_list":["post-836","post","type-post","status-publish","format-standard","has-post-thumbnail","hentry","category-posts-freres-jumeaux-de-lessonnes","entry"],"yoast_head":"<!-- This site is optimized with the Yoast SEO plugin v27.5 - https:\/\/yoast.com\/product\/yoast-seo-wordpress\/ -->\n<title>Dunkerquois : ado ou jeune adulte, ils racontent leur quotidien d\u2019aidant aux c\u00f4t\u00e9s de proches handicap\u00e9s - JUMEAUX91<\/title>\n<meta name=\"robots\" content=\"index, follow, max-snippet:-1, max-image-preview:large, max-video-preview:-1\" \/>\n<link rel=\"canonical\" href=\"https:\/\/jumeaux91.fr\/blog\/dunkerquois-ado-ou-jeune-adulte-ils-racontent-leur-quotidien-daidant-aux-cotes-de-proches-handicapes\/\" \/>\n<meta property=\"og:locale\" content=\"fr_FR\" \/>\n<meta property=\"og:type\" content=\"article\" \/>\n<meta property=\"og:title\" content=\"Dunkerquois : ado ou jeune adulte, ils racontent leur quotidien d\u2019aidant aux c\u00f4t\u00e9s de proches handicap\u00e9s - JUMEAUX91\" \/>\n<meta property=\"og:description\" content=\"Le contexte La Maison de Cot\u2019aidants (lire par ailleurs) a organis\u00e9 ce samedi, \u00e0 Craywick, un atelier graff \u00e0 destination de jeunes aidants \u00e0 l\u2019occasion de la Journ\u00e9e nationale des aidants, ce dimanche 6 octobre. C\u2019est l\u00e0, dans le cadre verdoyant d\u2019\u00d4 chambres d\u2019h\u00f4tes, que nous avons rencontr\u00e9 Mona, Jules et Yoan, venus participer \u00e0&hellip; Poursuivre la lecture Dunkerquois : ado ou jeune adulte, ils racontent leur quotidien d\u2019aidant aux c\u00f4t\u00e9s de proches handicap\u00e9s\" \/>\n<meta property=\"og:url\" content=\"https:\/\/jumeaux91.fr\/blog\/dunkerquois-ado-ou-jeune-adulte-ils-racontent-leur-quotidien-daidant-aux-cotes-de-proches-handicapes\/\" \/>\n<meta property=\"og:site_name\" content=\"JUMEAUX91\" \/>\n<meta property=\"article:published_time\" content=\"2024-10-06T08:45:00+00:00\" \/>\n<meta property=\"og:image\" content=\"https:\/\/jumeaux91.fr\/blog\/wp-content\/uploads\/2024\/10\/dunkerquois-ado-ou-jeune-adulte-ils-racontent-leur-quotidien-daidant-aux-cotes-de-proches-handicapes.jpg\" \/>\n<meta name=\"author\" content=\"Claude DAYRES\" \/>\n<meta name=\"twitter:card\" content=\"summary_large_image\" \/>\n<meta name=\"twitter:label1\" content=\"\u00c9crit par\" \/>\n\t<meta name=\"twitter:data1\" content=\"Claude DAYRES\" \/>\n\t<meta name=\"twitter:label2\" content=\"Dur\u00e9e de lecture estim\u00e9e\" \/>\n\t<meta name=\"twitter:data2\" content=\"5 minutes\" \/>\n<script type=\"application\/ld+json\" class=\"yoast-schema-graph\">{\"@context\":\"https:\\\/\\\/schema.org\",\"@graph\":[{\"@type\":\"Article\",\"@id\":\"https:\\\/\\\/jumeaux91.fr\\\/blog\\\/dunkerquois-ado-ou-jeune-adulte-ils-racontent-leur-quotidien-daidant-aux-cotes-de-proches-handicapes\\\/#article\",\"isPartOf\":{\"@id\":\"https:\\\/\\\/jumeaux91.fr\\\/blog\\\/dunkerquois-ado-ou-jeune-adulte-ils-racontent-leur-quotidien-daidant-aux-cotes-de-proches-handicapes\\\/\"},\"author\":{\"name\":\"Claude DAYRES\",\"@id\":\"https:\\\/\\\/jumeaux91.fr\\\/blog\\\/#\\\/schema\\\/person\\\/21da06e9f119b9f64e5d45dbbd32d3fb\"},\"headline\":\"Dunkerquois : ado ou jeune adulte, ils racontent leur quotidien d\u2019aidant aux c\u00f4t\u00e9s de proches handicap\u00e9s\",\"datePublished\":\"2024-10-06T08:45:00+00:00\",\"mainEntityOfPage\":{\"@id\":\"https:\\\/\\\/jumeaux91.fr\\\/blog\\\/dunkerquois-ado-ou-jeune-adulte-ils-racontent-leur-quotidien-daidant-aux-cotes-de-proches-handicapes\\\/\"},\"wordCount\":1115,\"publisher\":{\"@id\":\"https:\\\/\\\/jumeaux91.fr\\\/blog\\\/#organization\"},\"image\":{\"@id\":\"https:\\\/\\\/jumeaux91.fr\\\/blog\\\/dunkerquois-ado-ou-jeune-adulte-ils-racontent-leur-quotidien-daidant-aux-cotes-de-proches-handicapes\\\/#primaryimage\"},\"thumbnailUrl\":\"https:\\\/\\\/jumeaux91.fr\\\/blog\\\/wp-content\\\/uploads\\\/2024\\\/10\\\/dunkerquois-ado-ou-jeune-adulte-ils-racontent-leur-quotidien-daidant-aux-cotes-de-proches-handicapes.jpg\",\"articleSection\":[\"Posts Fr\u00e8res Jumeaux De L'Essonnes:\"],\"inLanguage\":\"fr-FR\"},{\"@type\":\"WebPage\",\"@id\":\"https:\\\/\\\/jumeaux91.fr\\\/blog\\\/dunkerquois-ado-ou-jeune-adulte-ils-racontent-leur-quotidien-daidant-aux-cotes-de-proches-handicapes\\\/\",\"url\":\"https:\\\/\\\/jumeaux91.fr\\\/blog\\\/dunkerquois-ado-ou-jeune-adulte-ils-racontent-leur-quotidien-daidant-aux-cotes-de-proches-handicapes\\\/\",\"name\":\"Dunkerquois : ado ou jeune adulte, ils racontent leur quotidien d\u2019aidant aux c\u00f4t\u00e9s de proches handicap\u00e9s - JUMEAUX91\",\"isPartOf\":{\"@id\":\"https:\\\/\\\/jumeaux91.fr\\\/blog\\\/#website\"},\"primaryImageOfPage\":{\"@id\":\"https:\\\/\\\/jumeaux91.fr\\\/blog\\\/dunkerquois-ado-ou-jeune-adulte-ils-racontent-leur-quotidien-daidant-aux-cotes-de-proches-handicapes\\\/#primaryimage\"},\"image\":{\"@id\":\"https:\\\/\\\/jumeaux91.fr\\\/blog\\\/dunkerquois-ado-ou-jeune-adulte-ils-racontent-leur-quotidien-daidant-aux-cotes-de-proches-handicapes\\\/#primaryimage\"},\"thumbnailUrl\":\"https:\\\/\\\/jumeaux91.fr\\\/blog\\\/wp-content\\\/uploads\\\/2024\\\/10\\\/dunkerquois-ado-ou-jeune-adulte-ils-racontent-leur-quotidien-daidant-aux-cotes-de-proches-handicapes.jpg\",\"datePublished\":\"2024-10-06T08:45:00+00:00\",\"breadcrumb\":{\"@id\":\"https:\\\/\\\/jumeaux91.fr\\\/blog\\\/dunkerquois-ado-ou-jeune-adulte-ils-racontent-leur-quotidien-daidant-aux-cotes-de-proches-handicapes\\\/#breadcrumb\"},\"inLanguage\":\"fr-FR\",\"potentialAction\":[{\"@type\":\"ReadAction\",\"target\":[\"https:\\\/\\\/jumeaux91.fr\\\/blog\\\/dunkerquois-ado-ou-jeune-adulte-ils-racontent-leur-quotidien-daidant-aux-cotes-de-proches-handicapes\\\/\"]}]},{\"@type\":\"ImageObject\",\"inLanguage\":\"fr-FR\",\"@id\":\"https:\\\/\\\/jumeaux91.fr\\\/blog\\\/dunkerquois-ado-ou-jeune-adulte-ils-racontent-leur-quotidien-daidant-aux-cotes-de-proches-handicapes\\\/#primaryimage\",\"url\":\"https:\\\/\\\/jumeaux91.fr\\\/blog\\\/wp-content\\\/uploads\\\/2024\\\/10\\\/dunkerquois-ado-ou-jeune-adulte-ils-racontent-leur-quotidien-daidant-aux-cotes-de-proches-handicapes.jpg\",\"contentUrl\":\"https:\\\/\\\/jumeaux91.fr\\\/blog\\\/wp-content\\\/uploads\\\/2024\\\/10\\\/dunkerquois-ado-ou-jeune-adulte-ils-racontent-leur-quotidien-daidant-aux-cotes-de-proches-handicapes.jpg\",\"width\":664,\"height\":498,\"caption\":\"Dunkerquois : ado ou jeune adulte, ils racontent leur quotidien d\u2019aidant aux c\u00f4t\u00e9s de proches handicap\u00e9s\"},{\"@type\":\"BreadcrumbList\",\"@id\":\"https:\\\/\\\/jumeaux91.fr\\\/blog\\\/dunkerquois-ado-ou-jeune-adulte-ils-racontent-leur-quotidien-daidant-aux-cotes-de-proches-handicapes\\\/#breadcrumb\",\"itemListElement\":[{\"@type\":\"ListItem\",\"position\":1,\"name\":\"Accueil\",\"item\":\"https:\\\/\\\/jumeaux91.fr\\\/blog\\\/\"},{\"@type\":\"ListItem\",\"position\":2,\"name\":\"Dunkerquois : ado ou jeune adulte, ils racontent leur quotidien d\u2019aidant aux c\u00f4t\u00e9s de proches handicap\u00e9s\"}]},{\"@type\":\"WebSite\",\"@id\":\"https:\\\/\\\/jumeaux91.fr\\\/blog\\\/#website\",\"url\":\"https:\\\/\\\/jumeaux91.fr\\\/blog\\\/\",\"name\":\"JUMEAUX91\",\"description\":\"Fr\u00e8res jumeaux de l&#039;Essonnes; informations et archives, \u00e0 savoir et retenir.\",\"publisher\":{\"@id\":\"https:\\\/\\\/jumeaux91.fr\\\/blog\\\/#organization\"},\"potentialAction\":[{\"@type\":\"SearchAction\",\"target\":{\"@type\":\"EntryPoint\",\"urlTemplate\":\"https:\\\/\\\/jumeaux91.fr\\\/blog\\\/?s={search_term_string}\"},\"query-input\":{\"@type\":\"PropertyValueSpecification\",\"valueRequired\":true,\"valueName\":\"search_term_string\"}}],\"inLanguage\":\"fr-FR\"},{\"@type\":\"Organization\",\"@id\":\"https:\\\/\\\/jumeaux91.fr\\\/blog\\\/#organization\",\"name\":\"jumeaux91\",\"url\":\"https:\\\/\\\/jumeaux91.fr\\\/blog\\\/\",\"logo\":{\"@type\":\"ImageObject\",\"inLanguage\":\"fr-FR\",\"@id\":\"https:\\\/\\\/jumeaux91.fr\\\/blog\\\/#\\\/schema\\\/logo\\\/image\\\/\",\"url\":\"https:\\\/\\\/jumeaux91.fr\\\/blog\\\/wp-content\\\/uploads\\\/2023\\\/05\\\/cropped-cropped-logoJ_91.png\",\"contentUrl\":\"https:\\\/\\\/jumeaux91.fr\\\/blog\\\/wp-content\\\/uploads\\\/2023\\\/05\\\/cropped-cropped-logoJ_91.png\",\"width\":512,\"height\":512,\"caption\":\"jumeaux91\"},\"image\":{\"@id\":\"https:\\\/\\\/jumeaux91.fr\\\/blog\\\/#\\\/schema\\\/logo\\\/image\\\/\"}},{\"@type\":\"Person\",\"@id\":\"https:\\\/\\\/jumeaux91.fr\\\/blog\\\/#\\\/schema\\\/person\\\/21da06e9f119b9f64e5d45dbbd32d3fb\",\"name\":\"Claude DAYRES\",\"image\":{\"@type\":\"ImageObject\",\"inLanguage\":\"fr-FR\",\"@id\":\"https:\\\/\\\/secure.gravatar.com\\\/avatar\\\/82eb951df6110a2c48d1bfa7a67d1ee6f0cd5df3cbf9c3586dd61e82db7172a5?s=96&d=mm&r=g\",\"url\":\"https:\\\/\\\/secure.gravatar.com\\\/avatar\\\/82eb951df6110a2c48d1bfa7a67d1ee6f0cd5df3cbf9c3586dd61e82db7172a5?s=96&d=mm&r=g\",\"contentUrl\":\"https:\\\/\\\/secure.gravatar.com\\\/avatar\\\/82eb951df6110a2c48d1bfa7a67d1ee6f0cd5df3cbf9c3586dd61e82db7172a5?s=96&d=mm&r=g\",\"caption\":\"Claude DAYRES\"},\"url\":\"https:\\\/\\\/jumeaux91.fr\\\/blog\\\/author\\\/x91claude\\\/\"}]}<\/script>\n<!-- \/ Yoast SEO plugin. -->","yoast_head_json":{"title":"Dunkerquois : ado ou jeune adulte, ils racontent leur quotidien d\u2019aidant aux c\u00f4t\u00e9s de proches handicap\u00e9s - JUMEAUX91","robots":{"index":"index","follow":"follow","max-snippet":"max-snippet:-1","max-image-preview":"max-image-preview:large","max-video-preview":"max-video-preview:-1"},"canonical":"https:\/\/jumeaux91.fr\/blog\/dunkerquois-ado-ou-jeune-adulte-ils-racontent-leur-quotidien-daidant-aux-cotes-de-proches-handicapes\/","og_locale":"fr_FR","og_type":"article","og_title":"Dunkerquois : ado ou jeune adulte, ils racontent leur quotidien d\u2019aidant aux c\u00f4t\u00e9s de proches handicap\u00e9s - JUMEAUX91","og_description":"Le contexte La Maison de Cot\u2019aidants (lire par ailleurs) a organis\u00e9 ce samedi, \u00e0 Craywick, un atelier graff \u00e0 destination de jeunes aidants \u00e0 l\u2019occasion de la Journ\u00e9e nationale des aidants, ce dimanche 6 octobre. C\u2019est l\u00e0, dans le cadre verdoyant d\u2019\u00d4 chambres d\u2019h\u00f4tes, que nous avons rencontr\u00e9 Mona, Jules et Yoan, venus participer \u00e0&hellip; Poursuivre la lecture Dunkerquois : ado ou jeune adulte, ils racontent leur quotidien d\u2019aidant aux c\u00f4t\u00e9s de proches handicap\u00e9s","og_url":"https:\/\/jumeaux91.fr\/blog\/dunkerquois-ado-ou-jeune-adulte-ils-racontent-leur-quotidien-daidant-aux-cotes-de-proches-handicapes\/","og_site_name":"JUMEAUX91","article_published_time":"2024-10-06T08:45:00+00:00","og_image":[{"url":"https:\/\/jumeaux91.fr\/blog\/wp-content\/uploads\/2024\/10\/dunkerquois-ado-ou-jeune-adulte-ils-racontent-leur-quotidien-daidant-aux-cotes-de-proches-handicapes.jpg","type":"","width":"","height":""}],"author":"Claude DAYRES","twitter_card":"summary_large_image","twitter_misc":{"\u00c9crit par":"Claude DAYRES","Dur\u00e9e de lecture estim\u00e9e":"5 minutes"},"schema":{"@context":"https:\/\/schema.org","@graph":[{"@type":"Article","@id":"https:\/\/jumeaux91.fr\/blog\/dunkerquois-ado-ou-jeune-adulte-ils-racontent-leur-quotidien-daidant-aux-cotes-de-proches-handicapes\/#article","isPartOf":{"@id":"https:\/\/jumeaux91.fr\/blog\/dunkerquois-ado-ou-jeune-adulte-ils-racontent-leur-quotidien-daidant-aux-cotes-de-proches-handicapes\/"},"author":{"name":"Claude DAYRES","@id":"https:\/\/jumeaux91.fr\/blog\/#\/schema\/person\/21da06e9f119b9f64e5d45dbbd32d3fb"},"headline":"Dunkerquois : ado ou jeune adulte, ils racontent leur quotidien d\u2019aidant aux c\u00f4t\u00e9s de proches handicap\u00e9s","datePublished":"2024-10-06T08:45:00+00:00","mainEntityOfPage":{"@id":"https:\/\/jumeaux91.fr\/blog\/dunkerquois-ado-ou-jeune-adulte-ils-racontent-leur-quotidien-daidant-aux-cotes-de-proches-handicapes\/"},"wordCount":1115,"publisher":{"@id":"https:\/\/jumeaux91.fr\/blog\/#organization"},"image":{"@id":"https:\/\/jumeaux91.fr\/blog\/dunkerquois-ado-ou-jeune-adulte-ils-racontent-leur-quotidien-daidant-aux-cotes-de-proches-handicapes\/#primaryimage"},"thumbnailUrl":"https:\/\/jumeaux91.fr\/blog\/wp-content\/uploads\/2024\/10\/dunkerquois-ado-ou-jeune-adulte-ils-racontent-leur-quotidien-daidant-aux-cotes-de-proches-handicapes.jpg","articleSection":["Posts Fr\u00e8res Jumeaux De L'Essonnes:"],"inLanguage":"fr-FR"},{"@type":"WebPage","@id":"https:\/\/jumeaux91.fr\/blog\/dunkerquois-ado-ou-jeune-adulte-ils-racontent-leur-quotidien-daidant-aux-cotes-de-proches-handicapes\/","url":"https:\/\/jumeaux91.fr\/blog\/dunkerquois-ado-ou-jeune-adulte-ils-racontent-leur-quotidien-daidant-aux-cotes-de-proches-handicapes\/","name":"Dunkerquois : ado ou jeune adulte, ils racontent leur quotidien d\u2019aidant aux c\u00f4t\u00e9s de proches handicap\u00e9s - JUMEAUX91","isPartOf":{"@id":"https:\/\/jumeaux91.fr\/blog\/#website"},"primaryImageOfPage":{"@id":"https:\/\/jumeaux91.fr\/blog\/dunkerquois-ado-ou-jeune-adulte-ils-racontent-leur-quotidien-daidant-aux-cotes-de-proches-handicapes\/#primaryimage"},"image":{"@id":"https:\/\/jumeaux91.fr\/blog\/dunkerquois-ado-ou-jeune-adulte-ils-racontent-leur-quotidien-daidant-aux-cotes-de-proches-handicapes\/#primaryimage"},"thumbnailUrl":"https:\/\/jumeaux91.fr\/blog\/wp-content\/uploads\/2024\/10\/dunkerquois-ado-ou-jeune-adulte-ils-racontent-leur-quotidien-daidant-aux-cotes-de-proches-handicapes.jpg","datePublished":"2024-10-06T08:45:00+00:00","breadcrumb":{"@id":"https:\/\/jumeaux91.fr\/blog\/dunkerquois-ado-ou-jeune-adulte-ils-racontent-leur-quotidien-daidant-aux-cotes-de-proches-handicapes\/#breadcrumb"},"inLanguage":"fr-FR","potentialAction":[{"@type":"ReadAction","target":["https:\/\/jumeaux91.fr\/blog\/dunkerquois-ado-ou-jeune-adulte-ils-racontent-leur-quotidien-daidant-aux-cotes-de-proches-handicapes\/"]}]},{"@type":"ImageObject","inLanguage":"fr-FR","@id":"https:\/\/jumeaux91.fr\/blog\/dunkerquois-ado-ou-jeune-adulte-ils-racontent-leur-quotidien-daidant-aux-cotes-de-proches-handicapes\/#primaryimage","url":"https:\/\/jumeaux91.fr\/blog\/wp-content\/uploads\/2024\/10\/dunkerquois-ado-ou-jeune-adulte-ils-racontent-leur-quotidien-daidant-aux-cotes-de-proches-handicapes.jpg","contentUrl":"https:\/\/jumeaux91.fr\/blog\/wp-content\/uploads\/2024\/10\/dunkerquois-ado-ou-jeune-adulte-ils-racontent-leur-quotidien-daidant-aux-cotes-de-proches-handicapes.jpg","width":664,"height":498,"caption":"Dunkerquois : ado ou jeune adulte, ils racontent leur quotidien d\u2019aidant aux c\u00f4t\u00e9s de proches handicap\u00e9s"},{"@type":"BreadcrumbList","@id":"https:\/\/jumeaux91.fr\/blog\/dunkerquois-ado-ou-jeune-adulte-ils-racontent-leur-quotidien-daidant-aux-cotes-de-proches-handicapes\/#breadcrumb","itemListElement":[{"@type":"ListItem","position":1,"name":"Accueil","item":"https:\/\/jumeaux91.fr\/blog\/"},{"@type":"ListItem","position":2,"name":"Dunkerquois : ado ou jeune adulte, ils racontent leur quotidien d\u2019aidant aux c\u00f4t\u00e9s de proches handicap\u00e9s"}]},{"@type":"WebSite","@id":"https:\/\/jumeaux91.fr\/blog\/#website","url":"https:\/\/jumeaux91.fr\/blog\/","name":"JUMEAUX91","description":"Fr\u00e8res jumeaux de l&#039;Essonnes; informations et archives, \u00e0 savoir et retenir.","publisher":{"@id":"https:\/\/jumeaux91.fr\/blog\/#organization"},"potentialAction":[{"@type":"SearchAction","target":{"@type":"EntryPoint","urlTemplate":"https:\/\/jumeaux91.fr\/blog\/?s={search_term_string}"},"query-input":{"@type":"PropertyValueSpecification","valueRequired":true,"valueName":"search_term_string"}}],"inLanguage":"fr-FR"},{"@type":"Organization","@id":"https:\/\/jumeaux91.fr\/blog\/#organization","name":"jumeaux91","url":"https:\/\/jumeaux91.fr\/blog\/","logo":{"@type":"ImageObject","inLanguage":"fr-FR","@id":"https:\/\/jumeaux91.fr\/blog\/#\/schema\/logo\/image\/","url":"https:\/\/jumeaux91.fr\/blog\/wp-content\/uploads\/2023\/05\/cropped-cropped-logoJ_91.png","contentUrl":"https:\/\/jumeaux91.fr\/blog\/wp-content\/uploads\/2023\/05\/cropped-cropped-logoJ_91.png","width":512,"height":512,"caption":"jumeaux91"},"image":{"@id":"https:\/\/jumeaux91.fr\/blog\/#\/schema\/logo\/image\/"}},{"@type":"Person","@id":"https:\/\/jumeaux91.fr\/blog\/#\/schema\/person\/21da06e9f119b9f64e5d45dbbd32d3fb","name":"Claude DAYRES","image":{"@type":"ImageObject","inLanguage":"fr-FR","@id":"https:\/\/secure.gravatar.com\/avatar\/82eb951df6110a2c48d1bfa7a67d1ee6f0cd5df3cbf9c3586dd61e82db7172a5?s=96&d=mm&r=g","url":"https:\/\/secure.gravatar.com\/avatar\/82eb951df6110a2c48d1bfa7a67d1ee6f0cd5df3cbf9c3586dd61e82db7172a5?s=96&d=mm&r=g","contentUrl":"https:\/\/secure.gravatar.com\/avatar\/82eb951df6110a2c48d1bfa7a67d1ee6f0cd5df3cbf9c3586dd61e82db7172a5?s=96&d=mm&r=g","caption":"Claude DAYRES"},"url":"https:\/\/jumeaux91.fr\/blog\/author\/x91claude\/"}]}},"_links":{"self":[{"href":"https:\/\/jumeaux91.fr\/blog\/wp-json\/wp\/v2\/posts\/836","targetHints":{"allow":["GET"]}}],"collection":[{"href":"https:\/\/jumeaux91.fr\/blog\/wp-json\/wp\/v2\/posts"}],"about":[{"href":"https:\/\/jumeaux91.fr\/blog\/wp-json\/wp\/v2\/types\/post"}],"author":[{"embeddable":true,"href":"https:\/\/jumeaux91.fr\/blog\/wp-json\/wp\/v2\/users\/2"}],"replies":[{"embeddable":true,"href":"https:\/\/jumeaux91.fr\/blog\/wp-json\/wp\/v2\/comments?post=836"}],"version-history":[{"count":0,"href":"https:\/\/jumeaux91.fr\/blog\/wp-json\/wp\/v2\/posts\/836\/revisions"}],"wp:featuredmedia":[{"embeddable":true,"href":"https:\/\/jumeaux91.fr\/blog\/wp-json\/wp\/v2\/media\/837"}],"wp:attachment":[{"href":"https:\/\/jumeaux91.fr\/blog\/wp-json\/wp\/v2\/media?parent=836"}],"wp:term":[{"taxonomy":"category","embeddable":true,"href":"https:\/\/jumeaux91.fr\/blog\/wp-json\/wp\/v2\/categories?post=836"},{"taxonomy":"post_tag","embeddable":true,"href":"https:\/\/jumeaux91.fr\/blog\/wp-json\/wp\/v2\/tags?post=836"}],"curies":[{"name":"wp","href":"https:\/\/api.w.org\/{rel}","templated":true}]}}