{"id":843,"date":"2024-10-18T18:59:00","date_gmt":"2024-10-18T16:59:00","guid":{"rendered":"https:\/\/jumeaux91.fr\/blog\/a-lorigine-de-lexpression-freres-siamois-les-jumeaux-chang-et-eng-bunker\/"},"modified":"2024-10-18T18:59:00","modified_gmt":"2024-10-18T16:59:00","slug":"a-lorigine-de-lexpression-freres-siamois-les-jumeaux-chang-et-eng-bunker","status":"publish","type":"post","link":"https:\/\/jumeaux91.fr\/blog\/a-lorigine-de-lexpression-freres-siamois-les-jumeaux-chang-et-eng-bunker\/","title":{"rendered":"\u00c0 l&rsquo;origine de l&rsquo;expression \u00ab\u00a0fr\u00e8res siamois\u00a0\u00bb : les jumeaux Chang et Eng Bunker"},"content":{"rendered":"<aside class=\"ParentShowCard svelte-15jgmwc\">\n<div class=\"ParentShowCard-visual svelte-15jgmwc\" data-testid=\"ParentShowCard-visual\">   <img decoding=\"async\" src=\"https:\/\/jumeaux91.fr\/blog\/wp-content\/uploads\/2024\/10\/a-lorigine-de-lexpression-freres-siamois-les-jumeaux-chang-et-eng-bunker.jpg\" width=\"400\" height=\"400\" alt=\"L'Almanach de l'\u00e9trange\" loading=\"lazy\" data-testid=\"image-tag\" aria-hidden=\"false\" class=\"svelte-659pkp ratio\"><\/div>\n<\/aside>\n<p><h2 class=\"ExpressionSummary-standFirst qg-tt4 qg-xtra-lh svelte-ip0b1f\" data-testid=\"ExpressionSummary-standFirst\">Qualifi\u00e9s de fr\u00e8res siamois parce qu&rsquo;originaire du royaume de Siam (ancien nom de la Tha\u00eflande), Chang et Eng Bunker (1811 &#8211; 1874) sont \u00e0 l&rsquo;origine de l&rsquo;expression \u00ab\u00a0fr\u00e8res siamois\u00a0\u00bb. Leur destin hors du commun est retrac\u00e9 dans un roman \u00ab\u00a0Les \u00e9toiles doubles\u00a0\u00bb de Laurent B\u00e9n\u00e9gui (\u00e9d. Julliard).<\/h2>\n<\/p>\n<p> La chronique se veut g\u00e9n\u00e9r\u00e9e de la fa\u00e7on la plus claire que possible. Dans le cas o\u00f9 vous souhaitez pr\u00e9senter des renseignements compl\u00e9mentaires \u00e0 cet article sur le sujet \u00ab\u00a0Fr\u00e8res jumeaux de l&rsquo;Essonnes\u00a0\u00bb il vous est possible d\u2019\u00e9crire aux contacts indiqu\u00e9s sur notre website. La raison d\u2019\u00eatre de jumeaux91.fr \u00e9tant de rassembler sur le web des posts sur le sujet de Fr\u00e8res jumeaux de l&rsquo;Essonnes puis les diffuser en r\u00e9pondant au mieux aux interrogations des gens. Vous pouvez tirer profit de cet article traitant le sujet \u00ab\u00a0Fr\u00e8res jumeaux de l&rsquo;Essonnes\u00a0\u00bb. Il est concoct\u00e9 par l\u2019\u00e9quipe jumeaux91.fr. Prochainement, nous rendrons accessibles au public d&rsquo;autres informations pertinentes sur le sujet \u00ab\u00a0Fr\u00e8res jumeaux de l&rsquo;Essonnes\u00a0\u00bb. Alors, consultez syst\u00e9matiquement notre blog.<\/p>\n","protected":false},"excerpt":{"rendered":"<p>Qualifi\u00e9s de fr\u00e8res siamois parce qu&rsquo;originaire du royaume de Siam (ancien nom de la Tha\u00eflande), Chang et Eng Bunker (1811 &#8211; 1874) sont \u00e0 l&rsquo;origine de l&rsquo;expression \u00ab\u00a0fr\u00e8res siamois\u00a0\u00bb. Leur destin hors du commun est retrac\u00e9 dans un roman \u00ab\u00a0Les \u00e9toiles doubles\u00a0\u00bb de Laurent B\u00e9n\u00e9gui (\u00e9d. Julliard). La chronique se veut g\u00e9n\u00e9r\u00e9e de la fa\u00e7on&hellip; <a class=\"more-link\" href=\"https:\/\/jumeaux91.fr\/blog\/a-lorigine-de-lexpression-freres-siamois-les-jumeaux-chang-et-eng-bunker\/\">Poursuivre la lecture <span class=\"screen-reader-text\">\u00c0 l&rsquo;origine de l&rsquo;expression \u00ab\u00a0fr\u00e8res siamois\u00a0\u00bb : les jumeaux Chang et Eng Bunker<\/span><\/a><\/p>\n","protected":false},"author":2,"featured_media":844,"comment_status":"closed","ping_status":"closed","sticky":false,"template":"","format":"standard","meta":{"footnotes":""},"categories":[4],"tags":[],"class_list":["post-843","post","type-post","status-publish","format-standard","has-post-thumbnail","hentry","category-posts-freres-jumeaux-de-lessonnes","entry"],"yoast_head":"<!-- This site is optimized with the Yoast SEO plugin v27.5 - https:\/\/yoast.com\/product\/yoast-seo-wordpress\/ -->\n<title>\u00c0 l&#039;origine de l&#039;expression &quot;fr\u00e8res siamois&quot; : les jumeaux Chang et Eng Bunker - JUMEAUX91<\/title>\n<meta name=\"robots\" content=\"index, follow, max-snippet:-1, max-image-preview:large, max-video-preview:-1\" \/>\n<link rel=\"canonical\" href=\"https:\/\/jumeaux91.fr\/blog\/a-lorigine-de-lexpression-freres-siamois-les-jumeaux-chang-et-eng-bunker\/\" \/>\n<meta property=\"og:locale\" content=\"fr_FR\" \/>\n<meta property=\"og:type\" content=\"article\" \/>\n<meta property=\"og:title\" content=\"\u00c0 l&#039;origine de l&#039;expression &quot;fr\u00e8res siamois&quot; : les jumeaux Chang et Eng Bunker - JUMEAUX91\" \/>\n<meta property=\"og:description\" content=\"Qualifi\u00e9s de fr\u00e8res siamois parce qu&rsquo;originaire du royaume de Siam (ancien nom de la Tha\u00eflande), Chang et Eng Bunker (1811 &#8211; 1874) sont \u00e0 l&rsquo;origine de l&rsquo;expression \u00ab\u00a0fr\u00e8res siamois\u00a0\u00bb. Leur destin hors du commun est retrac\u00e9 dans un roman \u00ab\u00a0Les \u00e9toiles doubles\u00a0\u00bb de Laurent B\u00e9n\u00e9gui (\u00e9d. Julliard). La chronique se veut g\u00e9n\u00e9r\u00e9e de la fa\u00e7on&hellip; Poursuivre la lecture \u00c0 l&rsquo;origine de l&rsquo;expression \u00ab\u00a0fr\u00e8res siamois\u00a0\u00bb : les jumeaux Chang et Eng Bunker\" \/>\n<meta property=\"og:url\" content=\"https:\/\/jumeaux91.fr\/blog\/a-lorigine-de-lexpression-freres-siamois-les-jumeaux-chang-et-eng-bunker\/\" \/>\n<meta property=\"og:site_name\" content=\"JUMEAUX91\" \/>\n<meta property=\"article:published_time\" content=\"2024-10-18T16:59:00+00:00\" \/>\n<meta property=\"og:image\" content=\"https:\/\/jumeaux91.fr\/blog\/wp-content\/uploads\/2024\/10\/a-lorigine-de-lexpression-freres-siamois-les-jumeaux-chang-et-eng-bunker.jpg\" \/>\n<meta name=\"author\" content=\"Claude DAYRES\" \/>\n<meta name=\"twitter:card\" content=\"summary_large_image\" \/>\n<meta name=\"twitter:label1\" content=\"\u00c9crit par\" \/>\n\t<meta name=\"twitter:data1\" content=\"Claude DAYRES\" \/>\n\t<meta name=\"twitter:label2\" content=\"Dur\u00e9e de lecture estim\u00e9e\" \/>\n\t<meta name=\"twitter:data2\" content=\"1 minute\" \/>\n<script type=\"application\/ld+json\" class=\"yoast-schema-graph\">{\"@context\":\"https:\\\/\\\/schema.org\",\"@graph\":[{\"@type\":\"Article\",\"@id\":\"https:\\\/\\\/jumeaux91.fr\\\/blog\\\/a-lorigine-de-lexpression-freres-siamois-les-jumeaux-chang-et-eng-bunker\\\/#article\",\"isPartOf\":{\"@id\":\"https:\\\/\\\/jumeaux91.fr\\\/blog\\\/a-lorigine-de-lexpression-freres-siamois-les-jumeaux-chang-et-eng-bunker\\\/\"},\"author\":{\"name\":\"Claude DAYRES\",\"@id\":\"https:\\\/\\\/jumeaux91.fr\\\/blog\\\/#\\\/schema\\\/person\\\/21da06e9f119b9f64e5d45dbbd32d3fb\"},\"headline\":\"\u00c0 l&rsquo;origine de l&rsquo;expression \u00ab\u00a0fr\u00e8res siamois\u00a0\u00bb : les jumeaux Chang et Eng Bunker\",\"datePublished\":\"2024-10-18T16:59:00+00:00\",\"mainEntityOfPage\":{\"@id\":\"https:\\\/\\\/jumeaux91.fr\\\/blog\\\/a-lorigine-de-lexpression-freres-siamois-les-jumeaux-chang-et-eng-bunker\\\/\"},\"wordCount\":206,\"publisher\":{\"@id\":\"https:\\\/\\\/jumeaux91.fr\\\/blog\\\/#organization\"},\"image\":{\"@id\":\"https:\\\/\\\/jumeaux91.fr\\\/blog\\\/a-lorigine-de-lexpression-freres-siamois-les-jumeaux-chang-et-eng-bunker\\\/#primaryimage\"},\"thumbnailUrl\":\"https:\\\/\\\/jumeaux91.fr\\\/blog\\\/wp-content\\\/uploads\\\/2024\\\/10\\\/a-lorigine-de-lexpression-freres-siamois-les-jumeaux-chang-et-eng-bunker.jpg\",\"articleSection\":[\"Posts Fr\u00e8res Jumeaux De L'Essonnes:\"],\"inLanguage\":\"fr-FR\"},{\"@type\":\"WebPage\",\"@id\":\"https:\\\/\\\/jumeaux91.fr\\\/blog\\\/a-lorigine-de-lexpression-freres-siamois-les-jumeaux-chang-et-eng-bunker\\\/\",\"url\":\"https:\\\/\\\/jumeaux91.fr\\\/blog\\\/a-lorigine-de-lexpression-freres-siamois-les-jumeaux-chang-et-eng-bunker\\\/\",\"name\":\"\u00c0 l'origine de l'expression \\\"fr\u00e8res siamois\\\" : les jumeaux Chang et Eng Bunker - JUMEAUX91\",\"isPartOf\":{\"@id\":\"https:\\\/\\\/jumeaux91.fr\\\/blog\\\/#website\"},\"primaryImageOfPage\":{\"@id\":\"https:\\\/\\\/jumeaux91.fr\\\/blog\\\/a-lorigine-de-lexpression-freres-siamois-les-jumeaux-chang-et-eng-bunker\\\/#primaryimage\"},\"image\":{\"@id\":\"https:\\\/\\\/jumeaux91.fr\\\/blog\\\/a-lorigine-de-lexpression-freres-siamois-les-jumeaux-chang-et-eng-bunker\\\/#primaryimage\"},\"thumbnailUrl\":\"https:\\\/\\\/jumeaux91.fr\\\/blog\\\/wp-content\\\/uploads\\\/2024\\\/10\\\/a-lorigine-de-lexpression-freres-siamois-les-jumeaux-chang-et-eng-bunker.jpg\",\"datePublished\":\"2024-10-18T16:59:00+00:00\",\"breadcrumb\":{\"@id\":\"https:\\\/\\\/jumeaux91.fr\\\/blog\\\/a-lorigine-de-lexpression-freres-siamois-les-jumeaux-chang-et-eng-bunker\\\/#breadcrumb\"},\"inLanguage\":\"fr-FR\",\"potentialAction\":[{\"@type\":\"ReadAction\",\"target\":[\"https:\\\/\\\/jumeaux91.fr\\\/blog\\\/a-lorigine-de-lexpression-freres-siamois-les-jumeaux-chang-et-eng-bunker\\\/\"]}]},{\"@type\":\"ImageObject\",\"inLanguage\":\"fr-FR\",\"@id\":\"https:\\\/\\\/jumeaux91.fr\\\/blog\\\/a-lorigine-de-lexpression-freres-siamois-les-jumeaux-chang-et-eng-bunker\\\/#primaryimage\",\"url\":\"https:\\\/\\\/jumeaux91.fr\\\/blog\\\/wp-content\\\/uploads\\\/2024\\\/10\\\/a-lorigine-de-lexpression-freres-siamois-les-jumeaux-chang-et-eng-bunker.jpg\",\"contentUrl\":\"https:\\\/\\\/jumeaux91.fr\\\/blog\\\/wp-content\\\/uploads\\\/2024\\\/10\\\/a-lorigine-de-lexpression-freres-siamois-les-jumeaux-chang-et-eng-bunker.jpg\",\"width\":400,\"height\":400,\"caption\":\"\u00c0 l'origine de l'expression \\\"fr\u00e8res siamois\\\" : les jumeaux Chang et Eng Bunker\"},{\"@type\":\"BreadcrumbList\",\"@id\":\"https:\\\/\\\/jumeaux91.fr\\\/blog\\\/a-lorigine-de-lexpression-freres-siamois-les-jumeaux-chang-et-eng-bunker\\\/#breadcrumb\",\"itemListElement\":[{\"@type\":\"ListItem\",\"position\":1,\"name\":\"Accueil\",\"item\":\"https:\\\/\\\/jumeaux91.fr\\\/blog\\\/\"},{\"@type\":\"ListItem\",\"position\":2,\"name\":\"\u00c0 l&rsquo;origine de l&rsquo;expression \u00ab\u00a0fr\u00e8res siamois\u00a0\u00bb : les jumeaux Chang et Eng Bunker\"}]},{\"@type\":\"WebSite\",\"@id\":\"https:\\\/\\\/jumeaux91.fr\\\/blog\\\/#website\",\"url\":\"https:\\\/\\\/jumeaux91.fr\\\/blog\\\/\",\"name\":\"JUMEAUX91\",\"description\":\"Fr\u00e8res jumeaux de l&#039;Essonnes; informations et archives, \u00e0 savoir et retenir.\",\"publisher\":{\"@id\":\"https:\\\/\\\/jumeaux91.fr\\\/blog\\\/#organization\"},\"potentialAction\":[{\"@type\":\"SearchAction\",\"target\":{\"@type\":\"EntryPoint\",\"urlTemplate\":\"https:\\\/\\\/jumeaux91.fr\\\/blog\\\/?s={search_term_string}\"},\"query-input\":{\"@type\":\"PropertyValueSpecification\",\"valueRequired\":true,\"valueName\":\"search_term_string\"}}],\"inLanguage\":\"fr-FR\"},{\"@type\":\"Organization\",\"@id\":\"https:\\\/\\\/jumeaux91.fr\\\/blog\\\/#organization\",\"name\":\"jumeaux91\",\"url\":\"https:\\\/\\\/jumeaux91.fr\\\/blog\\\/\",\"logo\":{\"@type\":\"ImageObject\",\"inLanguage\":\"fr-FR\",\"@id\":\"https:\\\/\\\/jumeaux91.fr\\\/blog\\\/#\\\/schema\\\/logo\\\/image\\\/\",\"url\":\"https:\\\/\\\/jumeaux91.fr\\\/blog\\\/wp-content\\\/uploads\\\/2023\\\/05\\\/cropped-cropped-logoJ_91.png\",\"contentUrl\":\"https:\\\/\\\/jumeaux91.fr\\\/blog\\\/wp-content\\\/uploads\\\/2023\\\/05\\\/cropped-cropped-logoJ_91.png\",\"width\":512,\"height\":512,\"caption\":\"jumeaux91\"},\"image\":{\"@id\":\"https:\\\/\\\/jumeaux91.fr\\\/blog\\\/#\\\/schema\\\/logo\\\/image\\\/\"}},{\"@type\":\"Person\",\"@id\":\"https:\\\/\\\/jumeaux91.fr\\\/blog\\\/#\\\/schema\\\/person\\\/21da06e9f119b9f64e5d45dbbd32d3fb\",\"name\":\"Claude DAYRES\",\"image\":{\"@type\":\"ImageObject\",\"inLanguage\":\"fr-FR\",\"@id\":\"https:\\\/\\\/secure.gravatar.com\\\/avatar\\\/82eb951df6110a2c48d1bfa7a67d1ee6f0cd5df3cbf9c3586dd61e82db7172a5?s=96&d=mm&r=g\",\"url\":\"https:\\\/\\\/secure.gravatar.com\\\/avatar\\\/82eb951df6110a2c48d1bfa7a67d1ee6f0cd5df3cbf9c3586dd61e82db7172a5?s=96&d=mm&r=g\",\"contentUrl\":\"https:\\\/\\\/secure.gravatar.com\\\/avatar\\\/82eb951df6110a2c48d1bfa7a67d1ee6f0cd5df3cbf9c3586dd61e82db7172a5?s=96&d=mm&r=g\",\"caption\":\"Claude DAYRES\"},\"url\":\"https:\\\/\\\/jumeaux91.fr\\\/blog\\\/author\\\/x91claude\\\/\"}]}<\/script>\n<!-- \/ Yoast SEO plugin. -->","yoast_head_json":{"title":"\u00c0 l'origine de l'expression \"fr\u00e8res siamois\" : les jumeaux Chang et Eng Bunker - JUMEAUX91","robots":{"index":"index","follow":"follow","max-snippet":"max-snippet:-1","max-image-preview":"max-image-preview:large","max-video-preview":"max-video-preview:-1"},"canonical":"https:\/\/jumeaux91.fr\/blog\/a-lorigine-de-lexpression-freres-siamois-les-jumeaux-chang-et-eng-bunker\/","og_locale":"fr_FR","og_type":"article","og_title":"\u00c0 l'origine de l'expression \"fr\u00e8res siamois\" : les jumeaux Chang et Eng Bunker - JUMEAUX91","og_description":"Qualifi\u00e9s de fr\u00e8res siamois parce qu&rsquo;originaire du royaume de Siam (ancien nom de la Tha\u00eflande), Chang et Eng Bunker (1811 &#8211; 1874) sont \u00e0 l&rsquo;origine de l&rsquo;expression \u00ab\u00a0fr\u00e8res siamois\u00a0\u00bb. Leur destin hors du commun est retrac\u00e9 dans un roman \u00ab\u00a0Les \u00e9toiles doubles\u00a0\u00bb de Laurent B\u00e9n\u00e9gui (\u00e9d. Julliard). La chronique se veut g\u00e9n\u00e9r\u00e9e de la fa\u00e7on&hellip; Poursuivre la lecture \u00c0 l&rsquo;origine de l&rsquo;expression \u00ab\u00a0fr\u00e8res siamois\u00a0\u00bb : les jumeaux Chang et Eng Bunker","og_url":"https:\/\/jumeaux91.fr\/blog\/a-lorigine-de-lexpression-freres-siamois-les-jumeaux-chang-et-eng-bunker\/","og_site_name":"JUMEAUX91","article_published_time":"2024-10-18T16:59:00+00:00","og_image":[{"url":"https:\/\/jumeaux91.fr\/blog\/wp-content\/uploads\/2024\/10\/a-lorigine-de-lexpression-freres-siamois-les-jumeaux-chang-et-eng-bunker.jpg","type":"","width":"","height":""}],"author":"Claude DAYRES","twitter_card":"summary_large_image","twitter_misc":{"\u00c9crit par":"Claude DAYRES","Dur\u00e9e de lecture estim\u00e9e":"1 minute"},"schema":{"@context":"https:\/\/schema.org","@graph":[{"@type":"Article","@id":"https:\/\/jumeaux91.fr\/blog\/a-lorigine-de-lexpression-freres-siamois-les-jumeaux-chang-et-eng-bunker\/#article","isPartOf":{"@id":"https:\/\/jumeaux91.fr\/blog\/a-lorigine-de-lexpression-freres-siamois-les-jumeaux-chang-et-eng-bunker\/"},"author":{"name":"Claude DAYRES","@id":"https:\/\/jumeaux91.fr\/blog\/#\/schema\/person\/21da06e9f119b9f64e5d45dbbd32d3fb"},"headline":"\u00c0 l&rsquo;origine de l&rsquo;expression \u00ab\u00a0fr\u00e8res siamois\u00a0\u00bb : les jumeaux Chang et Eng Bunker","datePublished":"2024-10-18T16:59:00+00:00","mainEntityOfPage":{"@id":"https:\/\/jumeaux91.fr\/blog\/a-lorigine-de-lexpression-freres-siamois-les-jumeaux-chang-et-eng-bunker\/"},"wordCount":206,"publisher":{"@id":"https:\/\/jumeaux91.fr\/blog\/#organization"},"image":{"@id":"https:\/\/jumeaux91.fr\/blog\/a-lorigine-de-lexpression-freres-siamois-les-jumeaux-chang-et-eng-bunker\/#primaryimage"},"thumbnailUrl":"https:\/\/jumeaux91.fr\/blog\/wp-content\/uploads\/2024\/10\/a-lorigine-de-lexpression-freres-siamois-les-jumeaux-chang-et-eng-bunker.jpg","articleSection":["Posts Fr\u00e8res Jumeaux De L'Essonnes:"],"inLanguage":"fr-FR"},{"@type":"WebPage","@id":"https:\/\/jumeaux91.fr\/blog\/a-lorigine-de-lexpression-freres-siamois-les-jumeaux-chang-et-eng-bunker\/","url":"https:\/\/jumeaux91.fr\/blog\/a-lorigine-de-lexpression-freres-siamois-les-jumeaux-chang-et-eng-bunker\/","name":"\u00c0 l'origine de l'expression \"fr\u00e8res siamois\" : les jumeaux Chang et Eng Bunker - JUMEAUX91","isPartOf":{"@id":"https:\/\/jumeaux91.fr\/blog\/#website"},"primaryImageOfPage":{"@id":"https:\/\/jumeaux91.fr\/blog\/a-lorigine-de-lexpression-freres-siamois-les-jumeaux-chang-et-eng-bunker\/#primaryimage"},"image":{"@id":"https:\/\/jumeaux91.fr\/blog\/a-lorigine-de-lexpression-freres-siamois-les-jumeaux-chang-et-eng-bunker\/#primaryimage"},"thumbnailUrl":"https:\/\/jumeaux91.fr\/blog\/wp-content\/uploads\/2024\/10\/a-lorigine-de-lexpression-freres-siamois-les-jumeaux-chang-et-eng-bunker.jpg","datePublished":"2024-10-18T16:59:00+00:00","breadcrumb":{"@id":"https:\/\/jumeaux91.fr\/blog\/a-lorigine-de-lexpression-freres-siamois-les-jumeaux-chang-et-eng-bunker\/#breadcrumb"},"inLanguage":"fr-FR","potentialAction":[{"@type":"ReadAction","target":["https:\/\/jumeaux91.fr\/blog\/a-lorigine-de-lexpression-freres-siamois-les-jumeaux-chang-et-eng-bunker\/"]}]},{"@type":"ImageObject","inLanguage":"fr-FR","@id":"https:\/\/jumeaux91.fr\/blog\/a-lorigine-de-lexpression-freres-siamois-les-jumeaux-chang-et-eng-bunker\/#primaryimage","url":"https:\/\/jumeaux91.fr\/blog\/wp-content\/uploads\/2024\/10\/a-lorigine-de-lexpression-freres-siamois-les-jumeaux-chang-et-eng-bunker.jpg","contentUrl":"https:\/\/jumeaux91.fr\/blog\/wp-content\/uploads\/2024\/10\/a-lorigine-de-lexpression-freres-siamois-les-jumeaux-chang-et-eng-bunker.jpg","width":400,"height":400,"caption":"\u00c0 l'origine de l'expression \"fr\u00e8res siamois\" : les jumeaux Chang et Eng Bunker"},{"@type":"BreadcrumbList","@id":"https:\/\/jumeaux91.fr\/blog\/a-lorigine-de-lexpression-freres-siamois-les-jumeaux-chang-et-eng-bunker\/#breadcrumb","itemListElement":[{"@type":"ListItem","position":1,"name":"Accueil","item":"https:\/\/jumeaux91.fr\/blog\/"},{"@type":"ListItem","position":2,"name":"\u00c0 l&rsquo;origine de l&rsquo;expression \u00ab\u00a0fr\u00e8res siamois\u00a0\u00bb : les jumeaux Chang et Eng Bunker"}]},{"@type":"WebSite","@id":"https:\/\/jumeaux91.fr\/blog\/#website","url":"https:\/\/jumeaux91.fr\/blog\/","name":"JUMEAUX91","description":"Fr\u00e8res jumeaux de l&#039;Essonnes; informations et archives, \u00e0 savoir et retenir.","publisher":{"@id":"https:\/\/jumeaux91.fr\/blog\/#organization"},"potentialAction":[{"@type":"SearchAction","target":{"@type":"EntryPoint","urlTemplate":"https:\/\/jumeaux91.fr\/blog\/?s={search_term_string}"},"query-input":{"@type":"PropertyValueSpecification","valueRequired":true,"valueName":"search_term_string"}}],"inLanguage":"fr-FR"},{"@type":"Organization","@id":"https:\/\/jumeaux91.fr\/blog\/#organization","name":"jumeaux91","url":"https:\/\/jumeaux91.fr\/blog\/","logo":{"@type":"ImageObject","inLanguage":"fr-FR","@id":"https:\/\/jumeaux91.fr\/blog\/#\/schema\/logo\/image\/","url":"https:\/\/jumeaux91.fr\/blog\/wp-content\/uploads\/2023\/05\/cropped-cropped-logoJ_91.png","contentUrl":"https:\/\/jumeaux91.fr\/blog\/wp-content\/uploads\/2023\/05\/cropped-cropped-logoJ_91.png","width":512,"height":512,"caption":"jumeaux91"},"image":{"@id":"https:\/\/jumeaux91.fr\/blog\/#\/schema\/logo\/image\/"}},{"@type":"Person","@id":"https:\/\/jumeaux91.fr\/blog\/#\/schema\/person\/21da06e9f119b9f64e5d45dbbd32d3fb","name":"Claude DAYRES","image":{"@type":"ImageObject","inLanguage":"fr-FR","@id":"https:\/\/secure.gravatar.com\/avatar\/82eb951df6110a2c48d1bfa7a67d1ee6f0cd5df3cbf9c3586dd61e82db7172a5?s=96&d=mm&r=g","url":"https:\/\/secure.gravatar.com\/avatar\/82eb951df6110a2c48d1bfa7a67d1ee6f0cd5df3cbf9c3586dd61e82db7172a5?s=96&d=mm&r=g","contentUrl":"https:\/\/secure.gravatar.com\/avatar\/82eb951df6110a2c48d1bfa7a67d1ee6f0cd5df3cbf9c3586dd61e82db7172a5?s=96&d=mm&r=g","caption":"Claude DAYRES"},"url":"https:\/\/jumeaux91.fr\/blog\/author\/x91claude\/"}]}},"_links":{"self":[{"href":"https:\/\/jumeaux91.fr\/blog\/wp-json\/wp\/v2\/posts\/843","targetHints":{"allow":["GET"]}}],"collection":[{"href":"https:\/\/jumeaux91.fr\/blog\/wp-json\/wp\/v2\/posts"}],"about":[{"href":"https:\/\/jumeaux91.fr\/blog\/wp-json\/wp\/v2\/types\/post"}],"author":[{"embeddable":true,"href":"https:\/\/jumeaux91.fr\/blog\/wp-json\/wp\/v2\/users\/2"}],"replies":[{"embeddable":true,"href":"https:\/\/jumeaux91.fr\/blog\/wp-json\/wp\/v2\/comments?post=843"}],"version-history":[{"count":0,"href":"https:\/\/jumeaux91.fr\/blog\/wp-json\/wp\/v2\/posts\/843\/revisions"}],"wp:featuredmedia":[{"embeddable":true,"href":"https:\/\/jumeaux91.fr\/blog\/wp-json\/wp\/v2\/media\/844"}],"wp:attachment":[{"href":"https:\/\/jumeaux91.fr\/blog\/wp-json\/wp\/v2\/media?parent=843"}],"wp:term":[{"taxonomy":"category","embeddable":true,"href":"https:\/\/jumeaux91.fr\/blog\/wp-json\/wp\/v2\/categories?post=843"},{"taxonomy":"post_tag","embeddable":true,"href":"https:\/\/jumeaux91.fr\/blog\/wp-json\/wp\/v2\/tags?post=843"}],"curies":[{"name":"wp","href":"https:\/\/api.w.org\/{rel}","templated":true}]}}