{"id":850,"date":"2024-10-23T03:34:00","date_gmt":"2024-10-23T01:34:00","guid":{"rendered":"https:\/\/jumeaux91.fr\/blog\/disney-annonce-la-date-de-diffusion-de-la-nouvelle-saison-de-goosebumps-the-vanishing-alias-chair-de-poule\/"},"modified":"2024-10-23T03:34:00","modified_gmt":"2024-10-23T01:34:00","slug":"disney-annonce-la-date-de-diffusion-de-la-nouvelle-saison-de-goosebumps-the-vanishing-alias-chair-de-poule","status":"publish","type":"post","link":"https:\/\/jumeaux91.fr\/blog\/disney-annonce-la-date-de-diffusion-de-la-nouvelle-saison-de-goosebumps-the-vanishing-alias-chair-de-poule\/","title":{"rendered":"Disney+ annonce la date de diffusion de la nouvelle saison de \u00ab Goosebumps: The Vanishing \u00bb, alias \u00ab Chair de poule"},"content":{"rendered":"<div><img decoding=\"async\" src=\"https:\/\/www.actusf.com\/files\/new_images\/actualit\u00e9s\/2024 Semestre 1\/Goosebumps The Vanishing2.jpg\" class=\"ff-og-image-inserted\"><\/div>\n<p>S\u00e9rie anthologie, \u00ab<b> Goosebumps: The Vanishing<\/b> \u00bb (\u00ab<b> Chair de poule<\/b> \u00bb en VF) raconte les vacances terrifiantes aux Etats Unis de deux fr\u00e8res jumeaux, d\u00e9couvrant un bien sombre histoire li\u00e9e \u00e0 la disparition de quatre ados il y a trente ans. La nouvelle saison doit arriver le 10 janvier prochain sur Disney +.<\/p>\n<p>C&rsquo;est une adaptation de l&rsquo;univers de la s\u00e9rie de livres fantastiques jeunesse \u00ab <b>Chair de poule<\/b> \u00bb de R. L. Stine qui a fait trembler les jeunes de juillet 1992 \u00e0 d\u00e9cembre 1997.<\/p>\n<p>[embedded content]<\/p>\n<p>La chronique se veut g\u00e9n\u00e9r\u00e9e de la fa\u00e7on la plus claire que possible. Dans le cas o\u00f9 vous souhaitez pr\u00e9senter des renseignements compl\u00e9mentaires \u00e0 cet article sur le sujet \u00ab\u00a0Fr\u00e8res jumeaux de l&rsquo;Essonnes\u00a0\u00bb il vous est possible d\u2019\u00e9crire aux contacts indiqu\u00e9s sur notre website. La raison d\u2019\u00eatre de jumeaux91.fr \u00e9tant de rassembler sur le web des posts sur le sujet de Fr\u00e8res jumeaux de l&rsquo;Essonnes puis les diffuser en r\u00e9pondant au mieux aux interrogations des gens. Vous pouvez tirer profit de cet article traitant le sujet \u00ab\u00a0Fr\u00e8res jumeaux de l&rsquo;Essonnes\u00a0\u00bb. Il est concoct\u00e9 par l\u2019\u00e9quipe jumeaux91.fr. Prochainement, nous rendrons accessibles au public d&rsquo;autres informations pertinentes sur le sujet \u00ab\u00a0Fr\u00e8res jumeaux de l&rsquo;Essonnes\u00a0\u00bb. Alors, consultez syst\u00e9matiquement notre blog.<\/p>\n","protected":false},"excerpt":{"rendered":"<p>S\u00e9rie anthologie, \u00ab Goosebumps: The Vanishing \u00bb (\u00ab Chair de poule \u00bb en VF) raconte les vacances terrifiantes aux Etats Unis de deux fr\u00e8res jumeaux, d\u00e9couvrant un bien sombre histoire li\u00e9e \u00e0 la disparition de quatre ados il y a trente ans. La nouvelle saison doit arriver le 10 janvier prochain sur Disney +. C&rsquo;est&hellip; <a class=\"more-link\" href=\"https:\/\/jumeaux91.fr\/blog\/disney-annonce-la-date-de-diffusion-de-la-nouvelle-saison-de-goosebumps-the-vanishing-alias-chair-de-poule\/\">Poursuivre la lecture <span class=\"screen-reader-text\">Disney+ annonce la date de diffusion de la nouvelle saison de \u00ab Goosebumps: The Vanishing \u00bb, alias \u00ab Chair de poule<\/span><\/a><\/p>\n","protected":false},"author":2,"featured_media":0,"comment_status":"closed","ping_status":"closed","sticky":false,"template":"","format":"standard","meta":{"footnotes":""},"categories":[4],"tags":[],"class_list":["post-850","post","type-post","status-publish","format-standard","hentry","category-posts-freres-jumeaux-de-lessonnes","entry"],"yoast_head":"<!-- This site is optimized with the Yoast SEO plugin v27.5 - https:\/\/yoast.com\/product\/yoast-seo-wordpress\/ -->\n<title>Disney+ annonce la date de diffusion de la nouvelle saison de \u00ab Goosebumps: The Vanishing \u00bb, alias \u00ab Chair de poule - JUMEAUX91<\/title>\n<meta name=\"robots\" content=\"index, follow, max-snippet:-1, max-image-preview:large, max-video-preview:-1\" \/>\n<link rel=\"canonical\" href=\"https:\/\/jumeaux91.fr\/blog\/disney-annonce-la-date-de-diffusion-de-la-nouvelle-saison-de-goosebumps-the-vanishing-alias-chair-de-poule\/\" \/>\n<meta property=\"og:locale\" content=\"fr_FR\" \/>\n<meta property=\"og:type\" content=\"article\" \/>\n<meta property=\"og:title\" content=\"Disney+ annonce la date de diffusion de la nouvelle saison de \u00ab Goosebumps: The Vanishing \u00bb, alias \u00ab Chair de poule - JUMEAUX91\" \/>\n<meta property=\"og:description\" content=\"S\u00e9rie anthologie, \u00ab Goosebumps: The Vanishing \u00bb (\u00ab Chair de poule \u00bb en VF) raconte les vacances terrifiantes aux Etats Unis de deux fr\u00e8res jumeaux, d\u00e9couvrant un bien sombre histoire li\u00e9e \u00e0 la disparition de quatre ados il y a trente ans. La nouvelle saison doit arriver le 10 janvier prochain sur Disney +. C&rsquo;est&hellip; Poursuivre la lecture Disney+ annonce la date de diffusion de la nouvelle saison de \u00ab Goosebumps: The Vanishing \u00bb, alias \u00ab Chair de poule\" \/>\n<meta property=\"og:url\" content=\"https:\/\/jumeaux91.fr\/blog\/disney-annonce-la-date-de-diffusion-de-la-nouvelle-saison-de-goosebumps-the-vanishing-alias-chair-de-poule\/\" \/>\n<meta property=\"og:site_name\" content=\"JUMEAUX91\" \/>\n<meta property=\"article:published_time\" content=\"2024-10-23T01:34:00+00:00\" \/>\n<meta name=\"author\" content=\"Claude DAYRES\" \/>\n<meta name=\"twitter:card\" content=\"summary_large_image\" \/>\n<meta name=\"twitter:label1\" content=\"\u00c9crit par\" \/>\n\t<meta name=\"twitter:data1\" content=\"Claude DAYRES\" \/>\n\t<meta name=\"twitter:label2\" content=\"Dur\u00e9e de lecture estim\u00e9e\" \/>\n\t<meta name=\"twitter:data2\" content=\"1 minute\" \/>\n<script type=\"application\/ld+json\" class=\"yoast-schema-graph\">{\"@context\":\"https:\\\/\\\/schema.org\",\"@graph\":[{\"@type\":\"Article\",\"@id\":\"https:\\\/\\\/jumeaux91.fr\\\/blog\\\/disney-annonce-la-date-de-diffusion-de-la-nouvelle-saison-de-goosebumps-the-vanishing-alias-chair-de-poule\\\/#article\",\"isPartOf\":{\"@id\":\"https:\\\/\\\/jumeaux91.fr\\\/blog\\\/disney-annonce-la-date-de-diffusion-de-la-nouvelle-saison-de-goosebumps-the-vanishing-alias-chair-de-poule\\\/\"},\"author\":{\"name\":\"Claude DAYRES\",\"@id\":\"https:\\\/\\\/jumeaux91.fr\\\/blog\\\/#\\\/schema\\\/person\\\/21da06e9f119b9f64e5d45dbbd32d3fb\"},\"headline\":\"Disney+ annonce la date de diffusion de la nouvelle saison de \u00ab Goosebumps: The Vanishing \u00bb, alias \u00ab Chair de poule\",\"datePublished\":\"2024-10-23T01:34:00+00:00\",\"mainEntityOfPage\":{\"@id\":\"https:\\\/\\\/jumeaux91.fr\\\/blog\\\/disney-annonce-la-date-de-diffusion-de-la-nouvelle-saison-de-goosebumps-the-vanishing-alias-chair-de-poule\\\/\"},\"wordCount\":242,\"publisher\":{\"@id\":\"https:\\\/\\\/jumeaux91.fr\\\/blog\\\/#organization\"},\"articleSection\":[\"Posts Fr\u00e8res Jumeaux De L'Essonnes:\"],\"inLanguage\":\"fr-FR\"},{\"@type\":\"WebPage\",\"@id\":\"https:\\\/\\\/jumeaux91.fr\\\/blog\\\/disney-annonce-la-date-de-diffusion-de-la-nouvelle-saison-de-goosebumps-the-vanishing-alias-chair-de-poule\\\/\",\"url\":\"https:\\\/\\\/jumeaux91.fr\\\/blog\\\/disney-annonce-la-date-de-diffusion-de-la-nouvelle-saison-de-goosebumps-the-vanishing-alias-chair-de-poule\\\/\",\"name\":\"Disney+ annonce la date de diffusion de la nouvelle saison de \u00ab Goosebumps: The Vanishing \u00bb, alias \u00ab Chair de poule - JUMEAUX91\",\"isPartOf\":{\"@id\":\"https:\\\/\\\/jumeaux91.fr\\\/blog\\\/#website\"},\"datePublished\":\"2024-10-23T01:34:00+00:00\",\"breadcrumb\":{\"@id\":\"https:\\\/\\\/jumeaux91.fr\\\/blog\\\/disney-annonce-la-date-de-diffusion-de-la-nouvelle-saison-de-goosebumps-the-vanishing-alias-chair-de-poule\\\/#breadcrumb\"},\"inLanguage\":\"fr-FR\",\"potentialAction\":[{\"@type\":\"ReadAction\",\"target\":[\"https:\\\/\\\/jumeaux91.fr\\\/blog\\\/disney-annonce-la-date-de-diffusion-de-la-nouvelle-saison-de-goosebumps-the-vanishing-alias-chair-de-poule\\\/\"]}]},{\"@type\":\"BreadcrumbList\",\"@id\":\"https:\\\/\\\/jumeaux91.fr\\\/blog\\\/disney-annonce-la-date-de-diffusion-de-la-nouvelle-saison-de-goosebumps-the-vanishing-alias-chair-de-poule\\\/#breadcrumb\",\"itemListElement\":[{\"@type\":\"ListItem\",\"position\":1,\"name\":\"Accueil\",\"item\":\"https:\\\/\\\/jumeaux91.fr\\\/blog\\\/\"},{\"@type\":\"ListItem\",\"position\":2,\"name\":\"Disney+ annonce la date de diffusion de la nouvelle saison de \u00ab Goosebumps: The Vanishing \u00bb, alias \u00ab Chair de poule\"}]},{\"@type\":\"WebSite\",\"@id\":\"https:\\\/\\\/jumeaux91.fr\\\/blog\\\/#website\",\"url\":\"https:\\\/\\\/jumeaux91.fr\\\/blog\\\/\",\"name\":\"JUMEAUX91\",\"description\":\"Fr\u00e8res jumeaux de l&#039;Essonnes; informations et archives, \u00e0 savoir et retenir.\",\"publisher\":{\"@id\":\"https:\\\/\\\/jumeaux91.fr\\\/blog\\\/#organization\"},\"potentialAction\":[{\"@type\":\"SearchAction\",\"target\":{\"@type\":\"EntryPoint\",\"urlTemplate\":\"https:\\\/\\\/jumeaux91.fr\\\/blog\\\/?s={search_term_string}\"},\"query-input\":{\"@type\":\"PropertyValueSpecification\",\"valueRequired\":true,\"valueName\":\"search_term_string\"}}],\"inLanguage\":\"fr-FR\"},{\"@type\":\"Organization\",\"@id\":\"https:\\\/\\\/jumeaux91.fr\\\/blog\\\/#organization\",\"name\":\"jumeaux91\",\"url\":\"https:\\\/\\\/jumeaux91.fr\\\/blog\\\/\",\"logo\":{\"@type\":\"ImageObject\",\"inLanguage\":\"fr-FR\",\"@id\":\"https:\\\/\\\/jumeaux91.fr\\\/blog\\\/#\\\/schema\\\/logo\\\/image\\\/\",\"url\":\"https:\\\/\\\/jumeaux91.fr\\\/blog\\\/wp-content\\\/uploads\\\/2023\\\/05\\\/cropped-cropped-logoJ_91.png\",\"contentUrl\":\"https:\\\/\\\/jumeaux91.fr\\\/blog\\\/wp-content\\\/uploads\\\/2023\\\/05\\\/cropped-cropped-logoJ_91.png\",\"width\":512,\"height\":512,\"caption\":\"jumeaux91\"},\"image\":{\"@id\":\"https:\\\/\\\/jumeaux91.fr\\\/blog\\\/#\\\/schema\\\/logo\\\/image\\\/\"}},{\"@type\":\"Person\",\"@id\":\"https:\\\/\\\/jumeaux91.fr\\\/blog\\\/#\\\/schema\\\/person\\\/21da06e9f119b9f64e5d45dbbd32d3fb\",\"name\":\"Claude DAYRES\",\"image\":{\"@type\":\"ImageObject\",\"inLanguage\":\"fr-FR\",\"@id\":\"https:\\\/\\\/secure.gravatar.com\\\/avatar\\\/82eb951df6110a2c48d1bfa7a67d1ee6f0cd5df3cbf9c3586dd61e82db7172a5?s=96&d=mm&r=g\",\"url\":\"https:\\\/\\\/secure.gravatar.com\\\/avatar\\\/82eb951df6110a2c48d1bfa7a67d1ee6f0cd5df3cbf9c3586dd61e82db7172a5?s=96&d=mm&r=g\",\"contentUrl\":\"https:\\\/\\\/secure.gravatar.com\\\/avatar\\\/82eb951df6110a2c48d1bfa7a67d1ee6f0cd5df3cbf9c3586dd61e82db7172a5?s=96&d=mm&r=g\",\"caption\":\"Claude DAYRES\"},\"url\":\"https:\\\/\\\/jumeaux91.fr\\\/blog\\\/author\\\/x91claude\\\/\"}]}<\/script>\n<!-- \/ Yoast SEO plugin. -->","yoast_head_json":{"title":"Disney+ annonce la date de diffusion de la nouvelle saison de \u00ab Goosebumps: The Vanishing \u00bb, alias \u00ab Chair de poule - JUMEAUX91","robots":{"index":"index","follow":"follow","max-snippet":"max-snippet:-1","max-image-preview":"max-image-preview:large","max-video-preview":"max-video-preview:-1"},"canonical":"https:\/\/jumeaux91.fr\/blog\/disney-annonce-la-date-de-diffusion-de-la-nouvelle-saison-de-goosebumps-the-vanishing-alias-chair-de-poule\/","og_locale":"fr_FR","og_type":"article","og_title":"Disney+ annonce la date de diffusion de la nouvelle saison de \u00ab Goosebumps: The Vanishing \u00bb, alias \u00ab Chair de poule - JUMEAUX91","og_description":"S\u00e9rie anthologie, \u00ab Goosebumps: The Vanishing \u00bb (\u00ab Chair de poule \u00bb en VF) raconte les vacances terrifiantes aux Etats Unis de deux fr\u00e8res jumeaux, d\u00e9couvrant un bien sombre histoire li\u00e9e \u00e0 la disparition de quatre ados il y a trente ans. La nouvelle saison doit arriver le 10 janvier prochain sur Disney +. C&rsquo;est&hellip; Poursuivre la lecture Disney+ annonce la date de diffusion de la nouvelle saison de \u00ab Goosebumps: The Vanishing \u00bb, alias \u00ab Chair de poule","og_url":"https:\/\/jumeaux91.fr\/blog\/disney-annonce-la-date-de-diffusion-de-la-nouvelle-saison-de-goosebumps-the-vanishing-alias-chair-de-poule\/","og_site_name":"JUMEAUX91","article_published_time":"2024-10-23T01:34:00+00:00","author":"Claude DAYRES","twitter_card":"summary_large_image","twitter_misc":{"\u00c9crit par":"Claude DAYRES","Dur\u00e9e de lecture estim\u00e9e":"1 minute"},"schema":{"@context":"https:\/\/schema.org","@graph":[{"@type":"Article","@id":"https:\/\/jumeaux91.fr\/blog\/disney-annonce-la-date-de-diffusion-de-la-nouvelle-saison-de-goosebumps-the-vanishing-alias-chair-de-poule\/#article","isPartOf":{"@id":"https:\/\/jumeaux91.fr\/blog\/disney-annonce-la-date-de-diffusion-de-la-nouvelle-saison-de-goosebumps-the-vanishing-alias-chair-de-poule\/"},"author":{"name":"Claude DAYRES","@id":"https:\/\/jumeaux91.fr\/blog\/#\/schema\/person\/21da06e9f119b9f64e5d45dbbd32d3fb"},"headline":"Disney+ annonce la date de diffusion de la nouvelle saison de \u00ab Goosebumps: The Vanishing \u00bb, alias \u00ab Chair de poule","datePublished":"2024-10-23T01:34:00+00:00","mainEntityOfPage":{"@id":"https:\/\/jumeaux91.fr\/blog\/disney-annonce-la-date-de-diffusion-de-la-nouvelle-saison-de-goosebumps-the-vanishing-alias-chair-de-poule\/"},"wordCount":242,"publisher":{"@id":"https:\/\/jumeaux91.fr\/blog\/#organization"},"articleSection":["Posts Fr\u00e8res Jumeaux De L'Essonnes:"],"inLanguage":"fr-FR"},{"@type":"WebPage","@id":"https:\/\/jumeaux91.fr\/blog\/disney-annonce-la-date-de-diffusion-de-la-nouvelle-saison-de-goosebumps-the-vanishing-alias-chair-de-poule\/","url":"https:\/\/jumeaux91.fr\/blog\/disney-annonce-la-date-de-diffusion-de-la-nouvelle-saison-de-goosebumps-the-vanishing-alias-chair-de-poule\/","name":"Disney+ annonce la date de diffusion de la nouvelle saison de \u00ab Goosebumps: The Vanishing \u00bb, alias \u00ab Chair de poule - JUMEAUX91","isPartOf":{"@id":"https:\/\/jumeaux91.fr\/blog\/#website"},"datePublished":"2024-10-23T01:34:00+00:00","breadcrumb":{"@id":"https:\/\/jumeaux91.fr\/blog\/disney-annonce-la-date-de-diffusion-de-la-nouvelle-saison-de-goosebumps-the-vanishing-alias-chair-de-poule\/#breadcrumb"},"inLanguage":"fr-FR","potentialAction":[{"@type":"ReadAction","target":["https:\/\/jumeaux91.fr\/blog\/disney-annonce-la-date-de-diffusion-de-la-nouvelle-saison-de-goosebumps-the-vanishing-alias-chair-de-poule\/"]}]},{"@type":"BreadcrumbList","@id":"https:\/\/jumeaux91.fr\/blog\/disney-annonce-la-date-de-diffusion-de-la-nouvelle-saison-de-goosebumps-the-vanishing-alias-chair-de-poule\/#breadcrumb","itemListElement":[{"@type":"ListItem","position":1,"name":"Accueil","item":"https:\/\/jumeaux91.fr\/blog\/"},{"@type":"ListItem","position":2,"name":"Disney+ annonce la date de diffusion de la nouvelle saison de \u00ab Goosebumps: The Vanishing \u00bb, alias \u00ab Chair de poule"}]},{"@type":"WebSite","@id":"https:\/\/jumeaux91.fr\/blog\/#website","url":"https:\/\/jumeaux91.fr\/blog\/","name":"JUMEAUX91","description":"Fr\u00e8res jumeaux de l&#039;Essonnes; informations et archives, \u00e0 savoir et retenir.","publisher":{"@id":"https:\/\/jumeaux91.fr\/blog\/#organization"},"potentialAction":[{"@type":"SearchAction","target":{"@type":"EntryPoint","urlTemplate":"https:\/\/jumeaux91.fr\/blog\/?s={search_term_string}"},"query-input":{"@type":"PropertyValueSpecification","valueRequired":true,"valueName":"search_term_string"}}],"inLanguage":"fr-FR"},{"@type":"Organization","@id":"https:\/\/jumeaux91.fr\/blog\/#organization","name":"jumeaux91","url":"https:\/\/jumeaux91.fr\/blog\/","logo":{"@type":"ImageObject","inLanguage":"fr-FR","@id":"https:\/\/jumeaux91.fr\/blog\/#\/schema\/logo\/image\/","url":"https:\/\/jumeaux91.fr\/blog\/wp-content\/uploads\/2023\/05\/cropped-cropped-logoJ_91.png","contentUrl":"https:\/\/jumeaux91.fr\/blog\/wp-content\/uploads\/2023\/05\/cropped-cropped-logoJ_91.png","width":512,"height":512,"caption":"jumeaux91"},"image":{"@id":"https:\/\/jumeaux91.fr\/blog\/#\/schema\/logo\/image\/"}},{"@type":"Person","@id":"https:\/\/jumeaux91.fr\/blog\/#\/schema\/person\/21da06e9f119b9f64e5d45dbbd32d3fb","name":"Claude DAYRES","image":{"@type":"ImageObject","inLanguage":"fr-FR","@id":"https:\/\/secure.gravatar.com\/avatar\/82eb951df6110a2c48d1bfa7a67d1ee6f0cd5df3cbf9c3586dd61e82db7172a5?s=96&d=mm&r=g","url":"https:\/\/secure.gravatar.com\/avatar\/82eb951df6110a2c48d1bfa7a67d1ee6f0cd5df3cbf9c3586dd61e82db7172a5?s=96&d=mm&r=g","contentUrl":"https:\/\/secure.gravatar.com\/avatar\/82eb951df6110a2c48d1bfa7a67d1ee6f0cd5df3cbf9c3586dd61e82db7172a5?s=96&d=mm&r=g","caption":"Claude DAYRES"},"url":"https:\/\/jumeaux91.fr\/blog\/author\/x91claude\/"}]}},"_links":{"self":[{"href":"https:\/\/jumeaux91.fr\/blog\/wp-json\/wp\/v2\/posts\/850","targetHints":{"allow":["GET"]}}],"collection":[{"href":"https:\/\/jumeaux91.fr\/blog\/wp-json\/wp\/v2\/posts"}],"about":[{"href":"https:\/\/jumeaux91.fr\/blog\/wp-json\/wp\/v2\/types\/post"}],"author":[{"embeddable":true,"href":"https:\/\/jumeaux91.fr\/blog\/wp-json\/wp\/v2\/users\/2"}],"replies":[{"embeddable":true,"href":"https:\/\/jumeaux91.fr\/blog\/wp-json\/wp\/v2\/comments?post=850"}],"version-history":[{"count":0,"href":"https:\/\/jumeaux91.fr\/blog\/wp-json\/wp\/v2\/posts\/850\/revisions"}],"wp:attachment":[{"href":"https:\/\/jumeaux91.fr\/blog\/wp-json\/wp\/v2\/media?parent=850"}],"wp:term":[{"taxonomy":"category","embeddable":true,"href":"https:\/\/jumeaux91.fr\/blog\/wp-json\/wp\/v2\/categories?post=850"},{"taxonomy":"post_tag","embeddable":true,"href":"https:\/\/jumeaux91.fr\/blog\/wp-json\/wp\/v2\/tags?post=850"}],"curies":[{"name":"wp","href":"https:\/\/api.w.org\/{rel}","templated":true}]}}