{"id":858,"date":"2024-10-25T04:43:00","date_gmt":"2024-10-25T02:43:00","guid":{"rendered":"https:\/\/jumeaux91.fr\/blog\/rugby-pro-d2-enzo-et-leo-morand-bruyat-les-tours-jumelles-du-sa-xv\/"},"modified":"2024-10-25T04:43:00","modified_gmt":"2024-10-25T02:43:00","slug":"rugby-pro-d2-enzo-et-leo-morand-bruyat-les-tours-jumelles-du-sa-xv","status":"publish","type":"post","link":"https:\/\/jumeaux91.fr\/blog\/rugby-pro-d2-enzo-et-leo-morand-bruyat-les-tours-jumelles-du-sa-xv\/","title":{"rendered":"Rugby (Pro D2) : Enzo et L\u00e9o Morand-Bruyat, les tours jumelles du SA XV"},"content":{"rendered":"<div class=\"related-article base-margin-bottom\"> <span class=\"badge\">La r\u00e9daction vous conseille<\/span> <\/p>\n<div class=\"image-on-right-1-4 mobile-image-on-right-1-4\">\n<section class=\"article\">\n<div class=\"inner-article\">\n<figure> <a href=\"https:\/\/www.charentelibre.fr\/emissions-cl-tv\/cle-sport\/les-jumeaux-du-sa-xv-enzo-et-leo-morand-bruyat-font-la-paire-sur-le-plateau-de-cle-sport-21897075.php\" title=\"Les jumeaux du SA XV Enzo et L\u00e9o Morand-Bruyat font la paire sur le plateau de CLe Sport\" target=\"_blank\" rel=\"nofollow\"> <img decoding=\"async\" src=\"https:\/\/jumeaux91.fr\/blog\/wp-content\/uploads\/2024\/10\/rugby-pro-d2-enzo-et-leo-morand-bruyat-les-tours-jumelles-du-sa-xv.jpg\" alt=\"Les jumeaux du SA XV Enzo et L\u00e9o Morand-Bruyat font la paire sur le plateau de CLe Sport\"> <\/a> <\/figure>\n<div class=\"article-wrapper\"> <a href=\"https:\/\/www.charentelibre.fr\/emissions-cl-tv\/cle-sport\/les-jumeaux-du-sa-xv-enzo-et-leo-morand-bruyat-font-la-paire-sur-le-plateau-de-cle-sport-21897075.php\" title=\"Les jumeaux du SA XV Enzo et L\u00e9o Morand-Bruyat font la paire sur le plateau de CLe Sport\" target=\"_blank\" rel=\"nofollow\"> <\/p>\n<p> Les jumeaux du SA XV Enzo et L\u00e9o Morand-Bruyat font la paire sur le plateau de CLe Sport <\/p>\n<p> <\/a> <\/p>\n<p> Les jumeaux du SA XV Enzo et L\u00e9o Morand-Bruyat \u00e9taient sur le plateau de CLe Sport cette semaine avant la r\u00e9ception de Biarritz vendredi \u00e0 Chanzy. L\u2019occasion de revenir sur leur parcours depuis l\u2019\u00e9cole de rugby du club et dans les pas de leur p\u00e8re Yan. Avec la contribution de leurs deux \u00ab&nbsp;parrains&nbsp;\u00bb de rugby J\u00e9r\u00f4me di Tommaso et Fabrice Landreau. <\/p>\n<\/p><\/div>\n<\/p><\/div>\n<\/section><\/div>\n<\/div>\n<p>Les fr\u00e8res jumeaux du SA XV, invit\u00e9s de l\u2019\u00e9mission CLe Sport cette semaine, cr\u00e8vent l\u2019\u00e9cran depuis le d\u00e9but de la saison, mais ils ont beau avoir d\u00e9j\u00e0 form\u00e9 trois fois la deuxi\u00e8me ligne charentaise au coup d\u2019envoi, rien n\u2019y fait.<\/p>\n<blockquote><p>\u00ab&nbsp;C\u2019\u00e9tait une \u00e9vidence de se diriger vers le rugby.&nbsp;\u00bb<\/p><\/blockquote>\n<p>Il faut dire qu\u2019ils ne rendent pas la t\u00e2che facile. Les deux fr\u00e8res de 22&nbsp;ans ont toujours suivi le m\u00eame cursus scolaire, allant m\u00eame jusqu\u2019\u00e0 redoubler ou valider leurs ann\u00e9es en m\u00eame temps. Le mim\u00e9tisme est permanent, jusque dans les vestiaires. \u00ab&nbsp;Ils ont mis les crampons gauches en premier en m\u00eame temps, ils ont fait leurs lacets en m\u00eame temps. C\u2019\u00e9tait dingue&nbsp;\u00bb, s\u2019amusait leur manager Alexandre Ruiz apr\u00e8s la rencontre \u00e0 Nice le mois dernier.<\/p>\n<figure class=\"medium\"> <img decoding=\"async\" id=\"21899421\" src=\"https:\/\/jumeaux91.fr\/blog\/wp-content\/uploads\/2024\/10\/rugby-pro-d2-enzo-et-leo-morand-bruyat-les-tours-jumelles-du-sa-xv-1.jpg\"><figcaption class=\"caption\">\n<p>DSAS.<\/p>\n<\/figcaption><\/figure>\n<p>Ne comptez pas non plus sur le terrain pour tenter de les diff\u00e9rencier&nbsp;! Enzo comme L\u00e9o ont r\u00e9ussi 89&nbsp;% de leurs plaquages depuis la fin du mois d\u2019ao\u00fbt, et on soup\u00e7onne m\u00eame l\u2019un des deux d\u2019avoir laiss\u00e9 passer un adversaire pour \u00e9quilibrer les bilans.<\/p>\n<div class=\"related-article related-article-premium base-margin-bottom\"> <span class=\"badge\">La r\u00e9daction vous conseille<\/span> <\/div>\n<p>Fort heureusement, les frangins ne partagent pas les m\u00eames go\u00fbts capillaires. \u00ab&nbsp;Moi, c\u2019est la moumoute \u00e0 la Jackson five&nbsp;\u00bb, sourit L\u00e9o. \u00ab&nbsp;Je n\u2019aime pas avoir les cheveux qui poussent&nbsp;\u00bb, r\u00e9plique Enzo.<\/p>\n<figure class=\"medium\"> <img decoding=\"async\" id=\"21899422\" src=\"https:\/\/jumeaux91.fr\/blog\/wp-content\/uploads\/2024\/10\/rugby-pro-d2-enzo-et-leo-morand-bruyat-les-tours-jumelles-du-sa-xv-2.jpg\"><figcaption class=\"caption\">\n<p>DSAS.<\/p>\n<\/figcaption><\/figure>\n<p>Leur paire n\u2019en reste pas moins indissociable. Elle est m\u00eame l\u2019embl\u00e8me de la formation du SA XV. Les Morand-Bruyat y ont commenc\u00e9 \u00e0 9&nbsp;ans, et demeurent \u00ab&nbsp;les deux seuls de ces cat\u00e9gories \u00e0 continuer \u00e0 jouer ici&nbsp;\u00bb, rappelle Enzo. \u00ab&nbsp;On est forc\u00e9ment fier du travail qui a \u00e9t\u00e9 accompli jusque-l\u00e0.&nbsp;\u00bb<\/p>\n<p>\u00ab&nbsp;Je pense que c\u2019\u00e9tait une \u00e9vidence de se diriger vers le rugby. On a toujours baign\u00e9 dedans&nbsp;\u00bb, explique L\u00e9o, en faisant \u00e9videmment r\u00e9f\u00e9rence \u00e0 Yann, le p\u00e8re, deuxi\u00e8me-ligne embl\u00e9matique du rugby charentais, pass\u00e9 par le SCA, Barbezieux ou Saint-Jean-d\u2019Ang\u00e9ly.<\/p>\n<h2 class=\"article-subtitle\">Le paternel n\u2019est jamais loin<\/h2>\n<p>Les jumeaux l\u2019ont suivi sur les bords de pelouse, dans les vestiaires. Ils ont d\u00e9sormais r\u00e9cup\u00e9r\u00e9 le flambeau au poste, mais le paternel ne reste jamais loin. \u00ab&nbsp;Il nous donne des conseils, il nous dit ce qu\u2019on a rat\u00e9 ou r\u00e9ussi. D\u00e8s qu\u2019il peut venir nous voir, il est l\u00e0&nbsp;\u00bb, raconte Enzo.<\/p>\n<div class=\"related-article related-article-premium base-margin-bottom\"> <span class=\"badge\">La r\u00e9daction vous conseille<\/span> <\/div>\n<p>Lui et son fr\u00e8re ont d\u2019abord remport\u00e9 le titre de champion de France accession avec les espoirs en 2022 avant de grimper d\u2019un \u00e9tage. \u00ab&nbsp;Une ann\u00e9e incroyable&nbsp;\u00bb pour L\u00e9o, dont Enzo a gard\u00e9 le maillot de la finale, \u00ab&nbsp;il est encadr\u00e9 chez moi, avec la m\u00e9daille.&nbsp;\u00bb<\/p>\n<p>Ils ont ensuite gagn\u00e9 leurs galons dans l\u2019effectif professionnel sans faire de bruit, couv\u00e9s par les exp\u00e9riment\u00e9s Sikeli Nabou ou Gautier Gibouin.<\/p>\n<p>Comme un aboutissement, ils ont effectu\u00e9 leur premi\u00e8re titularisation commune \u00e0 Nice lors de la troisi\u00e8me journ\u00e9e. \u00ab&nbsp;On \u00e9tait fier de \u00e7a et on voulait prouver qu\u2019on pouvait faire le travail&nbsp;\u00bb, se souvient Enzo. L\u2019exp\u00e9rience s\u2019est renouvel\u00e9e deux fois, lors du voyage \u00e0 Dax et pour la r\u00e9ception de Provence. Ce qui fait des jumeaux un duo invaincu lorsqu\u2019il commence les rencontres avec le SA XV&nbsp;!<\/p>\n<div class=\"related-article base-margin-bottom\"> <span class=\"badge\">La r\u00e9daction vous conseille<\/span> <\/div>\n<p>Tous les deux sur le banc ce vendredi contre Biarritz \u00e0 Chanzy, o\u00f9 le SA XV n\u2019a pas encore gagn\u00e9 cette saison. \u00ab&nbsp;Les supporters nous en parlent, ils nous disent qu\u2019il faut gagner. C\u2019est important pour eux, pour nous, pour la ville&nbsp;\u00bb, conclut L\u00e9o. Ou peut-\u00eatre \u00e9tait-ce Enzo&nbsp;?<\/p>\n<p>La chronique se veut g\u00e9n\u00e9r\u00e9e de la fa\u00e7on la plus claire que possible. Dans le cas o\u00f9 vous souhaitez pr\u00e9senter des renseignements compl\u00e9mentaires \u00e0 cet article sur le sujet \u00ab\u00a0Fr\u00e8res jumeaux de l&rsquo;Essonnes\u00a0\u00bb il vous est possible d\u2019\u00e9crire aux contacts indiqu\u00e9s sur notre website. La raison d\u2019\u00eatre de jumeaux91.fr \u00e9tant de rassembler sur le web des posts sur le sujet de Fr\u00e8res jumeaux de l&rsquo;Essonnes puis les diffuser en r\u00e9pondant au mieux aux interrogations des gens. Vous pouvez tirer profit de cet article traitant le sujet \u00ab\u00a0Fr\u00e8res jumeaux de l&rsquo;Essonnes\u00a0\u00bb. Il est concoct\u00e9 par l\u2019\u00e9quipe jumeaux91.fr. Prochainement, nous rendrons accessibles au public d&rsquo;autres informations pertinentes sur le sujet \u00ab\u00a0Fr\u00e8res jumeaux de l&rsquo;Essonnes\u00a0\u00bb. Alors, consultez syst\u00e9matiquement notre blog.<\/p>\n","protected":false},"excerpt":{"rendered":"<p>La r\u00e9daction vous conseille Les jumeaux du SA XV Enzo et L\u00e9o Morand-Bruyat font la paire sur le plateau de CLe Sport Les jumeaux du SA XV Enzo et L\u00e9o Morand-Bruyat \u00e9taient sur le plateau de CLe Sport cette semaine avant la r\u00e9ception de Biarritz vendredi \u00e0 Chanzy. L\u2019occasion de revenir sur leur parcours depuis&hellip; <a class=\"more-link\" href=\"https:\/\/jumeaux91.fr\/blog\/rugby-pro-d2-enzo-et-leo-morand-bruyat-les-tours-jumelles-du-sa-xv\/\">Poursuivre la lecture <span class=\"screen-reader-text\">Rugby (Pro D2) : Enzo et L\u00e9o Morand-Bruyat, les tours jumelles du SA XV<\/span><\/a><\/p>\n","protected":false},"author":2,"featured_media":859,"comment_status":"closed","ping_status":"closed","sticky":false,"template":"","format":"standard","meta":{"footnotes":""},"categories":[4],"tags":[],"class_list":["post-858","post","type-post","status-publish","format-standard","has-post-thumbnail","hentry","category-posts-freres-jumeaux-de-lessonnes","entry"],"yoast_head":"<!-- This site is optimized with the Yoast SEO plugin v27.5 - https:\/\/yoast.com\/product\/yoast-seo-wordpress\/ -->\n<title>Rugby (Pro D2) : Enzo et L\u00e9o Morand-Bruyat, les tours jumelles du SA XV - JUMEAUX91<\/title>\n<meta name=\"robots\" content=\"index, follow, max-snippet:-1, max-image-preview:large, max-video-preview:-1\" \/>\n<link rel=\"canonical\" href=\"https:\/\/jumeaux91.fr\/blog\/rugby-pro-d2-enzo-et-leo-morand-bruyat-les-tours-jumelles-du-sa-xv\/\" \/>\n<meta property=\"og:locale\" content=\"fr_FR\" \/>\n<meta property=\"og:type\" content=\"article\" \/>\n<meta property=\"og:title\" content=\"Rugby (Pro D2) : Enzo et L\u00e9o Morand-Bruyat, les tours jumelles du SA XV - JUMEAUX91\" \/>\n<meta property=\"og:description\" content=\"La r\u00e9daction vous conseille Les jumeaux du SA XV Enzo et L\u00e9o Morand-Bruyat font la paire sur le plateau de CLe Sport Les jumeaux du SA XV Enzo et L\u00e9o Morand-Bruyat \u00e9taient sur le plateau de CLe Sport cette semaine avant la r\u00e9ception de Biarritz vendredi \u00e0 Chanzy. L\u2019occasion de revenir sur leur parcours depuis&hellip; Poursuivre la lecture Rugby (Pro D2) : Enzo et L\u00e9o Morand-Bruyat, les tours jumelles du SA XV\" \/>\n<meta property=\"og:url\" content=\"https:\/\/jumeaux91.fr\/blog\/rugby-pro-d2-enzo-et-leo-morand-bruyat-les-tours-jumelles-du-sa-xv\/\" \/>\n<meta property=\"og:site_name\" content=\"JUMEAUX91\" \/>\n<meta property=\"article:published_time\" content=\"2024-10-25T02:43:00+00:00\" \/>\n<meta property=\"og:image\" content=\"https:\/\/jumeaux91.fr\/blog\/wp-content\/uploads\/2024\/10\/rugby-pro-d2-enzo-et-leo-morand-bruyat-les-tours-jumelles-du-sa-xv.jpg\" \/>\n<meta name=\"author\" content=\"Claude DAYRES\" \/>\n<meta name=\"twitter:card\" content=\"summary_large_image\" \/>\n<meta name=\"twitter:label1\" content=\"\u00c9crit par\" \/>\n\t<meta name=\"twitter:data1\" content=\"Claude DAYRES\" \/>\n\t<meta name=\"twitter:label2\" content=\"Dur\u00e9e de lecture estim\u00e9e\" \/>\n\t<meta name=\"twitter:data2\" content=\"4 minutes\" \/>\n<script type=\"application\/ld+json\" class=\"yoast-schema-graph\">{\"@context\":\"https:\\\/\\\/schema.org\",\"@graph\":[{\"@type\":\"Article\",\"@id\":\"https:\\\/\\\/jumeaux91.fr\\\/blog\\\/rugby-pro-d2-enzo-et-leo-morand-bruyat-les-tours-jumelles-du-sa-xv\\\/#article\",\"isPartOf\":{\"@id\":\"https:\\\/\\\/jumeaux91.fr\\\/blog\\\/rugby-pro-d2-enzo-et-leo-morand-bruyat-les-tours-jumelles-du-sa-xv\\\/\"},\"author\":{\"name\":\"Claude DAYRES\",\"@id\":\"https:\\\/\\\/jumeaux91.fr\\\/blog\\\/#\\\/schema\\\/person\\\/21da06e9f119b9f64e5d45dbbd32d3fb\"},\"headline\":\"Rugby (Pro D2) : Enzo et L\u00e9o Morand-Bruyat, les tours jumelles du SA XV\",\"datePublished\":\"2024-10-25T02:43:00+00:00\",\"mainEntityOfPage\":{\"@id\":\"https:\\\/\\\/jumeaux91.fr\\\/blog\\\/rugby-pro-d2-enzo-et-leo-morand-bruyat-les-tours-jumelles-du-sa-xv\\\/\"},\"wordCount\":897,\"publisher\":{\"@id\":\"https:\\\/\\\/jumeaux91.fr\\\/blog\\\/#organization\"},\"image\":{\"@id\":\"https:\\\/\\\/jumeaux91.fr\\\/blog\\\/rugby-pro-d2-enzo-et-leo-morand-bruyat-les-tours-jumelles-du-sa-xv\\\/#primaryimage\"},\"thumbnailUrl\":\"https:\\\/\\\/jumeaux91.fr\\\/blog\\\/wp-content\\\/uploads\\\/2024\\\/10\\\/rugby-pro-d2-enzo-et-leo-morand-bruyat-les-tours-jumelles-du-sa-xv.jpg\",\"articleSection\":[\"Posts Fr\u00e8res Jumeaux De L'Essonnes:\"],\"inLanguage\":\"fr-FR\"},{\"@type\":\"WebPage\",\"@id\":\"https:\\\/\\\/jumeaux91.fr\\\/blog\\\/rugby-pro-d2-enzo-et-leo-morand-bruyat-les-tours-jumelles-du-sa-xv\\\/\",\"url\":\"https:\\\/\\\/jumeaux91.fr\\\/blog\\\/rugby-pro-d2-enzo-et-leo-morand-bruyat-les-tours-jumelles-du-sa-xv\\\/\",\"name\":\"Rugby (Pro D2) : Enzo et L\u00e9o Morand-Bruyat, les tours jumelles du SA XV - JUMEAUX91\",\"isPartOf\":{\"@id\":\"https:\\\/\\\/jumeaux91.fr\\\/blog\\\/#website\"},\"primaryImageOfPage\":{\"@id\":\"https:\\\/\\\/jumeaux91.fr\\\/blog\\\/rugby-pro-d2-enzo-et-leo-morand-bruyat-les-tours-jumelles-du-sa-xv\\\/#primaryimage\"},\"image\":{\"@id\":\"https:\\\/\\\/jumeaux91.fr\\\/blog\\\/rugby-pro-d2-enzo-et-leo-morand-bruyat-les-tours-jumelles-du-sa-xv\\\/#primaryimage\"},\"thumbnailUrl\":\"https:\\\/\\\/jumeaux91.fr\\\/blog\\\/wp-content\\\/uploads\\\/2024\\\/10\\\/rugby-pro-d2-enzo-et-leo-morand-bruyat-les-tours-jumelles-du-sa-xv.jpg\",\"datePublished\":\"2024-10-25T02:43:00+00:00\",\"breadcrumb\":{\"@id\":\"https:\\\/\\\/jumeaux91.fr\\\/blog\\\/rugby-pro-d2-enzo-et-leo-morand-bruyat-les-tours-jumelles-du-sa-xv\\\/#breadcrumb\"},\"inLanguage\":\"fr-FR\",\"potentialAction\":[{\"@type\":\"ReadAction\",\"target\":[\"https:\\\/\\\/jumeaux91.fr\\\/blog\\\/rugby-pro-d2-enzo-et-leo-morand-bruyat-les-tours-jumelles-du-sa-xv\\\/\"]}]},{\"@type\":\"ImageObject\",\"inLanguage\":\"fr-FR\",\"@id\":\"https:\\\/\\\/jumeaux91.fr\\\/blog\\\/rugby-pro-d2-enzo-et-leo-morand-bruyat-les-tours-jumelles-du-sa-xv\\\/#primaryimage\",\"url\":\"https:\\\/\\\/jumeaux91.fr\\\/blog\\\/wp-content\\\/uploads\\\/2024\\\/10\\\/rugby-pro-d2-enzo-et-leo-morand-bruyat-les-tours-jumelles-du-sa-xv.jpg\",\"contentUrl\":\"https:\\\/\\\/jumeaux91.fr\\\/blog\\\/wp-content\\\/uploads\\\/2024\\\/10\\\/rugby-pro-d2-enzo-et-leo-morand-bruyat-les-tours-jumelles-du-sa-xv.jpg\",\"width\":220,\"height\":110,\"caption\":\"Rugby (Pro D2) : Enzo et L\u00e9o Morand Bruyat, les tours jumelles du SA XV\"},{\"@type\":\"BreadcrumbList\",\"@id\":\"https:\\\/\\\/jumeaux91.fr\\\/blog\\\/rugby-pro-d2-enzo-et-leo-morand-bruyat-les-tours-jumelles-du-sa-xv\\\/#breadcrumb\",\"itemListElement\":[{\"@type\":\"ListItem\",\"position\":1,\"name\":\"Accueil\",\"item\":\"https:\\\/\\\/jumeaux91.fr\\\/blog\\\/\"},{\"@type\":\"ListItem\",\"position\":2,\"name\":\"Rugby (Pro D2) : Enzo et L\u00e9o Morand-Bruyat, les tours jumelles du SA XV\"}]},{\"@type\":\"WebSite\",\"@id\":\"https:\\\/\\\/jumeaux91.fr\\\/blog\\\/#website\",\"url\":\"https:\\\/\\\/jumeaux91.fr\\\/blog\\\/\",\"name\":\"JUMEAUX91\",\"description\":\"Fr\u00e8res jumeaux de l&#039;Essonnes; informations et archives, \u00e0 savoir et retenir.\",\"publisher\":{\"@id\":\"https:\\\/\\\/jumeaux91.fr\\\/blog\\\/#organization\"},\"potentialAction\":[{\"@type\":\"SearchAction\",\"target\":{\"@type\":\"EntryPoint\",\"urlTemplate\":\"https:\\\/\\\/jumeaux91.fr\\\/blog\\\/?s={search_term_string}\"},\"query-input\":{\"@type\":\"PropertyValueSpecification\",\"valueRequired\":true,\"valueName\":\"search_term_string\"}}],\"inLanguage\":\"fr-FR\"},{\"@type\":\"Organization\",\"@id\":\"https:\\\/\\\/jumeaux91.fr\\\/blog\\\/#organization\",\"name\":\"jumeaux91\",\"url\":\"https:\\\/\\\/jumeaux91.fr\\\/blog\\\/\",\"logo\":{\"@type\":\"ImageObject\",\"inLanguage\":\"fr-FR\",\"@id\":\"https:\\\/\\\/jumeaux91.fr\\\/blog\\\/#\\\/schema\\\/logo\\\/image\\\/\",\"url\":\"https:\\\/\\\/jumeaux91.fr\\\/blog\\\/wp-content\\\/uploads\\\/2023\\\/05\\\/cropped-cropped-logoJ_91.png\",\"contentUrl\":\"https:\\\/\\\/jumeaux91.fr\\\/blog\\\/wp-content\\\/uploads\\\/2023\\\/05\\\/cropped-cropped-logoJ_91.png\",\"width\":512,\"height\":512,\"caption\":\"jumeaux91\"},\"image\":{\"@id\":\"https:\\\/\\\/jumeaux91.fr\\\/blog\\\/#\\\/schema\\\/logo\\\/image\\\/\"}},{\"@type\":\"Person\",\"@id\":\"https:\\\/\\\/jumeaux91.fr\\\/blog\\\/#\\\/schema\\\/person\\\/21da06e9f119b9f64e5d45dbbd32d3fb\",\"name\":\"Claude DAYRES\",\"image\":{\"@type\":\"ImageObject\",\"inLanguage\":\"fr-FR\",\"@id\":\"https:\\\/\\\/secure.gravatar.com\\\/avatar\\\/82eb951df6110a2c48d1bfa7a67d1ee6f0cd5df3cbf9c3586dd61e82db7172a5?s=96&d=mm&r=g\",\"url\":\"https:\\\/\\\/secure.gravatar.com\\\/avatar\\\/82eb951df6110a2c48d1bfa7a67d1ee6f0cd5df3cbf9c3586dd61e82db7172a5?s=96&d=mm&r=g\",\"contentUrl\":\"https:\\\/\\\/secure.gravatar.com\\\/avatar\\\/82eb951df6110a2c48d1bfa7a67d1ee6f0cd5df3cbf9c3586dd61e82db7172a5?s=96&d=mm&r=g\",\"caption\":\"Claude DAYRES\"},\"url\":\"https:\\\/\\\/jumeaux91.fr\\\/blog\\\/author\\\/x91claude\\\/\"}]}<\/script>\n<!-- \/ Yoast SEO plugin. -->","yoast_head_json":{"title":"Rugby (Pro D2) : Enzo et L\u00e9o Morand-Bruyat, les tours jumelles du SA XV - JUMEAUX91","robots":{"index":"index","follow":"follow","max-snippet":"max-snippet:-1","max-image-preview":"max-image-preview:large","max-video-preview":"max-video-preview:-1"},"canonical":"https:\/\/jumeaux91.fr\/blog\/rugby-pro-d2-enzo-et-leo-morand-bruyat-les-tours-jumelles-du-sa-xv\/","og_locale":"fr_FR","og_type":"article","og_title":"Rugby (Pro D2) : Enzo et L\u00e9o Morand-Bruyat, les tours jumelles du SA XV - JUMEAUX91","og_description":"La r\u00e9daction vous conseille Les jumeaux du SA XV Enzo et L\u00e9o Morand-Bruyat font la paire sur le plateau de CLe Sport Les jumeaux du SA XV Enzo et L\u00e9o Morand-Bruyat \u00e9taient sur le plateau de CLe Sport cette semaine avant la r\u00e9ception de Biarritz vendredi \u00e0 Chanzy. L\u2019occasion de revenir sur leur parcours depuis&hellip; Poursuivre la lecture Rugby (Pro D2) : Enzo et L\u00e9o Morand-Bruyat, les tours jumelles du SA XV","og_url":"https:\/\/jumeaux91.fr\/blog\/rugby-pro-d2-enzo-et-leo-morand-bruyat-les-tours-jumelles-du-sa-xv\/","og_site_name":"JUMEAUX91","article_published_time":"2024-10-25T02:43:00+00:00","og_image":[{"url":"https:\/\/jumeaux91.fr\/blog\/wp-content\/uploads\/2024\/10\/rugby-pro-d2-enzo-et-leo-morand-bruyat-les-tours-jumelles-du-sa-xv.jpg","type":"","width":"","height":""}],"author":"Claude DAYRES","twitter_card":"summary_large_image","twitter_misc":{"\u00c9crit par":"Claude DAYRES","Dur\u00e9e de lecture estim\u00e9e":"4 minutes"},"schema":{"@context":"https:\/\/schema.org","@graph":[{"@type":"Article","@id":"https:\/\/jumeaux91.fr\/blog\/rugby-pro-d2-enzo-et-leo-morand-bruyat-les-tours-jumelles-du-sa-xv\/#article","isPartOf":{"@id":"https:\/\/jumeaux91.fr\/blog\/rugby-pro-d2-enzo-et-leo-morand-bruyat-les-tours-jumelles-du-sa-xv\/"},"author":{"name":"Claude DAYRES","@id":"https:\/\/jumeaux91.fr\/blog\/#\/schema\/person\/21da06e9f119b9f64e5d45dbbd32d3fb"},"headline":"Rugby (Pro D2) : Enzo et L\u00e9o Morand-Bruyat, les tours jumelles du SA XV","datePublished":"2024-10-25T02:43:00+00:00","mainEntityOfPage":{"@id":"https:\/\/jumeaux91.fr\/blog\/rugby-pro-d2-enzo-et-leo-morand-bruyat-les-tours-jumelles-du-sa-xv\/"},"wordCount":897,"publisher":{"@id":"https:\/\/jumeaux91.fr\/blog\/#organization"},"image":{"@id":"https:\/\/jumeaux91.fr\/blog\/rugby-pro-d2-enzo-et-leo-morand-bruyat-les-tours-jumelles-du-sa-xv\/#primaryimage"},"thumbnailUrl":"https:\/\/jumeaux91.fr\/blog\/wp-content\/uploads\/2024\/10\/rugby-pro-d2-enzo-et-leo-morand-bruyat-les-tours-jumelles-du-sa-xv.jpg","articleSection":["Posts Fr\u00e8res Jumeaux De L'Essonnes:"],"inLanguage":"fr-FR"},{"@type":"WebPage","@id":"https:\/\/jumeaux91.fr\/blog\/rugby-pro-d2-enzo-et-leo-morand-bruyat-les-tours-jumelles-du-sa-xv\/","url":"https:\/\/jumeaux91.fr\/blog\/rugby-pro-d2-enzo-et-leo-morand-bruyat-les-tours-jumelles-du-sa-xv\/","name":"Rugby (Pro D2) : Enzo et L\u00e9o Morand-Bruyat, les tours jumelles du SA XV - JUMEAUX91","isPartOf":{"@id":"https:\/\/jumeaux91.fr\/blog\/#website"},"primaryImageOfPage":{"@id":"https:\/\/jumeaux91.fr\/blog\/rugby-pro-d2-enzo-et-leo-morand-bruyat-les-tours-jumelles-du-sa-xv\/#primaryimage"},"image":{"@id":"https:\/\/jumeaux91.fr\/blog\/rugby-pro-d2-enzo-et-leo-morand-bruyat-les-tours-jumelles-du-sa-xv\/#primaryimage"},"thumbnailUrl":"https:\/\/jumeaux91.fr\/blog\/wp-content\/uploads\/2024\/10\/rugby-pro-d2-enzo-et-leo-morand-bruyat-les-tours-jumelles-du-sa-xv.jpg","datePublished":"2024-10-25T02:43:00+00:00","breadcrumb":{"@id":"https:\/\/jumeaux91.fr\/blog\/rugby-pro-d2-enzo-et-leo-morand-bruyat-les-tours-jumelles-du-sa-xv\/#breadcrumb"},"inLanguage":"fr-FR","potentialAction":[{"@type":"ReadAction","target":["https:\/\/jumeaux91.fr\/blog\/rugby-pro-d2-enzo-et-leo-morand-bruyat-les-tours-jumelles-du-sa-xv\/"]}]},{"@type":"ImageObject","inLanguage":"fr-FR","@id":"https:\/\/jumeaux91.fr\/blog\/rugby-pro-d2-enzo-et-leo-morand-bruyat-les-tours-jumelles-du-sa-xv\/#primaryimage","url":"https:\/\/jumeaux91.fr\/blog\/wp-content\/uploads\/2024\/10\/rugby-pro-d2-enzo-et-leo-morand-bruyat-les-tours-jumelles-du-sa-xv.jpg","contentUrl":"https:\/\/jumeaux91.fr\/blog\/wp-content\/uploads\/2024\/10\/rugby-pro-d2-enzo-et-leo-morand-bruyat-les-tours-jumelles-du-sa-xv.jpg","width":220,"height":110,"caption":"Rugby (Pro D2) : Enzo et L\u00e9o Morand Bruyat, les tours jumelles du SA XV"},{"@type":"BreadcrumbList","@id":"https:\/\/jumeaux91.fr\/blog\/rugby-pro-d2-enzo-et-leo-morand-bruyat-les-tours-jumelles-du-sa-xv\/#breadcrumb","itemListElement":[{"@type":"ListItem","position":1,"name":"Accueil","item":"https:\/\/jumeaux91.fr\/blog\/"},{"@type":"ListItem","position":2,"name":"Rugby (Pro D2) : Enzo et L\u00e9o Morand-Bruyat, les tours jumelles du SA XV"}]},{"@type":"WebSite","@id":"https:\/\/jumeaux91.fr\/blog\/#website","url":"https:\/\/jumeaux91.fr\/blog\/","name":"JUMEAUX91","description":"Fr\u00e8res jumeaux de l&#039;Essonnes; informations et archives, \u00e0 savoir et retenir.","publisher":{"@id":"https:\/\/jumeaux91.fr\/blog\/#organization"},"potentialAction":[{"@type":"SearchAction","target":{"@type":"EntryPoint","urlTemplate":"https:\/\/jumeaux91.fr\/blog\/?s={search_term_string}"},"query-input":{"@type":"PropertyValueSpecification","valueRequired":true,"valueName":"search_term_string"}}],"inLanguage":"fr-FR"},{"@type":"Organization","@id":"https:\/\/jumeaux91.fr\/blog\/#organization","name":"jumeaux91","url":"https:\/\/jumeaux91.fr\/blog\/","logo":{"@type":"ImageObject","inLanguage":"fr-FR","@id":"https:\/\/jumeaux91.fr\/blog\/#\/schema\/logo\/image\/","url":"https:\/\/jumeaux91.fr\/blog\/wp-content\/uploads\/2023\/05\/cropped-cropped-logoJ_91.png","contentUrl":"https:\/\/jumeaux91.fr\/blog\/wp-content\/uploads\/2023\/05\/cropped-cropped-logoJ_91.png","width":512,"height":512,"caption":"jumeaux91"},"image":{"@id":"https:\/\/jumeaux91.fr\/blog\/#\/schema\/logo\/image\/"}},{"@type":"Person","@id":"https:\/\/jumeaux91.fr\/blog\/#\/schema\/person\/21da06e9f119b9f64e5d45dbbd32d3fb","name":"Claude DAYRES","image":{"@type":"ImageObject","inLanguage":"fr-FR","@id":"https:\/\/secure.gravatar.com\/avatar\/82eb951df6110a2c48d1bfa7a67d1ee6f0cd5df3cbf9c3586dd61e82db7172a5?s=96&d=mm&r=g","url":"https:\/\/secure.gravatar.com\/avatar\/82eb951df6110a2c48d1bfa7a67d1ee6f0cd5df3cbf9c3586dd61e82db7172a5?s=96&d=mm&r=g","contentUrl":"https:\/\/secure.gravatar.com\/avatar\/82eb951df6110a2c48d1bfa7a67d1ee6f0cd5df3cbf9c3586dd61e82db7172a5?s=96&d=mm&r=g","caption":"Claude DAYRES"},"url":"https:\/\/jumeaux91.fr\/blog\/author\/x91claude\/"}]}},"_links":{"self":[{"href":"https:\/\/jumeaux91.fr\/blog\/wp-json\/wp\/v2\/posts\/858","targetHints":{"allow":["GET"]}}],"collection":[{"href":"https:\/\/jumeaux91.fr\/blog\/wp-json\/wp\/v2\/posts"}],"about":[{"href":"https:\/\/jumeaux91.fr\/blog\/wp-json\/wp\/v2\/types\/post"}],"author":[{"embeddable":true,"href":"https:\/\/jumeaux91.fr\/blog\/wp-json\/wp\/v2\/users\/2"}],"replies":[{"embeddable":true,"href":"https:\/\/jumeaux91.fr\/blog\/wp-json\/wp\/v2\/comments?post=858"}],"version-history":[{"count":0,"href":"https:\/\/jumeaux91.fr\/blog\/wp-json\/wp\/v2\/posts\/858\/revisions"}],"wp:featuredmedia":[{"embeddable":true,"href":"https:\/\/jumeaux91.fr\/blog\/wp-json\/wp\/v2\/media\/859"}],"wp:attachment":[{"href":"https:\/\/jumeaux91.fr\/blog\/wp-json\/wp\/v2\/media?parent=858"}],"wp:term":[{"taxonomy":"category","embeddable":true,"href":"https:\/\/jumeaux91.fr\/blog\/wp-json\/wp\/v2\/categories?post=858"},{"taxonomy":"post_tag","embeddable":true,"href":"https:\/\/jumeaux91.fr\/blog\/wp-json\/wp\/v2\/tags?post=858"}],"curies":[{"name":"wp","href":"https:\/\/api.w.org\/{rel}","templated":true}]}}