{"id":869,"date":"2024-10-27T18:00:00","date_gmt":"2024-10-27T17:00:00","guid":{"rendered":"https:\/\/jumeaux91.fr\/blog\/a-guipavas-le-petit-ciaran-un-bebe-calme-apres-la-tempete\/"},"modified":"2024-10-27T18:00:00","modified_gmt":"2024-10-27T17:00:00","slug":"a-guipavas-le-petit-ciaran-un-bebe-calme-apres-la-tempete","status":"publish","type":"post","link":"https:\/\/jumeaux91.fr\/blog\/a-guipavas-le-petit-ciaran-un-bebe-calme-apres-la-tempete\/","title":{"rendered":"\u00c0 Guipavas, le petit Ciaran, un b\u00e9b\u00e9 calme apr\u00e8s la temp\u00eate"},"content":{"rendered":"<div><img decoding=\"async\" src=\"https:\/\/jumeaux91.fr\/blog\/wp-content\/uploads\/2024\/10\/a-guipavas-le-petit-ciaran-un-bebe-calme-apres-la-tempete.jpg\" class=\"ff-og-image-inserted\"><\/div>\n<div>\n<p>Un \u00e9v\u00e9nement de puissance 2 a modifi\u00e9, de fa\u00e7on m\u00e9morable, la vie de la famille Laloge le 3 octobre 2024. Ce jour-l\u00e0, en fin d\u2019apr\u00e8s-midi, les jumeaux Ciaran et Ewen ont \u00e9mis leurs premiers cris \u00e0 la maternit\u00e9 du CH Morvan, \u00e0 Brest. \u00ab&nbsp;Trois minutes de pouss\u00e9e&nbsp;\u00bb, relate la maman, Lou Laloge. Des oracles en auraient d\u00e9tect\u00e9 le signe d\u2019un temp\u00e9rament fougueux. Avec d\u2019autant plus de conviction que l\u2019enfant porte le pr\u00e9nom d\u2019<a href=\"https:\/\/www.letelegramme.fr\/recherche\/?keywords[]=tempete-ciaran\" target=\"_blank\" rel=\"nofollow\">une temp\u00eate<\/a>.<\/p>\n<\/div>\n<div aria-hidden=\"true\">\n<p>\u00ab&nbsp;Un pr\u00e9nom qui sonne bien, r\u00e9oriente sa m\u00e8re. C\u2019est pour cela que nous l\u2019avons choisi. Mon mari (Ma\u00ebl) est attach\u00e9 aux pr\u00e9noms bretons, comme le sien. Quand on a su que l\u2019on attendait des jumeaux, on a opt\u00e9 pour Ewen en premier mais j\u2019avais envie d\u2019autre chose pour le second. Sans trop s\u2019\u00e9loigner non plus. Alors, on a cherch\u00e9 dans la liste des cousins celtes. Ma\u00ebl m\u2019a lu celle des pr\u00e9noms irlandais. Ciaran (prononcer Kiarane), \u00e7a passait bien&nbsp;\u00bb, avait ressenti la kin\u00e9 guipavasienne, malvoyante.<\/p>\n<h2>\u00ab&nbsp;Il bougeait tellement&nbsp;! On aurait dit du vent&nbsp;\u00bb<\/h2>\n<p>\u00ab&nbsp;\u00c0 la radio, on l\u2019entendait avec la prononciation \u00ab\u00a0Siaran\u00a0\u00bb. C\u2019est en l\u2019\u00e9crivant que nous avons fait le lien avec la temp\u00eate&nbsp;\u00bb, poursuit Ma\u00ebl, \u00e9galement kin\u00e9 et malvoyant. \u00ab&nbsp;Il y a eu un peu d\u2019h\u00e9sitation. On a pens\u00e9 \u00e0 tous les Charlie n\u00e9s apr\u00e8s l\u2019attentat contre Charlie Hebdo. On ne voulait pas d\u2019amalgame.&nbsp;\u00bb Ces doutes n\u2019ont cependant pas balay\u00e9 le charme de Ciaran.<\/p>\n<\/div>\n<div aria-hidden=\"true\">\n<p>\u00ab&nbsp;Ce lien avec la temp\u00eate, c\u2019est vraiment un hasard, certifie Lou Laloge. Mais parfois on en rigole.&nbsp;\u00bb M\u00eame au moment de l\u2019accouchement&nbsp;: \u00ab&nbsp;La sage-femme a rencontr\u00e9 un peu de difficult\u00e9s \u00e0 lui trouver le c\u0153ur pendant le monitoring. Il bougeait tellement&nbsp;! On s\u2019est dit&nbsp;: \u00ab\u00a0On dirait du vent\u00a0\u00bb&nbsp;\u00bb. Le personnel de la maternit\u00e9 de Morvan n\u2019a pas saisi l\u2019origine des sourires complices apparus sur les visages des parents. \u00ab&nbsp;On est joueurs. On ne leur avait pas annonc\u00e9 les pr\u00e9noms.&nbsp;\u00bb<\/p>\n<h2>Pas du tout temp\u00e9tueux<\/h2>\n<p>Aucun vent de panique n\u2019a travers\u00e9 la salle d\u2019accouchement lorsque le petit Ciaran a point\u00e9 sa jolie frimousse au grand jour, quelques instants avant Ewen. Le lien avec les mauvais souvenirs encore vivaces de la temp\u00eate qui a ravag\u00e9 la Bretagne n\u2019a pas effleur\u00e9 l\u2019esprit du personnel soignant. Et puis, \u00ab&nbsp;il n\u2019est pas du tout temp\u00e9tueux, sourit Ma\u00ebl Laloge. C\u2019est m\u00eame l\u2019oppos\u00e9. Il est d\u2019un calme absolu.&nbsp;\u00bb \u00c0 l\u2019image de son jumeau.<\/p>\n<\/div>\n<div aria-hidden=\"true\">\n<p>\u00ab&nbsp;La petite tornade, \u00e0 la maison, c\u2019est plut\u00f4t Enora&nbsp;\u00bb, glisse sur un ton affectueux le papa. La grande s\u0153ur, 5 ans, adorable moulin \u00e0 paroles, trouve aussi tr\u00e8s jolis les pr\u00e9noms de ses petits fr\u00e8res. Attendrie de les voir dormir avec leurs visages paisibles et leurs petites mains serr\u00e9es, elle se souvient \u00e0 peine \u00ab&nbsp;avoir eu un peu peur&nbsp;\u00bb dans la nuit du 1er au 2 novembre 2023, lorsque les rafales faisaient trembler les murs de la maison de Guipavas. Ciaran n\u2019avait heureusement pas provoqu\u00e9 de grands d\u00e9g\u00e2ts. Moins d\u2019un an apr\u00e8s, il apporte plut\u00f4t un tourbillon de joie.<\/p>\n<\/div>\n<p>La chronique se veut g\u00e9n\u00e9r\u00e9e de la fa\u00e7on la plus claire que possible. Dans le cas o\u00f9 vous souhaitez pr\u00e9senter des renseignements compl\u00e9mentaires \u00e0 cet article sur le sujet \u00ab\u00a0Fr\u00e8res jumeaux de l&rsquo;Essonnes\u00a0\u00bb il vous est possible d\u2019\u00e9crire aux contacts indiqu\u00e9s sur notre website. La raison d\u2019\u00eatre de jumeaux91.fr \u00e9tant de rassembler sur le web des posts sur le sujet de Fr\u00e8res jumeaux de l&rsquo;Essonnes puis les diffuser en r\u00e9pondant au mieux aux interrogations des gens. Vous pouvez tirer profit de cet article traitant le sujet \u00ab\u00a0Fr\u00e8res jumeaux de l&rsquo;Essonnes\u00a0\u00bb. Il est concoct\u00e9 par l\u2019\u00e9quipe jumeaux91.fr. Prochainement, nous rendrons accessibles au public d&rsquo;autres informations pertinentes sur le sujet \u00ab\u00a0Fr\u00e8res jumeaux de l&rsquo;Essonnes\u00a0\u00bb. Alors, consultez syst\u00e9matiquement notre blog.<\/p>\n","protected":false},"excerpt":{"rendered":"<p>Un \u00e9v\u00e9nement de puissance 2 a modifi\u00e9, de fa\u00e7on m\u00e9morable, la vie de la famille Laloge le 3 octobre 2024. Ce jour-l\u00e0, en fin d\u2019apr\u00e8s-midi, les jumeaux Ciaran et Ewen ont \u00e9mis leurs premiers cris \u00e0 la maternit\u00e9 du CH Morvan, \u00e0 Brest. \u00ab&nbsp;Trois minutes de pouss\u00e9e&nbsp;\u00bb, relate la maman, Lou Laloge. Des oracles en&hellip; <a class=\"more-link\" href=\"https:\/\/jumeaux91.fr\/blog\/a-guipavas-le-petit-ciaran-un-bebe-calme-apres-la-tempete\/\">Poursuivre la lecture <span class=\"screen-reader-text\">\u00c0 Guipavas, le petit Ciaran, un b\u00e9b\u00e9 calme apr\u00e8s la temp\u00eate<\/span><\/a><\/p>\n","protected":false},"author":2,"featured_media":870,"comment_status":"closed","ping_status":"closed","sticky":false,"template":"","format":"standard","meta":{"footnotes":""},"categories":[4],"tags":[],"class_list":["post-869","post","type-post","status-publish","format-standard","has-post-thumbnail","hentry","category-posts-freres-jumeaux-de-lessonnes","entry"],"yoast_head":"<!-- This site is optimized with the Yoast SEO plugin v27.5 - https:\/\/yoast.com\/product\/yoast-seo-wordpress\/ -->\n<title>\u00c0 Guipavas, le petit Ciaran, un b\u00e9b\u00e9 calme apr\u00e8s la temp\u00eate - JUMEAUX91<\/title>\n<meta name=\"robots\" content=\"index, follow, max-snippet:-1, max-image-preview:large, max-video-preview:-1\" \/>\n<link rel=\"canonical\" href=\"https:\/\/jumeaux91.fr\/blog\/a-guipavas-le-petit-ciaran-un-bebe-calme-apres-la-tempete\/\" \/>\n<meta property=\"og:locale\" content=\"fr_FR\" \/>\n<meta property=\"og:type\" content=\"article\" \/>\n<meta property=\"og:title\" content=\"\u00c0 Guipavas, le petit Ciaran, un b\u00e9b\u00e9 calme apr\u00e8s la temp\u00eate - JUMEAUX91\" \/>\n<meta property=\"og:description\" content=\"Un \u00e9v\u00e9nement de puissance 2 a modifi\u00e9, de fa\u00e7on m\u00e9morable, la vie de la famille Laloge le 3 octobre 2024. Ce jour-l\u00e0, en fin d\u2019apr\u00e8s-midi, les jumeaux Ciaran et Ewen ont \u00e9mis leurs premiers cris \u00e0 la maternit\u00e9 du CH Morvan, \u00e0 Brest. \u00ab&nbsp;Trois minutes de pouss\u00e9e&nbsp;\u00bb, relate la maman, Lou Laloge. Des oracles en&hellip; Poursuivre la lecture \u00c0 Guipavas, le petit Ciaran, un b\u00e9b\u00e9 calme apr\u00e8s la temp\u00eate\" \/>\n<meta property=\"og:url\" content=\"https:\/\/jumeaux91.fr\/blog\/a-guipavas-le-petit-ciaran-un-bebe-calme-apres-la-tempete\/\" \/>\n<meta property=\"og:site_name\" content=\"JUMEAUX91\" \/>\n<meta property=\"article:published_time\" content=\"2024-10-27T17:00:00+00:00\" \/>\n<meta property=\"og:image\" content=\"https:\/\/jumeaux91.fr\/blog\/wp-content\/uploads\/2024\/10\/a-guipavas-le-petit-ciaran-un-bebe-calme-apres-la-tempete.jpg\" \/>\n<meta name=\"author\" content=\"Claude DAYRES\" \/>\n<meta name=\"twitter:card\" content=\"summary_large_image\" \/>\n<meta name=\"twitter:label1\" content=\"\u00c9crit par\" \/>\n\t<meta name=\"twitter:data1\" content=\"Claude DAYRES\" \/>\n\t<meta name=\"twitter:label2\" content=\"Dur\u00e9e de lecture estim\u00e9e\" \/>\n\t<meta name=\"twitter:data2\" content=\"4 minutes\" \/>\n<script type=\"application\/ld+json\" class=\"yoast-schema-graph\">{\"@context\":\"https:\\\/\\\/schema.org\",\"@graph\":[{\"@type\":\"Article\",\"@id\":\"https:\\\/\\\/jumeaux91.fr\\\/blog\\\/a-guipavas-le-petit-ciaran-un-bebe-calme-apres-la-tempete\\\/#article\",\"isPartOf\":{\"@id\":\"https:\\\/\\\/jumeaux91.fr\\\/blog\\\/a-guipavas-le-petit-ciaran-un-bebe-calme-apres-la-tempete\\\/\"},\"author\":{\"name\":\"Claude DAYRES\",\"@id\":\"https:\\\/\\\/jumeaux91.fr\\\/blog\\\/#\\\/schema\\\/person\\\/21da06e9f119b9f64e5d45dbbd32d3fb\"},\"headline\":\"\u00c0 Guipavas, le petit Ciaran, un b\u00e9b\u00e9 calme apr\u00e8s la temp\u00eate\",\"datePublished\":\"2024-10-27T17:00:00+00:00\",\"mainEntityOfPage\":{\"@id\":\"https:\\\/\\\/jumeaux91.fr\\\/blog\\\/a-guipavas-le-petit-ciaran-un-bebe-calme-apres-la-tempete\\\/\"},\"wordCount\":722,\"publisher\":{\"@id\":\"https:\\\/\\\/jumeaux91.fr\\\/blog\\\/#organization\"},\"image\":{\"@id\":\"https:\\\/\\\/jumeaux91.fr\\\/blog\\\/a-guipavas-le-petit-ciaran-un-bebe-calme-apres-la-tempete\\\/#primaryimage\"},\"thumbnailUrl\":\"https:\\\/\\\/jumeaux91.fr\\\/blog\\\/wp-content\\\/uploads\\\/2024\\\/10\\\/a-guipavas-le-petit-ciaran-un-bebe-calme-apres-la-tempete.jpg\",\"articleSection\":[\"Posts Fr\u00e8res Jumeaux De L'Essonnes:\"],\"inLanguage\":\"fr-FR\"},{\"@type\":\"WebPage\",\"@id\":\"https:\\\/\\\/jumeaux91.fr\\\/blog\\\/a-guipavas-le-petit-ciaran-un-bebe-calme-apres-la-tempete\\\/\",\"url\":\"https:\\\/\\\/jumeaux91.fr\\\/blog\\\/a-guipavas-le-petit-ciaran-un-bebe-calme-apres-la-tempete\\\/\",\"name\":\"\u00c0 Guipavas, le petit Ciaran, un b\u00e9b\u00e9 calme apr\u00e8s la temp\u00eate - JUMEAUX91\",\"isPartOf\":{\"@id\":\"https:\\\/\\\/jumeaux91.fr\\\/blog\\\/#website\"},\"primaryImageOfPage\":{\"@id\":\"https:\\\/\\\/jumeaux91.fr\\\/blog\\\/a-guipavas-le-petit-ciaran-un-bebe-calme-apres-la-tempete\\\/#primaryimage\"},\"image\":{\"@id\":\"https:\\\/\\\/jumeaux91.fr\\\/blog\\\/a-guipavas-le-petit-ciaran-un-bebe-calme-apres-la-tempete\\\/#primaryimage\"},\"thumbnailUrl\":\"https:\\\/\\\/jumeaux91.fr\\\/blog\\\/wp-content\\\/uploads\\\/2024\\\/10\\\/a-guipavas-le-petit-ciaran-un-bebe-calme-apres-la-tempete.jpg\",\"datePublished\":\"2024-10-27T17:00:00+00:00\",\"breadcrumb\":{\"@id\":\"https:\\\/\\\/jumeaux91.fr\\\/blog\\\/a-guipavas-le-petit-ciaran-un-bebe-calme-apres-la-tempete\\\/#breadcrumb\"},\"inLanguage\":\"fr-FR\",\"potentialAction\":[{\"@type\":\"ReadAction\",\"target\":[\"https:\\\/\\\/jumeaux91.fr\\\/blog\\\/a-guipavas-le-petit-ciaran-un-bebe-calme-apres-la-tempete\\\/\"]}]},{\"@type\":\"ImageObject\",\"inLanguage\":\"fr-FR\",\"@id\":\"https:\\\/\\\/jumeaux91.fr\\\/blog\\\/a-guipavas-le-petit-ciaran-un-bebe-calme-apres-la-tempete\\\/#primaryimage\",\"url\":\"https:\\\/\\\/jumeaux91.fr\\\/blog\\\/wp-content\\\/uploads\\\/2024\\\/10\\\/a-guipavas-le-petit-ciaran-un-bebe-calme-apres-la-tempete.jpg\",\"contentUrl\":\"https:\\\/\\\/jumeaux91.fr\\\/blog\\\/wp-content\\\/uploads\\\/2024\\\/10\\\/a-guipavas-le-petit-ciaran-un-bebe-calme-apres-la-tempete.jpg\",\"width\":1200,\"height\":750,\"caption\":\"\u00c0 Guipavas, le petit Ciaran, un b\u00e9b\u00e9 calme apr\u00e8s la temp\u00eate\"},{\"@type\":\"BreadcrumbList\",\"@id\":\"https:\\\/\\\/jumeaux91.fr\\\/blog\\\/a-guipavas-le-petit-ciaran-un-bebe-calme-apres-la-tempete\\\/#breadcrumb\",\"itemListElement\":[{\"@type\":\"ListItem\",\"position\":1,\"name\":\"Accueil\",\"item\":\"https:\\\/\\\/jumeaux91.fr\\\/blog\\\/\"},{\"@type\":\"ListItem\",\"position\":2,\"name\":\"\u00c0 Guipavas, le petit Ciaran, un b\u00e9b\u00e9 calme apr\u00e8s la temp\u00eate\"}]},{\"@type\":\"WebSite\",\"@id\":\"https:\\\/\\\/jumeaux91.fr\\\/blog\\\/#website\",\"url\":\"https:\\\/\\\/jumeaux91.fr\\\/blog\\\/\",\"name\":\"JUMEAUX91\",\"description\":\"Fr\u00e8res jumeaux de l&#039;Essonnes; informations et archives, \u00e0 savoir et retenir.\",\"publisher\":{\"@id\":\"https:\\\/\\\/jumeaux91.fr\\\/blog\\\/#organization\"},\"potentialAction\":[{\"@type\":\"SearchAction\",\"target\":{\"@type\":\"EntryPoint\",\"urlTemplate\":\"https:\\\/\\\/jumeaux91.fr\\\/blog\\\/?s={search_term_string}\"},\"query-input\":{\"@type\":\"PropertyValueSpecification\",\"valueRequired\":true,\"valueName\":\"search_term_string\"}}],\"inLanguage\":\"fr-FR\"},{\"@type\":\"Organization\",\"@id\":\"https:\\\/\\\/jumeaux91.fr\\\/blog\\\/#organization\",\"name\":\"jumeaux91\",\"url\":\"https:\\\/\\\/jumeaux91.fr\\\/blog\\\/\",\"logo\":{\"@type\":\"ImageObject\",\"inLanguage\":\"fr-FR\",\"@id\":\"https:\\\/\\\/jumeaux91.fr\\\/blog\\\/#\\\/schema\\\/logo\\\/image\\\/\",\"url\":\"https:\\\/\\\/jumeaux91.fr\\\/blog\\\/wp-content\\\/uploads\\\/2023\\\/05\\\/cropped-cropped-logoJ_91.png\",\"contentUrl\":\"https:\\\/\\\/jumeaux91.fr\\\/blog\\\/wp-content\\\/uploads\\\/2023\\\/05\\\/cropped-cropped-logoJ_91.png\",\"width\":512,\"height\":512,\"caption\":\"jumeaux91\"},\"image\":{\"@id\":\"https:\\\/\\\/jumeaux91.fr\\\/blog\\\/#\\\/schema\\\/logo\\\/image\\\/\"}},{\"@type\":\"Person\",\"@id\":\"https:\\\/\\\/jumeaux91.fr\\\/blog\\\/#\\\/schema\\\/person\\\/21da06e9f119b9f64e5d45dbbd32d3fb\",\"name\":\"Claude DAYRES\",\"image\":{\"@type\":\"ImageObject\",\"inLanguage\":\"fr-FR\",\"@id\":\"https:\\\/\\\/secure.gravatar.com\\\/avatar\\\/82eb951df6110a2c48d1bfa7a67d1ee6f0cd5df3cbf9c3586dd61e82db7172a5?s=96&d=mm&r=g\",\"url\":\"https:\\\/\\\/secure.gravatar.com\\\/avatar\\\/82eb951df6110a2c48d1bfa7a67d1ee6f0cd5df3cbf9c3586dd61e82db7172a5?s=96&d=mm&r=g\",\"contentUrl\":\"https:\\\/\\\/secure.gravatar.com\\\/avatar\\\/82eb951df6110a2c48d1bfa7a67d1ee6f0cd5df3cbf9c3586dd61e82db7172a5?s=96&d=mm&r=g\",\"caption\":\"Claude DAYRES\"},\"url\":\"https:\\\/\\\/jumeaux91.fr\\\/blog\\\/author\\\/x91claude\\\/\"}]}<\/script>\n<!-- \/ Yoast SEO plugin. -->","yoast_head_json":{"title":"\u00c0 Guipavas, le petit Ciaran, un b\u00e9b\u00e9 calme apr\u00e8s la temp\u00eate - JUMEAUX91","robots":{"index":"index","follow":"follow","max-snippet":"max-snippet:-1","max-image-preview":"max-image-preview:large","max-video-preview":"max-video-preview:-1"},"canonical":"https:\/\/jumeaux91.fr\/blog\/a-guipavas-le-petit-ciaran-un-bebe-calme-apres-la-tempete\/","og_locale":"fr_FR","og_type":"article","og_title":"\u00c0 Guipavas, le petit Ciaran, un b\u00e9b\u00e9 calme apr\u00e8s la temp\u00eate - JUMEAUX91","og_description":"Un \u00e9v\u00e9nement de puissance 2 a modifi\u00e9, de fa\u00e7on m\u00e9morable, la vie de la famille Laloge le 3 octobre 2024. Ce jour-l\u00e0, en fin d\u2019apr\u00e8s-midi, les jumeaux Ciaran et Ewen ont \u00e9mis leurs premiers cris \u00e0 la maternit\u00e9 du CH Morvan, \u00e0 Brest. \u00ab&nbsp;Trois minutes de pouss\u00e9e&nbsp;\u00bb, relate la maman, Lou Laloge. Des oracles en&hellip; Poursuivre la lecture \u00c0 Guipavas, le petit Ciaran, un b\u00e9b\u00e9 calme apr\u00e8s la temp\u00eate","og_url":"https:\/\/jumeaux91.fr\/blog\/a-guipavas-le-petit-ciaran-un-bebe-calme-apres-la-tempete\/","og_site_name":"JUMEAUX91","article_published_time":"2024-10-27T17:00:00+00:00","og_image":[{"url":"https:\/\/jumeaux91.fr\/blog\/wp-content\/uploads\/2024\/10\/a-guipavas-le-petit-ciaran-un-bebe-calme-apres-la-tempete.jpg","type":"","width":"","height":""}],"author":"Claude DAYRES","twitter_card":"summary_large_image","twitter_misc":{"\u00c9crit par":"Claude DAYRES","Dur\u00e9e de lecture estim\u00e9e":"4 minutes"},"schema":{"@context":"https:\/\/schema.org","@graph":[{"@type":"Article","@id":"https:\/\/jumeaux91.fr\/blog\/a-guipavas-le-petit-ciaran-un-bebe-calme-apres-la-tempete\/#article","isPartOf":{"@id":"https:\/\/jumeaux91.fr\/blog\/a-guipavas-le-petit-ciaran-un-bebe-calme-apres-la-tempete\/"},"author":{"name":"Claude DAYRES","@id":"https:\/\/jumeaux91.fr\/blog\/#\/schema\/person\/21da06e9f119b9f64e5d45dbbd32d3fb"},"headline":"\u00c0 Guipavas, le petit Ciaran, un b\u00e9b\u00e9 calme apr\u00e8s la temp\u00eate","datePublished":"2024-10-27T17:00:00+00:00","mainEntityOfPage":{"@id":"https:\/\/jumeaux91.fr\/blog\/a-guipavas-le-petit-ciaran-un-bebe-calme-apres-la-tempete\/"},"wordCount":722,"publisher":{"@id":"https:\/\/jumeaux91.fr\/blog\/#organization"},"image":{"@id":"https:\/\/jumeaux91.fr\/blog\/a-guipavas-le-petit-ciaran-un-bebe-calme-apres-la-tempete\/#primaryimage"},"thumbnailUrl":"https:\/\/jumeaux91.fr\/blog\/wp-content\/uploads\/2024\/10\/a-guipavas-le-petit-ciaran-un-bebe-calme-apres-la-tempete.jpg","articleSection":["Posts Fr\u00e8res Jumeaux De L'Essonnes:"],"inLanguage":"fr-FR"},{"@type":"WebPage","@id":"https:\/\/jumeaux91.fr\/blog\/a-guipavas-le-petit-ciaran-un-bebe-calme-apres-la-tempete\/","url":"https:\/\/jumeaux91.fr\/blog\/a-guipavas-le-petit-ciaran-un-bebe-calme-apres-la-tempete\/","name":"\u00c0 Guipavas, le petit Ciaran, un b\u00e9b\u00e9 calme apr\u00e8s la temp\u00eate - JUMEAUX91","isPartOf":{"@id":"https:\/\/jumeaux91.fr\/blog\/#website"},"primaryImageOfPage":{"@id":"https:\/\/jumeaux91.fr\/blog\/a-guipavas-le-petit-ciaran-un-bebe-calme-apres-la-tempete\/#primaryimage"},"image":{"@id":"https:\/\/jumeaux91.fr\/blog\/a-guipavas-le-petit-ciaran-un-bebe-calme-apres-la-tempete\/#primaryimage"},"thumbnailUrl":"https:\/\/jumeaux91.fr\/blog\/wp-content\/uploads\/2024\/10\/a-guipavas-le-petit-ciaran-un-bebe-calme-apres-la-tempete.jpg","datePublished":"2024-10-27T17:00:00+00:00","breadcrumb":{"@id":"https:\/\/jumeaux91.fr\/blog\/a-guipavas-le-petit-ciaran-un-bebe-calme-apres-la-tempete\/#breadcrumb"},"inLanguage":"fr-FR","potentialAction":[{"@type":"ReadAction","target":["https:\/\/jumeaux91.fr\/blog\/a-guipavas-le-petit-ciaran-un-bebe-calme-apres-la-tempete\/"]}]},{"@type":"ImageObject","inLanguage":"fr-FR","@id":"https:\/\/jumeaux91.fr\/blog\/a-guipavas-le-petit-ciaran-un-bebe-calme-apres-la-tempete\/#primaryimage","url":"https:\/\/jumeaux91.fr\/blog\/wp-content\/uploads\/2024\/10\/a-guipavas-le-petit-ciaran-un-bebe-calme-apres-la-tempete.jpg","contentUrl":"https:\/\/jumeaux91.fr\/blog\/wp-content\/uploads\/2024\/10\/a-guipavas-le-petit-ciaran-un-bebe-calme-apres-la-tempete.jpg","width":1200,"height":750,"caption":"\u00c0 Guipavas, le petit Ciaran, un b\u00e9b\u00e9 calme apr\u00e8s la temp\u00eate"},{"@type":"BreadcrumbList","@id":"https:\/\/jumeaux91.fr\/blog\/a-guipavas-le-petit-ciaran-un-bebe-calme-apres-la-tempete\/#breadcrumb","itemListElement":[{"@type":"ListItem","position":1,"name":"Accueil","item":"https:\/\/jumeaux91.fr\/blog\/"},{"@type":"ListItem","position":2,"name":"\u00c0 Guipavas, le petit Ciaran, un b\u00e9b\u00e9 calme apr\u00e8s la temp\u00eate"}]},{"@type":"WebSite","@id":"https:\/\/jumeaux91.fr\/blog\/#website","url":"https:\/\/jumeaux91.fr\/blog\/","name":"JUMEAUX91","description":"Fr\u00e8res jumeaux de l&#039;Essonnes; informations et archives, \u00e0 savoir et retenir.","publisher":{"@id":"https:\/\/jumeaux91.fr\/blog\/#organization"},"potentialAction":[{"@type":"SearchAction","target":{"@type":"EntryPoint","urlTemplate":"https:\/\/jumeaux91.fr\/blog\/?s={search_term_string}"},"query-input":{"@type":"PropertyValueSpecification","valueRequired":true,"valueName":"search_term_string"}}],"inLanguage":"fr-FR"},{"@type":"Organization","@id":"https:\/\/jumeaux91.fr\/blog\/#organization","name":"jumeaux91","url":"https:\/\/jumeaux91.fr\/blog\/","logo":{"@type":"ImageObject","inLanguage":"fr-FR","@id":"https:\/\/jumeaux91.fr\/blog\/#\/schema\/logo\/image\/","url":"https:\/\/jumeaux91.fr\/blog\/wp-content\/uploads\/2023\/05\/cropped-cropped-logoJ_91.png","contentUrl":"https:\/\/jumeaux91.fr\/blog\/wp-content\/uploads\/2023\/05\/cropped-cropped-logoJ_91.png","width":512,"height":512,"caption":"jumeaux91"},"image":{"@id":"https:\/\/jumeaux91.fr\/blog\/#\/schema\/logo\/image\/"}},{"@type":"Person","@id":"https:\/\/jumeaux91.fr\/blog\/#\/schema\/person\/21da06e9f119b9f64e5d45dbbd32d3fb","name":"Claude DAYRES","image":{"@type":"ImageObject","inLanguage":"fr-FR","@id":"https:\/\/secure.gravatar.com\/avatar\/82eb951df6110a2c48d1bfa7a67d1ee6f0cd5df3cbf9c3586dd61e82db7172a5?s=96&d=mm&r=g","url":"https:\/\/secure.gravatar.com\/avatar\/82eb951df6110a2c48d1bfa7a67d1ee6f0cd5df3cbf9c3586dd61e82db7172a5?s=96&d=mm&r=g","contentUrl":"https:\/\/secure.gravatar.com\/avatar\/82eb951df6110a2c48d1bfa7a67d1ee6f0cd5df3cbf9c3586dd61e82db7172a5?s=96&d=mm&r=g","caption":"Claude DAYRES"},"url":"https:\/\/jumeaux91.fr\/blog\/author\/x91claude\/"}]}},"_links":{"self":[{"href":"https:\/\/jumeaux91.fr\/blog\/wp-json\/wp\/v2\/posts\/869","targetHints":{"allow":["GET"]}}],"collection":[{"href":"https:\/\/jumeaux91.fr\/blog\/wp-json\/wp\/v2\/posts"}],"about":[{"href":"https:\/\/jumeaux91.fr\/blog\/wp-json\/wp\/v2\/types\/post"}],"author":[{"embeddable":true,"href":"https:\/\/jumeaux91.fr\/blog\/wp-json\/wp\/v2\/users\/2"}],"replies":[{"embeddable":true,"href":"https:\/\/jumeaux91.fr\/blog\/wp-json\/wp\/v2\/comments?post=869"}],"version-history":[{"count":0,"href":"https:\/\/jumeaux91.fr\/blog\/wp-json\/wp\/v2\/posts\/869\/revisions"}],"wp:featuredmedia":[{"embeddable":true,"href":"https:\/\/jumeaux91.fr\/blog\/wp-json\/wp\/v2\/media\/870"}],"wp:attachment":[{"href":"https:\/\/jumeaux91.fr\/blog\/wp-json\/wp\/v2\/media?parent=869"}],"wp:term":[{"taxonomy":"category","embeddable":true,"href":"https:\/\/jumeaux91.fr\/blog\/wp-json\/wp\/v2\/categories?post=869"},{"taxonomy":"post_tag","embeddable":true,"href":"https:\/\/jumeaux91.fr\/blog\/wp-json\/wp\/v2\/tags?post=869"}],"curies":[{"name":"wp","href":"https:\/\/api.w.org\/{rel}","templated":true}]}}