{"id":873,"date":"2024-10-29T11:30:00","date_gmt":"2024-10-29T10:30:00","guid":{"rendered":"https:\/\/jumeaux91.fr\/blog\/le-chateau-des-freres-bogdanoff-en-peril-la-mairie-de-monfort-prend-un-arrete-pour-en-interdire-lacces\/"},"modified":"2024-10-29T11:30:00","modified_gmt":"2024-10-29T10:30:00","slug":"le-chateau-des-freres-bogdanoff-en-peril-la-mairie-de-monfort-prend-un-arrete-pour-en-interdire-lacces","status":"publish","type":"post","link":"https:\/\/jumeaux91.fr\/blog\/le-chateau-des-freres-bogdanoff-en-peril-la-mairie-de-monfort-prend-un-arrete-pour-en-interdire-lacces\/","title":{"rendered":"Le ch\u00e2teau des fr\u00e8res Bogdanoff en p\u00e9ril : la mairie de Monfort prend un arr\u00eat\u00e9 pour en interdire l\u2019acc\u00e8s"},"content":{"rendered":"<div><img decoding=\"async\" src=\"https:\/\/jumeaux91.fr\/blog\/wp-content\/uploads\/2024\/10\/le-chateau-des-freres-bogdanoff-en-peril-la-mairie-de-monfort-prend-un-arrete-pour-en-interdire-lacces.jpg\" class=\"ff-og-image-inserted\"><\/div>\n<p> <span class=\"article-full__chapo-label hide-on-small-only\">l&rsquo;essentiel<\/span> La municipalit\u00e9 de Monfort et les autorit\u00e9s se mobilisent pour s\u00e9curiser le ch\u00e2teau d\u2019Esclignac, menac\u00e9 d\u2019effondrement. Malgr\u00e9 l\u2019absence de p\u00e9ril imminent, un arr\u00eat\u00e9 interdit d\u00e9sormais l\u2019acc\u00e8s au site. <\/p>\n<div> <!-- Pub DFP Position [outstream] --> <\/p>\n<p>Le ch\u00e2teau va mal. Depuis de plusieurs ann\u00e9es, nombre de personnes ont tent\u00e9 de tirer la sonnette d\u2019alarme, d\u00e9non\u00e7ant l\u2019\u00e9tat de d\u00e9labrement d\u2019Esclignac. Ce patrimoine situ\u00e9 \u00e0 Monfort \u00e9tait la propri\u00e9t\u00e9 des jumeaux Bogdanoff avant que les enfants d\u2019Igor n\u2019en h\u00e9ritent. Menac\u00e9e d\u2019effondrement, la b\u00e2tisse historique aurait pu faire l\u2019objet<a href=\"https:\/\/www.ladepeche.fr\/2024\/09\/06\/il-faut-tellement-dargent-maintenant-le-chateau-des-bogdanoff-sous-la-menace-dun-arrete-de-peril-12179228.php#:~:text=%22Tous%20les%20Monfortois%20sont%20tristes,maire%20de%20Monfort%2C%20R%C3%A9gis%20Lagard%C3%A8re.\" target=\"_self\" rel=\"noopener nofollow\">&nbsp;d\u2019une proc\u00e9dure de mise en p\u00e9ril<\/a>, un arr\u00eat\u00e9 qui aurait contraint les actuels propri\u00e9taires \u00e0 entreprendre des travaux de s\u00e9curisation.<\/p>\n<p class=\"std-elt__inline\"> <strong>A lire aussi :<\/strong> <a href=\"https:\/\/www.ladepeche.fr\/2024\/09\/19\/nous-heritons-dune-situation-catastrophique-les-confidences-des-enfants-digor-bogdanoff-a-stephane-bern-sur-le-chateau-gersois-desclignac-12208217.php\" target=\"_blank\" rel=\"nofollow\">\u00ab\u00a0Nous h\u00e9ritons d\u2019une situation catastrophique\u00a0\u00bb&nbsp;: les confidences des enfants d\u2019Igor Bogdanoff \u00e0 St\u00e9phane Bern sur le ch\u00e2teau gersois d\u2019Esclignac<\/a> <\/p>\n<p><!-- Pub DFP Position [article] --> <\/p>\n<p>Il y a quelques semaines, une r\u00e9union d\u2019urgence s\u2019est tenue \u00e0 la mairie de la commune avec Wenceslas Bogdanoff, le fils d\u2019Igor. Des repr\u00e9sentants de la sous-pr\u00e9fecture et de la direction d\u00e9partementale territoriale se sont rendus au ch\u00e2teau afin de constater son \u00e9tat.<\/p>\n<p>L\u2019\u00e9lectricit\u00e9 ayant \u00e9t\u00e9 coup\u00e9e et la demeure inoccup\u00e9e, les autorit\u00e9s ont d\u00e9cid\u00e9 de ne pas prendre d\u2019arr\u00eat\u00e9 de p\u00e9ril imminent. Cependant, la municipalit\u00e9 a pris un arr\u00eat\u00e9 interdisant l\u2019acc\u00e8s au site jug\u00e9 dangereux. \u00ab\u00a0Ce p\u00e9rim\u00e8tre de s\u00e9curit\u00e9 sera mis en place d\u00e8s la semaine prochaine avec la famille. Il n\u2019y a aucun p\u00e9ril imminent pour l\u2019instant\u00a0\u00bb, confirme le maire de la commune, R\u00e9gis Lagard\u00e8re.<\/p>\n<\/p><\/div>\n<p>La chronique se veut g\u00e9n\u00e9r\u00e9e de la fa\u00e7on la plus claire que possible. Dans le cas o\u00f9 vous souhaitez pr\u00e9senter des renseignements compl\u00e9mentaires \u00e0 cet article sur le sujet \u00ab\u00a0Fr\u00e8res jumeaux de l&rsquo;Essonnes\u00a0\u00bb il vous est possible d\u2019\u00e9crire aux contacts indiqu\u00e9s sur notre website. La raison d\u2019\u00eatre de jumeaux91.fr \u00e9tant de rassembler sur le web des posts sur le sujet de Fr\u00e8res jumeaux de l&rsquo;Essonnes puis les diffuser en r\u00e9pondant au mieux aux interrogations des gens. Vous pouvez tirer profit de cet article traitant le sujet \u00ab\u00a0Fr\u00e8res jumeaux de l&rsquo;Essonnes\u00a0\u00bb. Il est concoct\u00e9 par l\u2019\u00e9quipe jumeaux91.fr. Prochainement, nous rendrons accessibles au public d&rsquo;autres informations pertinentes sur le sujet \u00ab\u00a0Fr\u00e8res jumeaux de l&rsquo;Essonnes\u00a0\u00bb. Alors, consultez syst\u00e9matiquement notre blog.<\/p>\n","protected":false},"excerpt":{"rendered":"<p>l&rsquo;essentiel La municipalit\u00e9 de Monfort et les autorit\u00e9s se mobilisent pour s\u00e9curiser le ch\u00e2teau d\u2019Esclignac, menac\u00e9 d\u2019effondrement. Malgr\u00e9 l\u2019absence de p\u00e9ril imminent, un arr\u00eat\u00e9 interdit d\u00e9sormais l\u2019acc\u00e8s au site. Le ch\u00e2teau va mal. Depuis de plusieurs ann\u00e9es, nombre de personnes ont tent\u00e9 de tirer la sonnette d\u2019alarme, d\u00e9non\u00e7ant l\u2019\u00e9tat de d\u00e9labrement d\u2019Esclignac. Ce patrimoine situ\u00e9&hellip; <a class=\"more-link\" href=\"https:\/\/jumeaux91.fr\/blog\/le-chateau-des-freres-bogdanoff-en-peril-la-mairie-de-monfort-prend-un-arrete-pour-en-interdire-lacces\/\">Poursuivre la lecture <span class=\"screen-reader-text\">Le ch\u00e2teau des fr\u00e8res Bogdanoff en p\u00e9ril : la mairie de Monfort prend un arr\u00eat\u00e9 pour en interdire l\u2019acc\u00e8s<\/span><\/a><\/p>\n","protected":false},"author":2,"featured_media":874,"comment_status":"closed","ping_status":"closed","sticky":false,"template":"","format":"standard","meta":{"footnotes":""},"categories":[4],"tags":[],"class_list":["post-873","post","type-post","status-publish","format-standard","has-post-thumbnail","hentry","category-posts-freres-jumeaux-de-lessonnes","entry"],"yoast_head":"<!-- This site is optimized with the Yoast SEO plugin v27.5 - https:\/\/yoast.com\/product\/yoast-seo-wordpress\/ -->\n<title>Le ch\u00e2teau des fr\u00e8res Bogdanoff en p\u00e9ril : la mairie de Monfort prend un arr\u00eat\u00e9 pour en interdire l\u2019acc\u00e8s - JUMEAUX91<\/title>\n<meta name=\"robots\" content=\"index, follow, max-snippet:-1, max-image-preview:large, max-video-preview:-1\" \/>\n<link rel=\"canonical\" href=\"https:\/\/jumeaux91.fr\/blog\/le-chateau-des-freres-bogdanoff-en-peril-la-mairie-de-monfort-prend-un-arrete-pour-en-interdire-lacces\/\" \/>\n<meta property=\"og:locale\" content=\"fr_FR\" \/>\n<meta property=\"og:type\" content=\"article\" \/>\n<meta property=\"og:title\" content=\"Le ch\u00e2teau des fr\u00e8res Bogdanoff en p\u00e9ril : la mairie de Monfort prend un arr\u00eat\u00e9 pour en interdire l\u2019acc\u00e8s - JUMEAUX91\" \/>\n<meta property=\"og:description\" content=\"l&rsquo;essentiel La municipalit\u00e9 de Monfort et les autorit\u00e9s se mobilisent pour s\u00e9curiser le ch\u00e2teau d\u2019Esclignac, menac\u00e9 d\u2019effondrement. Malgr\u00e9 l\u2019absence de p\u00e9ril imminent, un arr\u00eat\u00e9 interdit d\u00e9sormais l\u2019acc\u00e8s au site. Le ch\u00e2teau va mal. Depuis de plusieurs ann\u00e9es, nombre de personnes ont tent\u00e9 de tirer la sonnette d\u2019alarme, d\u00e9non\u00e7ant l\u2019\u00e9tat de d\u00e9labrement d\u2019Esclignac. Ce patrimoine situ\u00e9&hellip; Poursuivre la lecture Le ch\u00e2teau des fr\u00e8res Bogdanoff en p\u00e9ril : la mairie de Monfort prend un arr\u00eat\u00e9 pour en interdire l\u2019acc\u00e8s\" \/>\n<meta property=\"og:url\" content=\"https:\/\/jumeaux91.fr\/blog\/le-chateau-des-freres-bogdanoff-en-peril-la-mairie-de-monfort-prend-un-arrete-pour-en-interdire-lacces\/\" \/>\n<meta property=\"og:site_name\" content=\"JUMEAUX91\" \/>\n<meta property=\"article:published_time\" content=\"2024-10-29T10:30:00+00:00\" \/>\n<meta property=\"og:image\" content=\"https:\/\/jumeaux91.fr\/blog\/wp-content\/uploads\/2024\/10\/le-chateau-des-freres-bogdanoff-en-peril-la-mairie-de-monfort-prend-un-arrete-pour-en-interdire-lacces.jpg\" \/>\n<meta name=\"author\" content=\"Claude DAYRES\" \/>\n<meta name=\"twitter:card\" content=\"summary_large_image\" \/>\n<meta name=\"twitter:label1\" content=\"\u00c9crit par\" \/>\n\t<meta name=\"twitter:data1\" content=\"Claude DAYRES\" \/>\n\t<meta name=\"twitter:label2\" content=\"Dur\u00e9e de lecture estim\u00e9e\" \/>\n\t<meta name=\"twitter:data2\" content=\"2 minutes\" \/>\n<script type=\"application\/ld+json\" class=\"yoast-schema-graph\">{\"@context\":\"https:\\\/\\\/schema.org\",\"@graph\":[{\"@type\":\"Article\",\"@id\":\"https:\\\/\\\/jumeaux91.fr\\\/blog\\\/le-chateau-des-freres-bogdanoff-en-peril-la-mairie-de-monfort-prend-un-arrete-pour-en-interdire-lacces\\\/#article\",\"isPartOf\":{\"@id\":\"https:\\\/\\\/jumeaux91.fr\\\/blog\\\/le-chateau-des-freres-bogdanoff-en-peril-la-mairie-de-monfort-prend-un-arrete-pour-en-interdire-lacces\\\/\"},\"author\":{\"name\":\"Claude DAYRES\",\"@id\":\"https:\\\/\\\/jumeaux91.fr\\\/blog\\\/#\\\/schema\\\/person\\\/21da06e9f119b9f64e5d45dbbd32d3fb\"},\"headline\":\"Le ch\u00e2teau des fr\u00e8res Bogdanoff en p\u00e9ril : la mairie de Monfort prend un arr\u00eat\u00e9 pour en interdire l\u2019acc\u00e8s\",\"datePublished\":\"2024-10-29T10:30:00+00:00\",\"mainEntityOfPage\":{\"@id\":\"https:\\\/\\\/jumeaux91.fr\\\/blog\\\/le-chateau-des-freres-bogdanoff-en-peril-la-mairie-de-monfort-prend-un-arrete-pour-en-interdire-lacces\\\/\"},\"wordCount\":457,\"publisher\":{\"@id\":\"https:\\\/\\\/jumeaux91.fr\\\/blog\\\/#organization\"},\"image\":{\"@id\":\"https:\\\/\\\/jumeaux91.fr\\\/blog\\\/le-chateau-des-freres-bogdanoff-en-peril-la-mairie-de-monfort-prend-un-arrete-pour-en-interdire-lacces\\\/#primaryimage\"},\"thumbnailUrl\":\"https:\\\/\\\/jumeaux91.fr\\\/blog\\\/wp-content\\\/uploads\\\/2024\\\/10\\\/le-chateau-des-freres-bogdanoff-en-peril-la-mairie-de-monfort-prend-un-arrete-pour-en-interdire-lacces.jpg\",\"articleSection\":[\"Posts Fr\u00e8res Jumeaux De L'Essonnes:\"],\"inLanguage\":\"fr-FR\"},{\"@type\":\"WebPage\",\"@id\":\"https:\\\/\\\/jumeaux91.fr\\\/blog\\\/le-chateau-des-freres-bogdanoff-en-peril-la-mairie-de-monfort-prend-un-arrete-pour-en-interdire-lacces\\\/\",\"url\":\"https:\\\/\\\/jumeaux91.fr\\\/blog\\\/le-chateau-des-freres-bogdanoff-en-peril-la-mairie-de-monfort-prend-un-arrete-pour-en-interdire-lacces\\\/\",\"name\":\"Le ch\u00e2teau des fr\u00e8res Bogdanoff en p\u00e9ril : la mairie de Monfort prend un arr\u00eat\u00e9 pour en interdire l\u2019acc\u00e8s - JUMEAUX91\",\"isPartOf\":{\"@id\":\"https:\\\/\\\/jumeaux91.fr\\\/blog\\\/#website\"},\"primaryImageOfPage\":{\"@id\":\"https:\\\/\\\/jumeaux91.fr\\\/blog\\\/le-chateau-des-freres-bogdanoff-en-peril-la-mairie-de-monfort-prend-un-arrete-pour-en-interdire-lacces\\\/#primaryimage\"},\"image\":{\"@id\":\"https:\\\/\\\/jumeaux91.fr\\\/blog\\\/le-chateau-des-freres-bogdanoff-en-peril-la-mairie-de-monfort-prend-un-arrete-pour-en-interdire-lacces\\\/#primaryimage\"},\"thumbnailUrl\":\"https:\\\/\\\/jumeaux91.fr\\\/blog\\\/wp-content\\\/uploads\\\/2024\\\/10\\\/le-chateau-des-freres-bogdanoff-en-peril-la-mairie-de-monfort-prend-un-arrete-pour-en-interdire-lacces.jpg\",\"datePublished\":\"2024-10-29T10:30:00+00:00\",\"breadcrumb\":{\"@id\":\"https:\\\/\\\/jumeaux91.fr\\\/blog\\\/le-chateau-des-freres-bogdanoff-en-peril-la-mairie-de-monfort-prend-un-arrete-pour-en-interdire-lacces\\\/#breadcrumb\"},\"inLanguage\":\"fr-FR\",\"potentialAction\":[{\"@type\":\"ReadAction\",\"target\":[\"https:\\\/\\\/jumeaux91.fr\\\/blog\\\/le-chateau-des-freres-bogdanoff-en-peril-la-mairie-de-monfort-prend-un-arrete-pour-en-interdire-lacces\\\/\"]}]},{\"@type\":\"ImageObject\",\"inLanguage\":\"fr-FR\",\"@id\":\"https:\\\/\\\/jumeaux91.fr\\\/blog\\\/le-chateau-des-freres-bogdanoff-en-peril-la-mairie-de-monfort-prend-un-arrete-pour-en-interdire-lacces\\\/#primaryimage\",\"url\":\"https:\\\/\\\/jumeaux91.fr\\\/blog\\\/wp-content\\\/uploads\\\/2024\\\/10\\\/le-chateau-des-freres-bogdanoff-en-peril-la-mairie-de-monfort-prend-un-arrete-pour-en-interdire-lacces.jpg\",\"contentUrl\":\"https:\\\/\\\/jumeaux91.fr\\\/blog\\\/wp-content\\\/uploads\\\/2024\\\/10\\\/le-chateau-des-freres-bogdanoff-en-peril-la-mairie-de-monfort-prend-un-arrete-pour-en-interdire-lacces.jpg\",\"width\":885,\"height\":500,\"caption\":\"Le ch\u00e2teau des fr\u00e8res Bogdanoff en p\u00e9ril : la mairie de Monfort prend un arr\u00eat\u00e9 pour en interdire l\u2019acc\u00e8s\"},{\"@type\":\"BreadcrumbList\",\"@id\":\"https:\\\/\\\/jumeaux91.fr\\\/blog\\\/le-chateau-des-freres-bogdanoff-en-peril-la-mairie-de-monfort-prend-un-arrete-pour-en-interdire-lacces\\\/#breadcrumb\",\"itemListElement\":[{\"@type\":\"ListItem\",\"position\":1,\"name\":\"Accueil\",\"item\":\"https:\\\/\\\/jumeaux91.fr\\\/blog\\\/\"},{\"@type\":\"ListItem\",\"position\":2,\"name\":\"Le ch\u00e2teau des fr\u00e8res Bogdanoff en p\u00e9ril : la mairie de Monfort prend un arr\u00eat\u00e9 pour en interdire l\u2019acc\u00e8s\"}]},{\"@type\":\"WebSite\",\"@id\":\"https:\\\/\\\/jumeaux91.fr\\\/blog\\\/#website\",\"url\":\"https:\\\/\\\/jumeaux91.fr\\\/blog\\\/\",\"name\":\"JUMEAUX91\",\"description\":\"Fr\u00e8res jumeaux de l&#039;Essonnes; informations et archives, \u00e0 savoir et retenir.\",\"publisher\":{\"@id\":\"https:\\\/\\\/jumeaux91.fr\\\/blog\\\/#organization\"},\"potentialAction\":[{\"@type\":\"SearchAction\",\"target\":{\"@type\":\"EntryPoint\",\"urlTemplate\":\"https:\\\/\\\/jumeaux91.fr\\\/blog\\\/?s={search_term_string}\"},\"query-input\":{\"@type\":\"PropertyValueSpecification\",\"valueRequired\":true,\"valueName\":\"search_term_string\"}}],\"inLanguage\":\"fr-FR\"},{\"@type\":\"Organization\",\"@id\":\"https:\\\/\\\/jumeaux91.fr\\\/blog\\\/#organization\",\"name\":\"jumeaux91\",\"url\":\"https:\\\/\\\/jumeaux91.fr\\\/blog\\\/\",\"logo\":{\"@type\":\"ImageObject\",\"inLanguage\":\"fr-FR\",\"@id\":\"https:\\\/\\\/jumeaux91.fr\\\/blog\\\/#\\\/schema\\\/logo\\\/image\\\/\",\"url\":\"https:\\\/\\\/jumeaux91.fr\\\/blog\\\/wp-content\\\/uploads\\\/2023\\\/05\\\/cropped-cropped-logoJ_91.png\",\"contentUrl\":\"https:\\\/\\\/jumeaux91.fr\\\/blog\\\/wp-content\\\/uploads\\\/2023\\\/05\\\/cropped-cropped-logoJ_91.png\",\"width\":512,\"height\":512,\"caption\":\"jumeaux91\"},\"image\":{\"@id\":\"https:\\\/\\\/jumeaux91.fr\\\/blog\\\/#\\\/schema\\\/logo\\\/image\\\/\"}},{\"@type\":\"Person\",\"@id\":\"https:\\\/\\\/jumeaux91.fr\\\/blog\\\/#\\\/schema\\\/person\\\/21da06e9f119b9f64e5d45dbbd32d3fb\",\"name\":\"Claude DAYRES\",\"image\":{\"@type\":\"ImageObject\",\"inLanguage\":\"fr-FR\",\"@id\":\"https:\\\/\\\/secure.gravatar.com\\\/avatar\\\/82eb951df6110a2c48d1bfa7a67d1ee6f0cd5df3cbf9c3586dd61e82db7172a5?s=96&d=mm&r=g\",\"url\":\"https:\\\/\\\/secure.gravatar.com\\\/avatar\\\/82eb951df6110a2c48d1bfa7a67d1ee6f0cd5df3cbf9c3586dd61e82db7172a5?s=96&d=mm&r=g\",\"contentUrl\":\"https:\\\/\\\/secure.gravatar.com\\\/avatar\\\/82eb951df6110a2c48d1bfa7a67d1ee6f0cd5df3cbf9c3586dd61e82db7172a5?s=96&d=mm&r=g\",\"caption\":\"Claude DAYRES\"},\"url\":\"https:\\\/\\\/jumeaux91.fr\\\/blog\\\/author\\\/x91claude\\\/\"}]}<\/script>\n<!-- \/ Yoast SEO plugin. -->","yoast_head_json":{"title":"Le ch\u00e2teau des fr\u00e8res Bogdanoff en p\u00e9ril : la mairie de Monfort prend un arr\u00eat\u00e9 pour en interdire l\u2019acc\u00e8s - JUMEAUX91","robots":{"index":"index","follow":"follow","max-snippet":"max-snippet:-1","max-image-preview":"max-image-preview:large","max-video-preview":"max-video-preview:-1"},"canonical":"https:\/\/jumeaux91.fr\/blog\/le-chateau-des-freres-bogdanoff-en-peril-la-mairie-de-monfort-prend-un-arrete-pour-en-interdire-lacces\/","og_locale":"fr_FR","og_type":"article","og_title":"Le ch\u00e2teau des fr\u00e8res Bogdanoff en p\u00e9ril : la mairie de Monfort prend un arr\u00eat\u00e9 pour en interdire l\u2019acc\u00e8s - JUMEAUX91","og_description":"l&rsquo;essentiel La municipalit\u00e9 de Monfort et les autorit\u00e9s se mobilisent pour s\u00e9curiser le ch\u00e2teau d\u2019Esclignac, menac\u00e9 d\u2019effondrement. Malgr\u00e9 l\u2019absence de p\u00e9ril imminent, un arr\u00eat\u00e9 interdit d\u00e9sormais l\u2019acc\u00e8s au site. Le ch\u00e2teau va mal. Depuis de plusieurs ann\u00e9es, nombre de personnes ont tent\u00e9 de tirer la sonnette d\u2019alarme, d\u00e9non\u00e7ant l\u2019\u00e9tat de d\u00e9labrement d\u2019Esclignac. Ce patrimoine situ\u00e9&hellip; Poursuivre la lecture Le ch\u00e2teau des fr\u00e8res Bogdanoff en p\u00e9ril : la mairie de Monfort prend un arr\u00eat\u00e9 pour en interdire l\u2019acc\u00e8s","og_url":"https:\/\/jumeaux91.fr\/blog\/le-chateau-des-freres-bogdanoff-en-peril-la-mairie-de-monfort-prend-un-arrete-pour-en-interdire-lacces\/","og_site_name":"JUMEAUX91","article_published_time":"2024-10-29T10:30:00+00:00","og_image":[{"url":"https:\/\/jumeaux91.fr\/blog\/wp-content\/uploads\/2024\/10\/le-chateau-des-freres-bogdanoff-en-peril-la-mairie-de-monfort-prend-un-arrete-pour-en-interdire-lacces.jpg","type":"","width":"","height":""}],"author":"Claude DAYRES","twitter_card":"summary_large_image","twitter_misc":{"\u00c9crit par":"Claude DAYRES","Dur\u00e9e de lecture estim\u00e9e":"2 minutes"},"schema":{"@context":"https:\/\/schema.org","@graph":[{"@type":"Article","@id":"https:\/\/jumeaux91.fr\/blog\/le-chateau-des-freres-bogdanoff-en-peril-la-mairie-de-monfort-prend-un-arrete-pour-en-interdire-lacces\/#article","isPartOf":{"@id":"https:\/\/jumeaux91.fr\/blog\/le-chateau-des-freres-bogdanoff-en-peril-la-mairie-de-monfort-prend-un-arrete-pour-en-interdire-lacces\/"},"author":{"name":"Claude DAYRES","@id":"https:\/\/jumeaux91.fr\/blog\/#\/schema\/person\/21da06e9f119b9f64e5d45dbbd32d3fb"},"headline":"Le ch\u00e2teau des fr\u00e8res Bogdanoff en p\u00e9ril : la mairie de Monfort prend un arr\u00eat\u00e9 pour en interdire l\u2019acc\u00e8s","datePublished":"2024-10-29T10:30:00+00:00","mainEntityOfPage":{"@id":"https:\/\/jumeaux91.fr\/blog\/le-chateau-des-freres-bogdanoff-en-peril-la-mairie-de-monfort-prend-un-arrete-pour-en-interdire-lacces\/"},"wordCount":457,"publisher":{"@id":"https:\/\/jumeaux91.fr\/blog\/#organization"},"image":{"@id":"https:\/\/jumeaux91.fr\/blog\/le-chateau-des-freres-bogdanoff-en-peril-la-mairie-de-monfort-prend-un-arrete-pour-en-interdire-lacces\/#primaryimage"},"thumbnailUrl":"https:\/\/jumeaux91.fr\/blog\/wp-content\/uploads\/2024\/10\/le-chateau-des-freres-bogdanoff-en-peril-la-mairie-de-monfort-prend-un-arrete-pour-en-interdire-lacces.jpg","articleSection":["Posts Fr\u00e8res Jumeaux De L'Essonnes:"],"inLanguage":"fr-FR"},{"@type":"WebPage","@id":"https:\/\/jumeaux91.fr\/blog\/le-chateau-des-freres-bogdanoff-en-peril-la-mairie-de-monfort-prend-un-arrete-pour-en-interdire-lacces\/","url":"https:\/\/jumeaux91.fr\/blog\/le-chateau-des-freres-bogdanoff-en-peril-la-mairie-de-monfort-prend-un-arrete-pour-en-interdire-lacces\/","name":"Le ch\u00e2teau des fr\u00e8res Bogdanoff en p\u00e9ril : la mairie de Monfort prend un arr\u00eat\u00e9 pour en interdire l\u2019acc\u00e8s - JUMEAUX91","isPartOf":{"@id":"https:\/\/jumeaux91.fr\/blog\/#website"},"primaryImageOfPage":{"@id":"https:\/\/jumeaux91.fr\/blog\/le-chateau-des-freres-bogdanoff-en-peril-la-mairie-de-monfort-prend-un-arrete-pour-en-interdire-lacces\/#primaryimage"},"image":{"@id":"https:\/\/jumeaux91.fr\/blog\/le-chateau-des-freres-bogdanoff-en-peril-la-mairie-de-monfort-prend-un-arrete-pour-en-interdire-lacces\/#primaryimage"},"thumbnailUrl":"https:\/\/jumeaux91.fr\/blog\/wp-content\/uploads\/2024\/10\/le-chateau-des-freres-bogdanoff-en-peril-la-mairie-de-monfort-prend-un-arrete-pour-en-interdire-lacces.jpg","datePublished":"2024-10-29T10:30:00+00:00","breadcrumb":{"@id":"https:\/\/jumeaux91.fr\/blog\/le-chateau-des-freres-bogdanoff-en-peril-la-mairie-de-monfort-prend-un-arrete-pour-en-interdire-lacces\/#breadcrumb"},"inLanguage":"fr-FR","potentialAction":[{"@type":"ReadAction","target":["https:\/\/jumeaux91.fr\/blog\/le-chateau-des-freres-bogdanoff-en-peril-la-mairie-de-monfort-prend-un-arrete-pour-en-interdire-lacces\/"]}]},{"@type":"ImageObject","inLanguage":"fr-FR","@id":"https:\/\/jumeaux91.fr\/blog\/le-chateau-des-freres-bogdanoff-en-peril-la-mairie-de-monfort-prend-un-arrete-pour-en-interdire-lacces\/#primaryimage","url":"https:\/\/jumeaux91.fr\/blog\/wp-content\/uploads\/2024\/10\/le-chateau-des-freres-bogdanoff-en-peril-la-mairie-de-monfort-prend-un-arrete-pour-en-interdire-lacces.jpg","contentUrl":"https:\/\/jumeaux91.fr\/blog\/wp-content\/uploads\/2024\/10\/le-chateau-des-freres-bogdanoff-en-peril-la-mairie-de-monfort-prend-un-arrete-pour-en-interdire-lacces.jpg","width":885,"height":500,"caption":"Le ch\u00e2teau des fr\u00e8res Bogdanoff en p\u00e9ril : la mairie de Monfort prend un arr\u00eat\u00e9 pour en interdire l\u2019acc\u00e8s"},{"@type":"BreadcrumbList","@id":"https:\/\/jumeaux91.fr\/blog\/le-chateau-des-freres-bogdanoff-en-peril-la-mairie-de-monfort-prend-un-arrete-pour-en-interdire-lacces\/#breadcrumb","itemListElement":[{"@type":"ListItem","position":1,"name":"Accueil","item":"https:\/\/jumeaux91.fr\/blog\/"},{"@type":"ListItem","position":2,"name":"Le ch\u00e2teau des fr\u00e8res Bogdanoff en p\u00e9ril : la mairie de Monfort prend un arr\u00eat\u00e9 pour en interdire l\u2019acc\u00e8s"}]},{"@type":"WebSite","@id":"https:\/\/jumeaux91.fr\/blog\/#website","url":"https:\/\/jumeaux91.fr\/blog\/","name":"JUMEAUX91","description":"Fr\u00e8res jumeaux de l&#039;Essonnes; informations et archives, \u00e0 savoir et retenir.","publisher":{"@id":"https:\/\/jumeaux91.fr\/blog\/#organization"},"potentialAction":[{"@type":"SearchAction","target":{"@type":"EntryPoint","urlTemplate":"https:\/\/jumeaux91.fr\/blog\/?s={search_term_string}"},"query-input":{"@type":"PropertyValueSpecification","valueRequired":true,"valueName":"search_term_string"}}],"inLanguage":"fr-FR"},{"@type":"Organization","@id":"https:\/\/jumeaux91.fr\/blog\/#organization","name":"jumeaux91","url":"https:\/\/jumeaux91.fr\/blog\/","logo":{"@type":"ImageObject","inLanguage":"fr-FR","@id":"https:\/\/jumeaux91.fr\/blog\/#\/schema\/logo\/image\/","url":"https:\/\/jumeaux91.fr\/blog\/wp-content\/uploads\/2023\/05\/cropped-cropped-logoJ_91.png","contentUrl":"https:\/\/jumeaux91.fr\/blog\/wp-content\/uploads\/2023\/05\/cropped-cropped-logoJ_91.png","width":512,"height":512,"caption":"jumeaux91"},"image":{"@id":"https:\/\/jumeaux91.fr\/blog\/#\/schema\/logo\/image\/"}},{"@type":"Person","@id":"https:\/\/jumeaux91.fr\/blog\/#\/schema\/person\/21da06e9f119b9f64e5d45dbbd32d3fb","name":"Claude DAYRES","image":{"@type":"ImageObject","inLanguage":"fr-FR","@id":"https:\/\/secure.gravatar.com\/avatar\/82eb951df6110a2c48d1bfa7a67d1ee6f0cd5df3cbf9c3586dd61e82db7172a5?s=96&d=mm&r=g","url":"https:\/\/secure.gravatar.com\/avatar\/82eb951df6110a2c48d1bfa7a67d1ee6f0cd5df3cbf9c3586dd61e82db7172a5?s=96&d=mm&r=g","contentUrl":"https:\/\/secure.gravatar.com\/avatar\/82eb951df6110a2c48d1bfa7a67d1ee6f0cd5df3cbf9c3586dd61e82db7172a5?s=96&d=mm&r=g","caption":"Claude DAYRES"},"url":"https:\/\/jumeaux91.fr\/blog\/author\/x91claude\/"}]}},"_links":{"self":[{"href":"https:\/\/jumeaux91.fr\/blog\/wp-json\/wp\/v2\/posts\/873","targetHints":{"allow":["GET"]}}],"collection":[{"href":"https:\/\/jumeaux91.fr\/blog\/wp-json\/wp\/v2\/posts"}],"about":[{"href":"https:\/\/jumeaux91.fr\/blog\/wp-json\/wp\/v2\/types\/post"}],"author":[{"embeddable":true,"href":"https:\/\/jumeaux91.fr\/blog\/wp-json\/wp\/v2\/users\/2"}],"replies":[{"embeddable":true,"href":"https:\/\/jumeaux91.fr\/blog\/wp-json\/wp\/v2\/comments?post=873"}],"version-history":[{"count":0,"href":"https:\/\/jumeaux91.fr\/blog\/wp-json\/wp\/v2\/posts\/873\/revisions"}],"wp:featuredmedia":[{"embeddable":true,"href":"https:\/\/jumeaux91.fr\/blog\/wp-json\/wp\/v2\/media\/874"}],"wp:attachment":[{"href":"https:\/\/jumeaux91.fr\/blog\/wp-json\/wp\/v2\/media?parent=873"}],"wp:term":[{"taxonomy":"category","embeddable":true,"href":"https:\/\/jumeaux91.fr\/blog\/wp-json\/wp\/v2\/categories?post=873"},{"taxonomy":"post_tag","embeddable":true,"href":"https:\/\/jumeaux91.fr\/blog\/wp-json\/wp\/v2\/tags?post=873"}],"curies":[{"name":"wp","href":"https:\/\/api.w.org\/{rel}","templated":true}]}}