{"id":893,"date":"2024-11-05T14:29:00","date_gmt":"2024-11-05T13:29:00","guid":{"rendered":"https:\/\/jumeaux91.fr\/blog\/les-freres-dessner-au-dela-de-the-national\/"},"modified":"2024-11-05T14:29:00","modified_gmt":"2024-11-05T13:29:00","slug":"les-freres-dessner-au-dela-de-the-national","status":"publish","type":"post","link":"https:\/\/jumeaux91.fr\/blog\/les-freres-dessner-au-dela-de-the-national\/","title":{"rendered":"Les fr\u00e8res Dessner au-del\u00e0 de The National"},"content":{"rendered":"<div><img decoding=\"async\" src=\"https:\/\/jumeaux91.fr\/blog\/wp-content\/uploads\/2024\/11\/les-freres-dessner-au-dela-de-the-national.jpg\" class=\"ff-og-image-inserted\"><\/div>\n<div class=\"mb_{spacing.space030}\">\n<p class=\"article-body-drop-capital font_components.article.body.drop.capital.rest.font firstLetter:float_left firstLetter:d_inline-block firstLetter:leading_1 firstLetter:fs_components.article.body.drop.capital.first.fontSize firstLetter:text_components.article.body.drop.capital.first.color firstLetter:mr_components.article.body.drop.capital.first.padding firstLetter:font_components.article.body.drop.capital.first.font smDown:fs_components.article.body.drop.capital.rest.fontSize.sm md:fs_components.article.body.drop.capital.rest.fontSize.md lg:fs_components.article.body.drop.capital.rest.fontSize.lgUp lgTo2xl:fs_components.article.body.drop.capital.rest.fontSize.lgUp\" data-cmp=\"ArticleDropCapital\">Un groupe de rock compos\u00e9 de deux fr\u00e8res&nbsp;? C\u2019est devenu un lieu commun. Mais The National pousse le concept en comprenant deux paires de fr\u00e8res dont deux guitaristes jumeaux qui poursuivent en parall\u00e8le une carri\u00e8re impressionnante. Bryce et Aaron Dessner sont n\u00e9s le 23 avril 1976 \u00e0 Cincinnati dans une famille tr\u00e8s port\u00e9e sur la musique. Si le premier se tourne rapidement vers le classique (lire ci-contre), le second ne jure que par le rock.<\/p>\n<\/div>\n<div class=\"mb_{spacing.space030}\">\n<p class=\"text_left tracking_components.article.body.text.letterSpacing font_components.article.body.text.font leading_components.article.body.text.lineHeight smDown:fs_components.article.body.text.fontSize.sm md:fs_components.article.body.text.fontSize.md lg:fs_components.article.body.text.fontSize.lgUp lgTo2xl:fs_components.article.body.text.fontSize.lgUp\" data-cmp-type=\"lfs-cue-italic\" data-cmp=\"ArticleText\">En 1999, ils forment The National avec le chanteur Matt Berninger et les fr\u00e8res Devendorf. Au fil des ann\u00e9es et des albums (citons <span>Boxer<\/span> \u2013 rejou\u00e9 en int\u00e9gralit\u00e9 et enregistr\u00e9 \u00e0 Forest National pour ses dix ans \u2013, <span>High Violet<\/span> ou <span>Trouble Will Find Me<\/span> avec le tube <span>I Need My Girl<\/span>), The National va devenir le fer de lance du rock ind\u00e9pendant am\u00e9ricain et la rel\u00e8ve de groupes ch\u00e9ris comme REM ou Radiohead. Mais la vie musicale des fr\u00e8res Dessner ne se limite pas \u00e0 cela.<\/p>\n<\/div>\n<div class=\"mb_{spacing.space030}\">\n<p class=\"text_left tracking_components.article.body.text.letterSpacing font_components.article.body.text.font leading_components.article.body.text.lineHeight smDown:fs_components.article.body.text.fontSize.sm md:fs_components.article.body.text.fontSize.md lg:fs_components.article.body.text.fontSize.lgUp lgTo2xl:fs_components.article.body.text.fontSize.lgUp\" data-cmp-type=\"paragraph\" data-cmp=\"ArticleText\">Bryce poursuit dans le classique et le contemporain, composant des \u0153uvres orchestrales pour le cin\u00e9ma et des institutions comme le Barbican de Londres, le Carnegie Hall ou le New York City Ballet. Il a collabor\u00e9 avec des personnalit\u00e9s de tous bords comme Steve Reich, Philip Glass, Kronos Quartet, Ryuichi Sakamoto, Jonny Greenwood et Thom Yorke de Radiohead, Caroline Shaw, les s\u0153urs Lab\u00e8que ou encore la chanteuse fran\u00e7aise Mina Tindle avec qui il est mari\u00e9.<\/p>\n<\/div>\n<div class=\"mb_{spacing.space030}\">\n<p class=\"text_left tracking_components.article.body.text.letterSpacing font_components.article.body.text.font leading_components.article.body.text.lineHeight smDown:fs_components.article.body.text.fontSize.sm md:fs_components.article.body.text.fontSize.md lg:fs_components.article.body.text.fontSize.lgUp lgTo2xl:fs_components.article.body.text.fontSize.lgUp\" data-cmp-type=\"lfs-cue-italic\" data-cmp=\"ArticleText\">De son c\u00f4t\u00e9, Aaron compose et produit dans l\u2019ombre pour des artistes pop comme Ed Sheeran, Michael Stipe (de REM), Sharon Van Etten ou Fred Again. En 2018, il fait \u00e9quipe avec Justin Vernon, alias Bon Iver, au sein du groupe Big Red Machine. Un an plus tard, on retrouve Aaron Dessner aux commandes des disques <span>Folklore<\/span> et <span>Evermore<\/span> qui marquent un tournant folk ind\u00e9 dans la carri\u00e8re de Taylor Swift. Aaron Dessner est \u00e9galement pr\u00e9sent sur les deux derniers albums de la superstar am\u00e9ricaine, cr\u00e9dit\u00e9 comme co-auteur et co-producteur.<\/p>\n<\/div>\n<div class=\"mb_{spacing.space030}\">\n<p class=\"text_left tracking_components.article.body.text.letterSpacing font_components.article.body.text.font leading_components.article.body.text.lineHeight smDown:fs_components.article.body.text.fontSize.sm md:fs_components.article.body.text.fontSize.md lg:fs_components.article.body.text.fontSize.lgUp lgTo2xl:fs_components.article.body.text.fontSize.lgUp\" data-cmp-type=\"paragraph\" data-cmp=\"ArticleText\">Malgr\u00e9 cet emploi du temps bien charg\u00e9, les fr\u00e8res Dessner ont \u00e9galement mont\u00e9 un label, Brassland, pour publier leurs sorties musicales (et celles de The National) et ont, ensemble ou s\u00e9par\u00e9ment, \u00e9t\u00e9 parmi les fondateurs de plusieurs festivals (Eaux Claires dans le Wisconsin, Boston Calling Music Festival et le HAVEN \u00e0 Copenhague). Quant \u00e0 The National, un album live enregistr\u00e9 \u00e0 Rome l\u2019an dernier sortira le 13 d\u00e9cembre, marquant vingt-cinq ans d\u2019une carri\u00e8re qui n\u2019a toujours pas connu de faux pas.<\/p>\n<\/div>\n<p>La chronique se veut g\u00e9n\u00e9r\u00e9e de la fa\u00e7on la plus claire que possible. Dans le cas o\u00f9 vous souhaitez pr\u00e9senter des renseignements compl\u00e9mentaires \u00e0 cet article sur le sujet \u00ab\u00a0Fr\u00e8res jumeaux de l&rsquo;Essonnes\u00a0\u00bb il vous est possible d\u2019\u00e9crire aux contacts indiqu\u00e9s sur notre website. La raison d\u2019\u00eatre de jumeaux91.fr \u00e9tant de rassembler sur le web des posts sur le sujet de Fr\u00e8res jumeaux de l&rsquo;Essonnes puis les diffuser en r\u00e9pondant au mieux aux interrogations des gens. Vous pouvez tirer profit de cet article traitant le sujet \u00ab\u00a0Fr\u00e8res jumeaux de l&rsquo;Essonnes\u00a0\u00bb. Il est concoct\u00e9 par l\u2019\u00e9quipe jumeaux91.fr. Prochainement, nous rendrons accessibles au public d&rsquo;autres informations pertinentes sur le sujet \u00ab\u00a0Fr\u00e8res jumeaux de l&rsquo;Essonnes\u00a0\u00bb. Alors, consultez syst\u00e9matiquement notre blog.<\/p>\n","protected":false},"excerpt":{"rendered":"<p>Un groupe de rock compos\u00e9 de deux fr\u00e8res&nbsp;? C\u2019est devenu un lieu commun. Mais The National pousse le concept en comprenant deux paires de fr\u00e8res dont deux guitaristes jumeaux qui poursuivent en parall\u00e8le une carri\u00e8re impressionnante. Bryce et Aaron Dessner sont n\u00e9s le 23 avril 1976 \u00e0 Cincinnati dans une famille tr\u00e8s port\u00e9e sur la&hellip; <a class=\"more-link\" href=\"https:\/\/jumeaux91.fr\/blog\/les-freres-dessner-au-dela-de-the-national\/\">Poursuivre la lecture <span class=\"screen-reader-text\">Les fr\u00e8res Dessner au-del\u00e0 de The National<\/span><\/a><\/p>\n","protected":false},"author":2,"featured_media":894,"comment_status":"closed","ping_status":"closed","sticky":false,"template":"","format":"standard","meta":{"footnotes":""},"categories":[4],"tags":[],"class_list":["post-893","post","type-post","status-publish","format-standard","has-post-thumbnail","hentry","category-posts-freres-jumeaux-de-lessonnes","entry"],"yoast_head":"<!-- This site is optimized with the Yoast SEO plugin v27.5 - https:\/\/yoast.com\/product\/yoast-seo-wordpress\/ -->\n<title>Les fr\u00e8res Dessner au-del\u00e0 de The National - JUMEAUX91<\/title>\n<meta name=\"robots\" content=\"index, follow, max-snippet:-1, max-image-preview:large, max-video-preview:-1\" \/>\n<link rel=\"canonical\" href=\"https:\/\/jumeaux91.fr\/blog\/les-freres-dessner-au-dela-de-the-national\/\" \/>\n<meta property=\"og:locale\" content=\"fr_FR\" \/>\n<meta property=\"og:type\" content=\"article\" \/>\n<meta property=\"og:title\" content=\"Les fr\u00e8res Dessner au-del\u00e0 de The National - JUMEAUX91\" \/>\n<meta property=\"og:description\" content=\"Un groupe de rock compos\u00e9 de deux fr\u00e8res&nbsp;? C\u2019est devenu un lieu commun. Mais The National pousse le concept en comprenant deux paires de fr\u00e8res dont deux guitaristes jumeaux qui poursuivent en parall\u00e8le une carri\u00e8re impressionnante. Bryce et Aaron Dessner sont n\u00e9s le 23 avril 1976 \u00e0 Cincinnati dans une famille tr\u00e8s port\u00e9e sur la&hellip; Poursuivre la lecture Les fr\u00e8res Dessner au-del\u00e0 de The National\" \/>\n<meta property=\"og:url\" content=\"https:\/\/jumeaux91.fr\/blog\/les-freres-dessner-au-dela-de-the-national\/\" \/>\n<meta property=\"og:site_name\" content=\"JUMEAUX91\" \/>\n<meta property=\"article:published_time\" content=\"2024-11-05T13:29:00+00:00\" \/>\n<meta property=\"og:image\" content=\"https:\/\/jumeaux91.fr\/blog\/wp-content\/uploads\/2024\/11\/les-freres-dessner-au-dela-de-the-national.jpg\" \/>\n<meta name=\"author\" content=\"Claude DAYRES\" \/>\n<meta name=\"twitter:card\" content=\"summary_large_image\" \/>\n<meta name=\"twitter:label1\" content=\"\u00c9crit par\" \/>\n\t<meta name=\"twitter:data1\" content=\"Claude DAYRES\" \/>\n\t<meta name=\"twitter:label2\" content=\"Dur\u00e9e de lecture estim\u00e9e\" \/>\n\t<meta name=\"twitter:data2\" content=\"3 minutes\" \/>\n<script type=\"application\/ld+json\" class=\"yoast-schema-graph\">{\"@context\":\"https:\\\/\\\/schema.org\",\"@graph\":[{\"@type\":\"Article\",\"@id\":\"https:\\\/\\\/jumeaux91.fr\\\/blog\\\/les-freres-dessner-au-dela-de-the-national\\\/#article\",\"isPartOf\":{\"@id\":\"https:\\\/\\\/jumeaux91.fr\\\/blog\\\/les-freres-dessner-au-dela-de-the-national\\\/\"},\"author\":{\"name\":\"Claude DAYRES\",\"@id\":\"https:\\\/\\\/jumeaux91.fr\\\/blog\\\/#\\\/schema\\\/person\\\/21da06e9f119b9f64e5d45dbbd32d3fb\"},\"headline\":\"Les fr\u00e8res Dessner au-del\u00e0 de The National\",\"datePublished\":\"2024-11-05T13:29:00+00:00\",\"mainEntityOfPage\":{\"@id\":\"https:\\\/\\\/jumeaux91.fr\\\/blog\\\/les-freres-dessner-au-dela-de-the-national\\\/\"},\"wordCount\":577,\"publisher\":{\"@id\":\"https:\\\/\\\/jumeaux91.fr\\\/blog\\\/#organization\"},\"image\":{\"@id\":\"https:\\\/\\\/jumeaux91.fr\\\/blog\\\/les-freres-dessner-au-dela-de-the-national\\\/#primaryimage\"},\"thumbnailUrl\":\"https:\\\/\\\/jumeaux91.fr\\\/blog\\\/wp-content\\\/uploads\\\/2024\\\/11\\\/les-freres-dessner-au-dela-de-the-national.jpg\",\"articleSection\":[\"Posts Fr\u00e8res Jumeaux De L'Essonnes:\"],\"inLanguage\":\"fr-FR\"},{\"@type\":\"WebPage\",\"@id\":\"https:\\\/\\\/jumeaux91.fr\\\/blog\\\/les-freres-dessner-au-dela-de-the-national\\\/\",\"url\":\"https:\\\/\\\/jumeaux91.fr\\\/blog\\\/les-freres-dessner-au-dela-de-the-national\\\/\",\"name\":\"Les fr\u00e8res Dessner au-del\u00e0 de The National - JUMEAUX91\",\"isPartOf\":{\"@id\":\"https:\\\/\\\/jumeaux91.fr\\\/blog\\\/#website\"},\"primaryImageOfPage\":{\"@id\":\"https:\\\/\\\/jumeaux91.fr\\\/blog\\\/les-freres-dessner-au-dela-de-the-national\\\/#primaryimage\"},\"image\":{\"@id\":\"https:\\\/\\\/jumeaux91.fr\\\/blog\\\/les-freres-dessner-au-dela-de-the-national\\\/#primaryimage\"},\"thumbnailUrl\":\"https:\\\/\\\/jumeaux91.fr\\\/blog\\\/wp-content\\\/uploads\\\/2024\\\/11\\\/les-freres-dessner-au-dela-de-the-national.jpg\",\"datePublished\":\"2024-11-05T13:29:00+00:00\",\"breadcrumb\":{\"@id\":\"https:\\\/\\\/jumeaux91.fr\\\/blog\\\/les-freres-dessner-au-dela-de-the-national\\\/#breadcrumb\"},\"inLanguage\":\"fr-FR\",\"potentialAction\":[{\"@type\":\"ReadAction\",\"target\":[\"https:\\\/\\\/jumeaux91.fr\\\/blog\\\/les-freres-dessner-au-dela-de-the-national\\\/\"]}]},{\"@type\":\"ImageObject\",\"inLanguage\":\"fr-FR\",\"@id\":\"https:\\\/\\\/jumeaux91.fr\\\/blog\\\/les-freres-dessner-au-dela-de-the-national\\\/#primaryimage\",\"url\":\"https:\\\/\\\/jumeaux91.fr\\\/blog\\\/wp-content\\\/uploads\\\/2024\\\/11\\\/les-freres-dessner-au-dela-de-the-national.jpg\",\"contentUrl\":\"https:\\\/\\\/jumeaux91.fr\\\/blog\\\/wp-content\\\/uploads\\\/2024\\\/11\\\/les-freres-dessner-au-dela-de-the-national.jpg\",\"width\":1190,\"height\":669,\"caption\":\"Les fr\u00e8res Dessner au del\u00e0 de The National\"},{\"@type\":\"BreadcrumbList\",\"@id\":\"https:\\\/\\\/jumeaux91.fr\\\/blog\\\/les-freres-dessner-au-dela-de-the-national\\\/#breadcrumb\",\"itemListElement\":[{\"@type\":\"ListItem\",\"position\":1,\"name\":\"Accueil\",\"item\":\"https:\\\/\\\/jumeaux91.fr\\\/blog\\\/\"},{\"@type\":\"ListItem\",\"position\":2,\"name\":\"Les fr\u00e8res Dessner au-del\u00e0 de The National\"}]},{\"@type\":\"WebSite\",\"@id\":\"https:\\\/\\\/jumeaux91.fr\\\/blog\\\/#website\",\"url\":\"https:\\\/\\\/jumeaux91.fr\\\/blog\\\/\",\"name\":\"JUMEAUX91\",\"description\":\"Fr\u00e8res jumeaux de l&#039;Essonnes; informations et archives, \u00e0 savoir et retenir.\",\"publisher\":{\"@id\":\"https:\\\/\\\/jumeaux91.fr\\\/blog\\\/#organization\"},\"potentialAction\":[{\"@type\":\"SearchAction\",\"target\":{\"@type\":\"EntryPoint\",\"urlTemplate\":\"https:\\\/\\\/jumeaux91.fr\\\/blog\\\/?s={search_term_string}\"},\"query-input\":{\"@type\":\"PropertyValueSpecification\",\"valueRequired\":true,\"valueName\":\"search_term_string\"}}],\"inLanguage\":\"fr-FR\"},{\"@type\":\"Organization\",\"@id\":\"https:\\\/\\\/jumeaux91.fr\\\/blog\\\/#organization\",\"name\":\"jumeaux91\",\"url\":\"https:\\\/\\\/jumeaux91.fr\\\/blog\\\/\",\"logo\":{\"@type\":\"ImageObject\",\"inLanguage\":\"fr-FR\",\"@id\":\"https:\\\/\\\/jumeaux91.fr\\\/blog\\\/#\\\/schema\\\/logo\\\/image\\\/\",\"url\":\"https:\\\/\\\/jumeaux91.fr\\\/blog\\\/wp-content\\\/uploads\\\/2023\\\/05\\\/cropped-cropped-logoJ_91.png\",\"contentUrl\":\"https:\\\/\\\/jumeaux91.fr\\\/blog\\\/wp-content\\\/uploads\\\/2023\\\/05\\\/cropped-cropped-logoJ_91.png\",\"width\":512,\"height\":512,\"caption\":\"jumeaux91\"},\"image\":{\"@id\":\"https:\\\/\\\/jumeaux91.fr\\\/blog\\\/#\\\/schema\\\/logo\\\/image\\\/\"}},{\"@type\":\"Person\",\"@id\":\"https:\\\/\\\/jumeaux91.fr\\\/blog\\\/#\\\/schema\\\/person\\\/21da06e9f119b9f64e5d45dbbd32d3fb\",\"name\":\"Claude DAYRES\",\"image\":{\"@type\":\"ImageObject\",\"inLanguage\":\"fr-FR\",\"@id\":\"https:\\\/\\\/secure.gravatar.com\\\/avatar\\\/82eb951df6110a2c48d1bfa7a67d1ee6f0cd5df3cbf9c3586dd61e82db7172a5?s=96&d=mm&r=g\",\"url\":\"https:\\\/\\\/secure.gravatar.com\\\/avatar\\\/82eb951df6110a2c48d1bfa7a67d1ee6f0cd5df3cbf9c3586dd61e82db7172a5?s=96&d=mm&r=g\",\"contentUrl\":\"https:\\\/\\\/secure.gravatar.com\\\/avatar\\\/82eb951df6110a2c48d1bfa7a67d1ee6f0cd5df3cbf9c3586dd61e82db7172a5?s=96&d=mm&r=g\",\"caption\":\"Claude DAYRES\"},\"url\":\"https:\\\/\\\/jumeaux91.fr\\\/blog\\\/author\\\/x91claude\\\/\"}]}<\/script>\n<!-- \/ Yoast SEO plugin. -->","yoast_head_json":{"title":"Les fr\u00e8res Dessner au-del\u00e0 de The National - JUMEAUX91","robots":{"index":"index","follow":"follow","max-snippet":"max-snippet:-1","max-image-preview":"max-image-preview:large","max-video-preview":"max-video-preview:-1"},"canonical":"https:\/\/jumeaux91.fr\/blog\/les-freres-dessner-au-dela-de-the-national\/","og_locale":"fr_FR","og_type":"article","og_title":"Les fr\u00e8res Dessner au-del\u00e0 de The National - JUMEAUX91","og_description":"Un groupe de rock compos\u00e9 de deux fr\u00e8res&nbsp;? C\u2019est devenu un lieu commun. Mais The National pousse le concept en comprenant deux paires de fr\u00e8res dont deux guitaristes jumeaux qui poursuivent en parall\u00e8le une carri\u00e8re impressionnante. Bryce et Aaron Dessner sont n\u00e9s le 23 avril 1976 \u00e0 Cincinnati dans une famille tr\u00e8s port\u00e9e sur la&hellip; Poursuivre la lecture Les fr\u00e8res Dessner au-del\u00e0 de The National","og_url":"https:\/\/jumeaux91.fr\/blog\/les-freres-dessner-au-dela-de-the-national\/","og_site_name":"JUMEAUX91","article_published_time":"2024-11-05T13:29:00+00:00","og_image":[{"url":"https:\/\/jumeaux91.fr\/blog\/wp-content\/uploads\/2024\/11\/les-freres-dessner-au-dela-de-the-national.jpg","type":"","width":"","height":""}],"author":"Claude DAYRES","twitter_card":"summary_large_image","twitter_misc":{"\u00c9crit par":"Claude DAYRES","Dur\u00e9e de lecture estim\u00e9e":"3 minutes"},"schema":{"@context":"https:\/\/schema.org","@graph":[{"@type":"Article","@id":"https:\/\/jumeaux91.fr\/blog\/les-freres-dessner-au-dela-de-the-national\/#article","isPartOf":{"@id":"https:\/\/jumeaux91.fr\/blog\/les-freres-dessner-au-dela-de-the-national\/"},"author":{"name":"Claude DAYRES","@id":"https:\/\/jumeaux91.fr\/blog\/#\/schema\/person\/21da06e9f119b9f64e5d45dbbd32d3fb"},"headline":"Les fr\u00e8res Dessner au-del\u00e0 de The National","datePublished":"2024-11-05T13:29:00+00:00","mainEntityOfPage":{"@id":"https:\/\/jumeaux91.fr\/blog\/les-freres-dessner-au-dela-de-the-national\/"},"wordCount":577,"publisher":{"@id":"https:\/\/jumeaux91.fr\/blog\/#organization"},"image":{"@id":"https:\/\/jumeaux91.fr\/blog\/les-freres-dessner-au-dela-de-the-national\/#primaryimage"},"thumbnailUrl":"https:\/\/jumeaux91.fr\/blog\/wp-content\/uploads\/2024\/11\/les-freres-dessner-au-dela-de-the-national.jpg","articleSection":["Posts Fr\u00e8res Jumeaux De L'Essonnes:"],"inLanguage":"fr-FR"},{"@type":"WebPage","@id":"https:\/\/jumeaux91.fr\/blog\/les-freres-dessner-au-dela-de-the-national\/","url":"https:\/\/jumeaux91.fr\/blog\/les-freres-dessner-au-dela-de-the-national\/","name":"Les fr\u00e8res Dessner au-del\u00e0 de The National - JUMEAUX91","isPartOf":{"@id":"https:\/\/jumeaux91.fr\/blog\/#website"},"primaryImageOfPage":{"@id":"https:\/\/jumeaux91.fr\/blog\/les-freres-dessner-au-dela-de-the-national\/#primaryimage"},"image":{"@id":"https:\/\/jumeaux91.fr\/blog\/les-freres-dessner-au-dela-de-the-national\/#primaryimage"},"thumbnailUrl":"https:\/\/jumeaux91.fr\/blog\/wp-content\/uploads\/2024\/11\/les-freres-dessner-au-dela-de-the-national.jpg","datePublished":"2024-11-05T13:29:00+00:00","breadcrumb":{"@id":"https:\/\/jumeaux91.fr\/blog\/les-freres-dessner-au-dela-de-the-national\/#breadcrumb"},"inLanguage":"fr-FR","potentialAction":[{"@type":"ReadAction","target":["https:\/\/jumeaux91.fr\/blog\/les-freres-dessner-au-dela-de-the-national\/"]}]},{"@type":"ImageObject","inLanguage":"fr-FR","@id":"https:\/\/jumeaux91.fr\/blog\/les-freres-dessner-au-dela-de-the-national\/#primaryimage","url":"https:\/\/jumeaux91.fr\/blog\/wp-content\/uploads\/2024\/11\/les-freres-dessner-au-dela-de-the-national.jpg","contentUrl":"https:\/\/jumeaux91.fr\/blog\/wp-content\/uploads\/2024\/11\/les-freres-dessner-au-dela-de-the-national.jpg","width":1190,"height":669,"caption":"Les fr\u00e8res Dessner au del\u00e0 de The National"},{"@type":"BreadcrumbList","@id":"https:\/\/jumeaux91.fr\/blog\/les-freres-dessner-au-dela-de-the-national\/#breadcrumb","itemListElement":[{"@type":"ListItem","position":1,"name":"Accueil","item":"https:\/\/jumeaux91.fr\/blog\/"},{"@type":"ListItem","position":2,"name":"Les fr\u00e8res Dessner au-del\u00e0 de The National"}]},{"@type":"WebSite","@id":"https:\/\/jumeaux91.fr\/blog\/#website","url":"https:\/\/jumeaux91.fr\/blog\/","name":"JUMEAUX91","description":"Fr\u00e8res jumeaux de l&#039;Essonnes; informations et archives, \u00e0 savoir et retenir.","publisher":{"@id":"https:\/\/jumeaux91.fr\/blog\/#organization"},"potentialAction":[{"@type":"SearchAction","target":{"@type":"EntryPoint","urlTemplate":"https:\/\/jumeaux91.fr\/blog\/?s={search_term_string}"},"query-input":{"@type":"PropertyValueSpecification","valueRequired":true,"valueName":"search_term_string"}}],"inLanguage":"fr-FR"},{"@type":"Organization","@id":"https:\/\/jumeaux91.fr\/blog\/#organization","name":"jumeaux91","url":"https:\/\/jumeaux91.fr\/blog\/","logo":{"@type":"ImageObject","inLanguage":"fr-FR","@id":"https:\/\/jumeaux91.fr\/blog\/#\/schema\/logo\/image\/","url":"https:\/\/jumeaux91.fr\/blog\/wp-content\/uploads\/2023\/05\/cropped-cropped-logoJ_91.png","contentUrl":"https:\/\/jumeaux91.fr\/blog\/wp-content\/uploads\/2023\/05\/cropped-cropped-logoJ_91.png","width":512,"height":512,"caption":"jumeaux91"},"image":{"@id":"https:\/\/jumeaux91.fr\/blog\/#\/schema\/logo\/image\/"}},{"@type":"Person","@id":"https:\/\/jumeaux91.fr\/blog\/#\/schema\/person\/21da06e9f119b9f64e5d45dbbd32d3fb","name":"Claude DAYRES","image":{"@type":"ImageObject","inLanguage":"fr-FR","@id":"https:\/\/secure.gravatar.com\/avatar\/82eb951df6110a2c48d1bfa7a67d1ee6f0cd5df3cbf9c3586dd61e82db7172a5?s=96&d=mm&r=g","url":"https:\/\/secure.gravatar.com\/avatar\/82eb951df6110a2c48d1bfa7a67d1ee6f0cd5df3cbf9c3586dd61e82db7172a5?s=96&d=mm&r=g","contentUrl":"https:\/\/secure.gravatar.com\/avatar\/82eb951df6110a2c48d1bfa7a67d1ee6f0cd5df3cbf9c3586dd61e82db7172a5?s=96&d=mm&r=g","caption":"Claude DAYRES"},"url":"https:\/\/jumeaux91.fr\/blog\/author\/x91claude\/"}]}},"_links":{"self":[{"href":"https:\/\/jumeaux91.fr\/blog\/wp-json\/wp\/v2\/posts\/893","targetHints":{"allow":["GET"]}}],"collection":[{"href":"https:\/\/jumeaux91.fr\/blog\/wp-json\/wp\/v2\/posts"}],"about":[{"href":"https:\/\/jumeaux91.fr\/blog\/wp-json\/wp\/v2\/types\/post"}],"author":[{"embeddable":true,"href":"https:\/\/jumeaux91.fr\/blog\/wp-json\/wp\/v2\/users\/2"}],"replies":[{"embeddable":true,"href":"https:\/\/jumeaux91.fr\/blog\/wp-json\/wp\/v2\/comments?post=893"}],"version-history":[{"count":0,"href":"https:\/\/jumeaux91.fr\/blog\/wp-json\/wp\/v2\/posts\/893\/revisions"}],"wp:featuredmedia":[{"embeddable":true,"href":"https:\/\/jumeaux91.fr\/blog\/wp-json\/wp\/v2\/media\/894"}],"wp:attachment":[{"href":"https:\/\/jumeaux91.fr\/blog\/wp-json\/wp\/v2\/media?parent=893"}],"wp:term":[{"taxonomy":"category","embeddable":true,"href":"https:\/\/jumeaux91.fr\/blog\/wp-json\/wp\/v2\/categories?post=893"},{"taxonomy":"post_tag","embeddable":true,"href":"https:\/\/jumeaux91.fr\/blog\/wp-json\/wp\/v2\/tags?post=893"}],"curies":[{"name":"wp","href":"https:\/\/api.w.org\/{rel}","templated":true}]}}