{"id":906,"date":"2024-11-08T17:00:00","date_gmt":"2024-11-08T16:00:00","guid":{"rendered":"https:\/\/jumeaux91.fr\/blog\/filliere-naissance-sibyle\/"},"modified":"2024-11-08T17:00:00","modified_gmt":"2024-11-08T16:00:00","slug":"filliere-naissance-sibyle","status":"publish","type":"post","link":"https:\/\/jumeaux91.fr\/blog\/filliere-naissance-sibyle\/","title":{"rendered":"Filli\u00e8re | Naissance Sibyle"},"content":{"rendered":"<div><img decoding=\"async\" src=\"https:\/\/jumeaux91.fr\/blog\/wp-content\/uploads\/2024\/11\/filliere-naissance-sibyle.jpg\" class=\"ff-og-image-inserted\"><\/div>\n<p>Le Dauphin\u00e9 Lib\u00e9r\u00e9, en tant que responsable de traitement, recueille dans ce formulaire des informations qui sont enregistr\u00e9es dans un fichier informatis\u00e9 par son Service Relations Clients, la finalit\u00e9 \u00e9tant d\u2019assurer la cr\u00e9ation et la gestion de votre compte, ainsi que des abonnements et autres services souscrits. Si vous y avez consenti, ces donn\u00e9es peuvent \u00e9galement \u00eatre utilis\u00e9es pour l\u2019envoi de newsletters et\/ou d\u2019offres promotionnelles par Le Dauphin\u00e9 Lib\u00e9r\u00e9, les soci\u00e9t\u00e9s qui lui sont affili\u00e9es et\/ou ses partenaires commerciaux. Vous pouvez exercer en permanence vos droits d\u2019acc\u00e8s, rectification, effacement, limitation, opposition, retirer votre consentement et\/ou pour toute question relative au traitement de vos donn\u00e9es \u00e0 caract\u00e8re personnel en contactant <a href=\"mailto:LDLABOWEB@ledauphine.com\" target=\"_blank\" rel=\"nofollow\">LDLABOWEB@ledauphine.com<\/a> ou consulter les liens suivants : <a href=\"https:\/\/www.ledauphine.com\/protection-des-donnees\" target=\"_blank\" rel=\"nofollow\">Protection des donn\u00e9es<\/a>, <a href=\"https:\/\/www.ledauphine.com\/espace-client\/cgu\" target=\"_blank\" rel=\"nofollow\">CGU du site<\/a> et <a href=\"https:\/\/www.ledauphine.com\/contact\" target=\"_blank\" rel=\"nofollow\">Contact<\/a>. Le D\u00e9l\u00e9gu\u00e9 \u00e0 la Protection des Donn\u00e9es personnelles (<a href=\"mailto:dpo@ebra.fr\" target=\"_blank\" rel=\"nofollow\">dpo@ebra.fr<\/a>) est en copie de toute demande relative \u00e0 vos informations personnelles.<\/p>\n<p> La chronique se veut g\u00e9n\u00e9r\u00e9e de la fa\u00e7on la plus claire que possible. Dans le cas o\u00f9 vous souhaitez pr\u00e9senter des renseignements compl\u00e9mentaires \u00e0 cet article sur le sujet \u00ab\u00a0Fr\u00e8res jumeaux de l&rsquo;Essonnes\u00a0\u00bb il vous est possible d\u2019\u00e9crire aux contacts indiqu\u00e9s sur notre website. La raison d\u2019\u00eatre de jumeaux91.fr \u00e9tant de rassembler sur le web des posts sur le sujet de Fr\u00e8res jumeaux de l&rsquo;Essonnes puis les diffuser en r\u00e9pondant au mieux aux interrogations des gens. Vous pouvez tirer profit de cet article traitant le sujet \u00ab\u00a0Fr\u00e8res jumeaux de l&rsquo;Essonnes\u00a0\u00bb. Il est concoct\u00e9 par l\u2019\u00e9quipe jumeaux91.fr. Prochainement, nous rendrons accessibles au public d&rsquo;autres informations pertinentes sur le sujet \u00ab\u00a0Fr\u00e8res jumeaux de l&rsquo;Essonnes\u00a0\u00bb. Alors, consultez syst\u00e9matiquement notre blog.<\/p>\n","protected":false},"excerpt":{"rendered":"<p>Le Dauphin\u00e9 Lib\u00e9r\u00e9, en tant que responsable de traitement, recueille dans ce formulaire des informations qui sont enregistr\u00e9es dans un fichier informatis\u00e9 par son Service Relations Clients, la finalit\u00e9 \u00e9tant d\u2019assurer la cr\u00e9ation et la gestion de votre compte, ainsi que des abonnements et autres services souscrits. Si vous y avez consenti, ces donn\u00e9es peuvent&hellip; <a class=\"more-link\" href=\"https:\/\/jumeaux91.fr\/blog\/filliere-naissance-sibyle\/\">Poursuivre la lecture <span class=\"screen-reader-text\">Filli\u00e8re | Naissance Sibyle<\/span><\/a><\/p>\n","protected":false},"author":2,"featured_media":907,"comment_status":"closed","ping_status":"closed","sticky":false,"template":"","format":"standard","meta":{"footnotes":""},"categories":[4],"tags":[],"class_list":["post-906","post","type-post","status-publish","format-standard","has-post-thumbnail","hentry","category-posts-freres-jumeaux-de-lessonnes","entry"],"yoast_head":"<!-- This site is optimized with the Yoast SEO plugin v27.5 - https:\/\/yoast.com\/product\/yoast-seo-wordpress\/ -->\n<title>Filli\u00e8re | Naissance Sibyle - JUMEAUX91<\/title>\n<meta name=\"robots\" content=\"index, follow, max-snippet:-1, max-image-preview:large, max-video-preview:-1\" \/>\n<link rel=\"canonical\" href=\"https:\/\/jumeaux91.fr\/blog\/filliere-naissance-sibyle\/\" \/>\n<meta property=\"og:locale\" content=\"fr_FR\" \/>\n<meta property=\"og:type\" content=\"article\" \/>\n<meta property=\"og:title\" content=\"Filli\u00e8re | Naissance Sibyle - JUMEAUX91\" \/>\n<meta property=\"og:description\" content=\"Le Dauphin\u00e9 Lib\u00e9r\u00e9, en tant que responsable de traitement, recueille dans ce formulaire des informations qui sont enregistr\u00e9es dans un fichier informatis\u00e9 par son Service Relations Clients, la finalit\u00e9 \u00e9tant d\u2019assurer la cr\u00e9ation et la gestion de votre compte, ainsi que des abonnements et autres services souscrits. Si vous y avez consenti, ces donn\u00e9es peuvent&hellip; Poursuivre la lecture Filli\u00e8re | Naissance Sibyle\" \/>\n<meta property=\"og:url\" content=\"https:\/\/jumeaux91.fr\/blog\/filliere-naissance-sibyle\/\" \/>\n<meta property=\"og:site_name\" content=\"JUMEAUX91\" \/>\n<meta property=\"article:published_time\" content=\"2024-11-08T16:00:00+00:00\" \/>\n<meta property=\"og:image\" content=\"https:\/\/jumeaux91.fr\/blog\/wp-content\/uploads\/2024\/11\/filliere-naissance-sibyle.jpg\" \/>\n<meta name=\"author\" content=\"Claude DAYRES\" \/>\n<meta name=\"twitter:card\" content=\"summary_large_image\" \/>\n<meta name=\"twitter:label1\" content=\"\u00c9crit par\" \/>\n\t<meta name=\"twitter:data1\" content=\"Claude DAYRES\" \/>\n\t<meta name=\"twitter:label2\" content=\"Dur\u00e9e de lecture estim\u00e9e\" \/>\n\t<meta name=\"twitter:data2\" content=\"2 minutes\" \/>\n<script type=\"application\/ld+json\" class=\"yoast-schema-graph\">{\"@context\":\"https:\\\/\\\/schema.org\",\"@graph\":[{\"@type\":\"Article\",\"@id\":\"https:\\\/\\\/jumeaux91.fr\\\/blog\\\/filliere-naissance-sibyle\\\/#article\",\"isPartOf\":{\"@id\":\"https:\\\/\\\/jumeaux91.fr\\\/blog\\\/filliere-naissance-sibyle\\\/\"},\"author\":{\"name\":\"Claude DAYRES\",\"@id\":\"https:\\\/\\\/jumeaux91.fr\\\/blog\\\/#\\\/schema\\\/person\\\/21da06e9f119b9f64e5d45dbbd32d3fb\"},\"headline\":\"Filli\u00e8re | Naissance Sibyle\",\"datePublished\":\"2024-11-08T16:00:00+00:00\",\"mainEntityOfPage\":{\"@id\":\"https:\\\/\\\/jumeaux91.fr\\\/blog\\\/filliere-naissance-sibyle\\\/\"},\"wordCount\":310,\"publisher\":{\"@id\":\"https:\\\/\\\/jumeaux91.fr\\\/blog\\\/#organization\"},\"image\":{\"@id\":\"https:\\\/\\\/jumeaux91.fr\\\/blog\\\/filliere-naissance-sibyle\\\/#primaryimage\"},\"thumbnailUrl\":\"https:\\\/\\\/jumeaux91.fr\\\/blog\\\/wp-content\\\/uploads\\\/2024\\\/11\\\/filliere-naissance-sibyle.jpg\",\"articleSection\":[\"Posts Fr\u00e8res Jumeaux De L'Essonnes:\"],\"inLanguage\":\"fr-FR\"},{\"@type\":\"WebPage\",\"@id\":\"https:\\\/\\\/jumeaux91.fr\\\/blog\\\/filliere-naissance-sibyle\\\/\",\"url\":\"https:\\\/\\\/jumeaux91.fr\\\/blog\\\/filliere-naissance-sibyle\\\/\",\"name\":\"Filli\u00e8re | Naissance Sibyle - JUMEAUX91\",\"isPartOf\":{\"@id\":\"https:\\\/\\\/jumeaux91.fr\\\/blog\\\/#website\"},\"primaryImageOfPage\":{\"@id\":\"https:\\\/\\\/jumeaux91.fr\\\/blog\\\/filliere-naissance-sibyle\\\/#primaryimage\"},\"image\":{\"@id\":\"https:\\\/\\\/jumeaux91.fr\\\/blog\\\/filliere-naissance-sibyle\\\/#primaryimage\"},\"thumbnailUrl\":\"https:\\\/\\\/jumeaux91.fr\\\/blog\\\/wp-content\\\/uploads\\\/2024\\\/11\\\/filliere-naissance-sibyle.jpg\",\"datePublished\":\"2024-11-08T16:00:00+00:00\",\"breadcrumb\":{\"@id\":\"https:\\\/\\\/jumeaux91.fr\\\/blog\\\/filliere-naissance-sibyle\\\/#breadcrumb\"},\"inLanguage\":\"fr-FR\",\"potentialAction\":[{\"@type\":\"ReadAction\",\"target\":[\"https:\\\/\\\/jumeaux91.fr\\\/blog\\\/filliere-naissance-sibyle\\\/\"]}]},{\"@type\":\"ImageObject\",\"inLanguage\":\"fr-FR\",\"@id\":\"https:\\\/\\\/jumeaux91.fr\\\/blog\\\/filliere-naissance-sibyle\\\/#primaryimage\",\"url\":\"https:\\\/\\\/jumeaux91.fr\\\/blog\\\/wp-content\\\/uploads\\\/2024\\\/11\\\/filliere-naissance-sibyle.jpg\",\"contentUrl\":\"https:\\\/\\\/jumeaux91.fr\\\/blog\\\/wp-content\\\/uploads\\\/2024\\\/11\\\/filliere-naissance-sibyle.jpg\",\"width\":1200,\"height\":630,\"caption\":\"Filli\u00e8re | Naissance Sibyle\"},{\"@type\":\"BreadcrumbList\",\"@id\":\"https:\\\/\\\/jumeaux91.fr\\\/blog\\\/filliere-naissance-sibyle\\\/#breadcrumb\",\"itemListElement\":[{\"@type\":\"ListItem\",\"position\":1,\"name\":\"Accueil\",\"item\":\"https:\\\/\\\/jumeaux91.fr\\\/blog\\\/\"},{\"@type\":\"ListItem\",\"position\":2,\"name\":\"Filli\u00e8re | Naissance Sibyle\"}]},{\"@type\":\"WebSite\",\"@id\":\"https:\\\/\\\/jumeaux91.fr\\\/blog\\\/#website\",\"url\":\"https:\\\/\\\/jumeaux91.fr\\\/blog\\\/\",\"name\":\"JUMEAUX91\",\"description\":\"Fr\u00e8res jumeaux de l&#039;Essonnes; informations et archives, \u00e0 savoir et retenir.\",\"publisher\":{\"@id\":\"https:\\\/\\\/jumeaux91.fr\\\/blog\\\/#organization\"},\"potentialAction\":[{\"@type\":\"SearchAction\",\"target\":{\"@type\":\"EntryPoint\",\"urlTemplate\":\"https:\\\/\\\/jumeaux91.fr\\\/blog\\\/?s={search_term_string}\"},\"query-input\":{\"@type\":\"PropertyValueSpecification\",\"valueRequired\":true,\"valueName\":\"search_term_string\"}}],\"inLanguage\":\"fr-FR\"},{\"@type\":\"Organization\",\"@id\":\"https:\\\/\\\/jumeaux91.fr\\\/blog\\\/#organization\",\"name\":\"jumeaux91\",\"url\":\"https:\\\/\\\/jumeaux91.fr\\\/blog\\\/\",\"logo\":{\"@type\":\"ImageObject\",\"inLanguage\":\"fr-FR\",\"@id\":\"https:\\\/\\\/jumeaux91.fr\\\/blog\\\/#\\\/schema\\\/logo\\\/image\\\/\",\"url\":\"https:\\\/\\\/jumeaux91.fr\\\/blog\\\/wp-content\\\/uploads\\\/2023\\\/05\\\/cropped-cropped-logoJ_91.png\",\"contentUrl\":\"https:\\\/\\\/jumeaux91.fr\\\/blog\\\/wp-content\\\/uploads\\\/2023\\\/05\\\/cropped-cropped-logoJ_91.png\",\"width\":512,\"height\":512,\"caption\":\"jumeaux91\"},\"image\":{\"@id\":\"https:\\\/\\\/jumeaux91.fr\\\/blog\\\/#\\\/schema\\\/logo\\\/image\\\/\"}},{\"@type\":\"Person\",\"@id\":\"https:\\\/\\\/jumeaux91.fr\\\/blog\\\/#\\\/schema\\\/person\\\/21da06e9f119b9f64e5d45dbbd32d3fb\",\"name\":\"Claude DAYRES\",\"image\":{\"@type\":\"ImageObject\",\"inLanguage\":\"fr-FR\",\"@id\":\"https:\\\/\\\/secure.gravatar.com\\\/avatar\\\/82eb951df6110a2c48d1bfa7a67d1ee6f0cd5df3cbf9c3586dd61e82db7172a5?s=96&d=mm&r=g\",\"url\":\"https:\\\/\\\/secure.gravatar.com\\\/avatar\\\/82eb951df6110a2c48d1bfa7a67d1ee6f0cd5df3cbf9c3586dd61e82db7172a5?s=96&d=mm&r=g\",\"contentUrl\":\"https:\\\/\\\/secure.gravatar.com\\\/avatar\\\/82eb951df6110a2c48d1bfa7a67d1ee6f0cd5df3cbf9c3586dd61e82db7172a5?s=96&d=mm&r=g\",\"caption\":\"Claude DAYRES\"},\"url\":\"https:\\\/\\\/jumeaux91.fr\\\/blog\\\/author\\\/x91claude\\\/\"}]}<\/script>\n<!-- \/ Yoast SEO plugin. -->","yoast_head_json":{"title":"Filli\u00e8re | Naissance Sibyle - JUMEAUX91","robots":{"index":"index","follow":"follow","max-snippet":"max-snippet:-1","max-image-preview":"max-image-preview:large","max-video-preview":"max-video-preview:-1"},"canonical":"https:\/\/jumeaux91.fr\/blog\/filliere-naissance-sibyle\/","og_locale":"fr_FR","og_type":"article","og_title":"Filli\u00e8re | Naissance Sibyle - JUMEAUX91","og_description":"Le Dauphin\u00e9 Lib\u00e9r\u00e9, en tant que responsable de traitement, recueille dans ce formulaire des informations qui sont enregistr\u00e9es dans un fichier informatis\u00e9 par son Service Relations Clients, la finalit\u00e9 \u00e9tant d\u2019assurer la cr\u00e9ation et la gestion de votre compte, ainsi que des abonnements et autres services souscrits. Si vous y avez consenti, ces donn\u00e9es peuvent&hellip; Poursuivre la lecture Filli\u00e8re | Naissance Sibyle","og_url":"https:\/\/jumeaux91.fr\/blog\/filliere-naissance-sibyle\/","og_site_name":"JUMEAUX91","article_published_time":"2024-11-08T16:00:00+00:00","og_image":[{"url":"https:\/\/jumeaux91.fr\/blog\/wp-content\/uploads\/2024\/11\/filliere-naissance-sibyle.jpg","type":"","width":"","height":""}],"author":"Claude DAYRES","twitter_card":"summary_large_image","twitter_misc":{"\u00c9crit par":"Claude DAYRES","Dur\u00e9e de lecture estim\u00e9e":"2 minutes"},"schema":{"@context":"https:\/\/schema.org","@graph":[{"@type":"Article","@id":"https:\/\/jumeaux91.fr\/blog\/filliere-naissance-sibyle\/#article","isPartOf":{"@id":"https:\/\/jumeaux91.fr\/blog\/filliere-naissance-sibyle\/"},"author":{"name":"Claude DAYRES","@id":"https:\/\/jumeaux91.fr\/blog\/#\/schema\/person\/21da06e9f119b9f64e5d45dbbd32d3fb"},"headline":"Filli\u00e8re | Naissance Sibyle","datePublished":"2024-11-08T16:00:00+00:00","mainEntityOfPage":{"@id":"https:\/\/jumeaux91.fr\/blog\/filliere-naissance-sibyle\/"},"wordCount":310,"publisher":{"@id":"https:\/\/jumeaux91.fr\/blog\/#organization"},"image":{"@id":"https:\/\/jumeaux91.fr\/blog\/filliere-naissance-sibyle\/#primaryimage"},"thumbnailUrl":"https:\/\/jumeaux91.fr\/blog\/wp-content\/uploads\/2024\/11\/filliere-naissance-sibyle.jpg","articleSection":["Posts Fr\u00e8res Jumeaux De L'Essonnes:"],"inLanguage":"fr-FR"},{"@type":"WebPage","@id":"https:\/\/jumeaux91.fr\/blog\/filliere-naissance-sibyle\/","url":"https:\/\/jumeaux91.fr\/blog\/filliere-naissance-sibyle\/","name":"Filli\u00e8re | Naissance Sibyle - JUMEAUX91","isPartOf":{"@id":"https:\/\/jumeaux91.fr\/blog\/#website"},"primaryImageOfPage":{"@id":"https:\/\/jumeaux91.fr\/blog\/filliere-naissance-sibyle\/#primaryimage"},"image":{"@id":"https:\/\/jumeaux91.fr\/blog\/filliere-naissance-sibyle\/#primaryimage"},"thumbnailUrl":"https:\/\/jumeaux91.fr\/blog\/wp-content\/uploads\/2024\/11\/filliere-naissance-sibyle.jpg","datePublished":"2024-11-08T16:00:00+00:00","breadcrumb":{"@id":"https:\/\/jumeaux91.fr\/blog\/filliere-naissance-sibyle\/#breadcrumb"},"inLanguage":"fr-FR","potentialAction":[{"@type":"ReadAction","target":["https:\/\/jumeaux91.fr\/blog\/filliere-naissance-sibyle\/"]}]},{"@type":"ImageObject","inLanguage":"fr-FR","@id":"https:\/\/jumeaux91.fr\/blog\/filliere-naissance-sibyle\/#primaryimage","url":"https:\/\/jumeaux91.fr\/blog\/wp-content\/uploads\/2024\/11\/filliere-naissance-sibyle.jpg","contentUrl":"https:\/\/jumeaux91.fr\/blog\/wp-content\/uploads\/2024\/11\/filliere-naissance-sibyle.jpg","width":1200,"height":630,"caption":"Filli\u00e8re | Naissance Sibyle"},{"@type":"BreadcrumbList","@id":"https:\/\/jumeaux91.fr\/blog\/filliere-naissance-sibyle\/#breadcrumb","itemListElement":[{"@type":"ListItem","position":1,"name":"Accueil","item":"https:\/\/jumeaux91.fr\/blog\/"},{"@type":"ListItem","position":2,"name":"Filli\u00e8re | Naissance Sibyle"}]},{"@type":"WebSite","@id":"https:\/\/jumeaux91.fr\/blog\/#website","url":"https:\/\/jumeaux91.fr\/blog\/","name":"JUMEAUX91","description":"Fr\u00e8res jumeaux de l&#039;Essonnes; informations et archives, \u00e0 savoir et retenir.","publisher":{"@id":"https:\/\/jumeaux91.fr\/blog\/#organization"},"potentialAction":[{"@type":"SearchAction","target":{"@type":"EntryPoint","urlTemplate":"https:\/\/jumeaux91.fr\/blog\/?s={search_term_string}"},"query-input":{"@type":"PropertyValueSpecification","valueRequired":true,"valueName":"search_term_string"}}],"inLanguage":"fr-FR"},{"@type":"Organization","@id":"https:\/\/jumeaux91.fr\/blog\/#organization","name":"jumeaux91","url":"https:\/\/jumeaux91.fr\/blog\/","logo":{"@type":"ImageObject","inLanguage":"fr-FR","@id":"https:\/\/jumeaux91.fr\/blog\/#\/schema\/logo\/image\/","url":"https:\/\/jumeaux91.fr\/blog\/wp-content\/uploads\/2023\/05\/cropped-cropped-logoJ_91.png","contentUrl":"https:\/\/jumeaux91.fr\/blog\/wp-content\/uploads\/2023\/05\/cropped-cropped-logoJ_91.png","width":512,"height":512,"caption":"jumeaux91"},"image":{"@id":"https:\/\/jumeaux91.fr\/blog\/#\/schema\/logo\/image\/"}},{"@type":"Person","@id":"https:\/\/jumeaux91.fr\/blog\/#\/schema\/person\/21da06e9f119b9f64e5d45dbbd32d3fb","name":"Claude DAYRES","image":{"@type":"ImageObject","inLanguage":"fr-FR","@id":"https:\/\/secure.gravatar.com\/avatar\/82eb951df6110a2c48d1bfa7a67d1ee6f0cd5df3cbf9c3586dd61e82db7172a5?s=96&d=mm&r=g","url":"https:\/\/secure.gravatar.com\/avatar\/82eb951df6110a2c48d1bfa7a67d1ee6f0cd5df3cbf9c3586dd61e82db7172a5?s=96&d=mm&r=g","contentUrl":"https:\/\/secure.gravatar.com\/avatar\/82eb951df6110a2c48d1bfa7a67d1ee6f0cd5df3cbf9c3586dd61e82db7172a5?s=96&d=mm&r=g","caption":"Claude DAYRES"},"url":"https:\/\/jumeaux91.fr\/blog\/author\/x91claude\/"}]}},"_links":{"self":[{"href":"https:\/\/jumeaux91.fr\/blog\/wp-json\/wp\/v2\/posts\/906","targetHints":{"allow":["GET"]}}],"collection":[{"href":"https:\/\/jumeaux91.fr\/blog\/wp-json\/wp\/v2\/posts"}],"about":[{"href":"https:\/\/jumeaux91.fr\/blog\/wp-json\/wp\/v2\/types\/post"}],"author":[{"embeddable":true,"href":"https:\/\/jumeaux91.fr\/blog\/wp-json\/wp\/v2\/users\/2"}],"replies":[{"embeddable":true,"href":"https:\/\/jumeaux91.fr\/blog\/wp-json\/wp\/v2\/comments?post=906"}],"version-history":[{"count":0,"href":"https:\/\/jumeaux91.fr\/blog\/wp-json\/wp\/v2\/posts\/906\/revisions"}],"wp:featuredmedia":[{"embeddable":true,"href":"https:\/\/jumeaux91.fr\/blog\/wp-json\/wp\/v2\/media\/907"}],"wp:attachment":[{"href":"https:\/\/jumeaux91.fr\/blog\/wp-json\/wp\/v2\/media?parent=906"}],"wp:term":[{"taxonomy":"category","embeddable":true,"href":"https:\/\/jumeaux91.fr\/blog\/wp-json\/wp\/v2\/categories?post=906"},{"taxonomy":"post_tag","embeddable":true,"href":"https:\/\/jumeaux91.fr\/blog\/wp-json\/wp\/v2\/tags?post=906"}],"curies":[{"name":"wp","href":"https:\/\/api.w.org\/{rel}","templated":true}]}}