{"id":923,"date":"2024-11-12T13:38:00","date_gmt":"2024-11-12T12:38:00","guid":{"rendered":"https:\/\/jumeaux91.fr\/blog\/caught-in-the-act-infidelite-cest-mon-frere-jumeau\/"},"modified":"2024-11-12T13:38:00","modified_gmt":"2024-11-12T12:38:00","slug":"caught-in-the-act-infidelite-cest-mon-frere-jumeau","status":"publish","type":"post","link":"https:\/\/jumeaux91.fr\/blog\/caught-in-the-act-infidelite-cest-mon-frere-jumeau\/","title":{"rendered":"Caught In The Act : Infid\u00e9lit\u00e9 : C&rsquo;est mon fr\u00e8re jumeau"},"content":{"rendered":"<div><img decoding=\"async\" src=\"https:\/\/jumeaux91.fr\/blog\/wp-content\/uploads\/2024\/11\/caught-in-the-act-infidelite-cest-mon-frere-jumeau.jpg\" class=\"ff-og-image-inserted\"><\/div>\n<p>Les informations recueillies sont destin\u00e9es \u00e0 CCM Benchmark Group pour vous assurer l&rsquo;envoi de votre newsletter.<\/p>\n<p>Elles seront \u00e9galement utilis\u00e9es sous r\u00e9serve des options souscrites, par CCM Benchmark Group \u00e0 des fins de ciblage publicitaire et prospection commerciale au sein du Groupe Le Figaro, ainsi qu\u2019avec nos partenaires commerciaux.<\/p>\n<p>De plus, lors de votre inscription sur ce formulaire, des donn\u00e9es personnelles (dont votre adresse email sous forme hach\u00e9e et pseudonymis\u00e9e) peuvent \u00eatre partag\u00e9es avec nos partenaires Data \u00e0 des fins de personnalisation de la publicit\u00e9 et des contenus qui vous sont propos\u00e9s. Vous trouverez le d\u00e9tail de ces informations et pouvez vous y opposer <a target=\"_blank\" href=\"https:\/\/www.ccmbenchmark.com\/donnees-personnelles-partenaires-data?origin=linter\" rel=\"nofollow\">\u00e0 tout moment<\/a><\/p>\n<p>Plus g\u00e9n\u00e9ralement, vous b\u00e9n\u00e9ficiez d&rsquo;un droit d&rsquo;acc\u00e8s et de rectification de vos donn\u00e9es personnelles, ainsi que celui d&rsquo;en demander l&rsquo;effacement dans les limites pr\u00e9vues par la loi. <\/p>\n<p>Vous pouvez \u00e9galement \u00e0 tout moment revoir vos options en mati\u00e8re de prospection commerciale et ciblage. En savoir plus sur notre <a target=\"_blank\" href=\"https:\/\/www.ccmbenchmark.com\/donnees-personnelles?origin=www.linternaute.com\" rel=\"nofollow\">politique de confidentialit\u00e9<\/a> ou notre <a target=\"_blank\" href=\"https:\/\/www.ccmbenchmark.com\/donnees-personnelles-cookie?origin=linter\" rel=\"nofollow\">politique Cookies<\/a>.<\/p>\n<p>La chronique se veut g\u00e9n\u00e9r\u00e9e de la fa\u00e7on la plus claire que possible. Dans le cas o\u00f9 vous souhaitez pr\u00e9senter des renseignements compl\u00e9mentaires \u00e0 cet article sur le sujet \u00ab\u00a0Fr\u00e8res jumeaux de l&rsquo;Essonnes\u00a0\u00bb il vous est possible d\u2019\u00e9crire aux contacts indiqu\u00e9s sur notre website. La raison d\u2019\u00eatre de jumeaux91.fr \u00e9tant de rassembler sur le web des posts sur le sujet de Fr\u00e8res jumeaux de l&rsquo;Essonnes puis les diffuser en r\u00e9pondant au mieux aux interrogations des gens. Vous pouvez tirer profit de cet article traitant le sujet \u00ab\u00a0Fr\u00e8res jumeaux de l&rsquo;Essonnes\u00a0\u00bb. Il est concoct\u00e9 par l\u2019\u00e9quipe jumeaux91.fr. Prochainement, nous rendrons accessibles au public d&rsquo;autres informations pertinentes sur le sujet \u00ab\u00a0Fr\u00e8res jumeaux de l&rsquo;Essonnes\u00a0\u00bb. Alors, consultez syst\u00e9matiquement notre blog.<\/p>\n","protected":false},"excerpt":{"rendered":"<p>Les informations recueillies sont destin\u00e9es \u00e0 CCM Benchmark Group pour vous assurer l&rsquo;envoi de votre newsletter. Elles seront \u00e9galement utilis\u00e9es sous r\u00e9serve des options souscrites, par CCM Benchmark Group \u00e0 des fins de ciblage publicitaire et prospection commerciale au sein du Groupe Le Figaro, ainsi qu\u2019avec nos partenaires commerciaux. De plus, lors de votre inscription&hellip; <a class=\"more-link\" href=\"https:\/\/jumeaux91.fr\/blog\/caught-in-the-act-infidelite-cest-mon-frere-jumeau\/\">Poursuivre la lecture <span class=\"screen-reader-text\">Caught In The Act : Infid\u00e9lit\u00e9 : C&rsquo;est mon fr\u00e8re jumeau<\/span><\/a><\/p>\n","protected":false},"author":2,"featured_media":924,"comment_status":"closed","ping_status":"closed","sticky":false,"template":"","format":"standard","meta":{"footnotes":""},"categories":[4],"tags":[],"class_list":["post-923","post","type-post","status-publish","format-standard","has-post-thumbnail","hentry","category-posts-freres-jumeaux-de-lessonnes","entry"],"yoast_head":"<!-- This site is optimized with the Yoast SEO plugin v27.5 - https:\/\/yoast.com\/product\/yoast-seo-wordpress\/ -->\n<title>Caught In The Act : Infid\u00e9lit\u00e9 : C&#039;est mon fr\u00e8re jumeau - JUMEAUX91<\/title>\n<meta name=\"robots\" content=\"index, follow, max-snippet:-1, max-image-preview:large, max-video-preview:-1\" \/>\n<link rel=\"canonical\" href=\"https:\/\/jumeaux91.fr\/blog\/caught-in-the-act-infidelite-cest-mon-frere-jumeau\/\" \/>\n<meta property=\"og:locale\" content=\"fr_FR\" \/>\n<meta property=\"og:type\" content=\"article\" \/>\n<meta property=\"og:title\" content=\"Caught In The Act : Infid\u00e9lit\u00e9 : C&#039;est mon fr\u00e8re jumeau - JUMEAUX91\" \/>\n<meta property=\"og:description\" content=\"Les informations recueillies sont destin\u00e9es \u00e0 CCM Benchmark Group pour vous assurer l&rsquo;envoi de votre newsletter. Elles seront \u00e9galement utilis\u00e9es sous r\u00e9serve des options souscrites, par CCM Benchmark Group \u00e0 des fins de ciblage publicitaire et prospection commerciale au sein du Groupe Le Figaro, ainsi qu\u2019avec nos partenaires commerciaux. De plus, lors de votre inscription&hellip; Poursuivre la lecture Caught In The Act : Infid\u00e9lit\u00e9 : C&rsquo;est mon fr\u00e8re jumeau\" \/>\n<meta property=\"og:url\" content=\"https:\/\/jumeaux91.fr\/blog\/caught-in-the-act-infidelite-cest-mon-frere-jumeau\/\" \/>\n<meta property=\"og:site_name\" content=\"JUMEAUX91\" \/>\n<meta property=\"article:published_time\" content=\"2024-11-12T12:38:00+00:00\" \/>\n<meta property=\"og:image\" content=\"https:\/\/jumeaux91.fr\/blog\/wp-content\/uploads\/2024\/11\/caught-in-the-act-infidelite-cest-mon-frere-jumeau.jpg\" \/>\n<meta name=\"author\" content=\"Claude DAYRES\" \/>\n<meta name=\"twitter:card\" content=\"summary_large_image\" \/>\n<meta name=\"twitter:label1\" content=\"\u00c9crit par\" \/>\n\t<meta name=\"twitter:data1\" content=\"Claude DAYRES\" \/>\n\t<meta name=\"twitter:label2\" content=\"Dur\u00e9e de lecture estim\u00e9e\" \/>\n\t<meta name=\"twitter:data2\" content=\"2 minutes\" \/>\n<script type=\"application\/ld+json\" class=\"yoast-schema-graph\">{\"@context\":\"https:\\\/\\\/schema.org\",\"@graph\":[{\"@type\":\"Article\",\"@id\":\"https:\\\/\\\/jumeaux91.fr\\\/blog\\\/caught-in-the-act-infidelite-cest-mon-frere-jumeau\\\/#article\",\"isPartOf\":{\"@id\":\"https:\\\/\\\/jumeaux91.fr\\\/blog\\\/caught-in-the-act-infidelite-cest-mon-frere-jumeau\\\/\"},\"author\":{\"name\":\"Claude DAYRES\",\"@id\":\"https:\\\/\\\/jumeaux91.fr\\\/blog\\\/#\\\/schema\\\/person\\\/21da06e9f119b9f64e5d45dbbd32d3fb\"},\"headline\":\"Caught In The Act : Infid\u00e9lit\u00e9 : C&rsquo;est mon fr\u00e8re jumeau\",\"datePublished\":\"2024-11-12T12:38:00+00:00\",\"mainEntityOfPage\":{\"@id\":\"https:\\\/\\\/jumeaux91.fr\\\/blog\\\/caught-in-the-act-infidelite-cest-mon-frere-jumeau\\\/\"},\"wordCount\":331,\"publisher\":{\"@id\":\"https:\\\/\\\/jumeaux91.fr\\\/blog\\\/#organization\"},\"image\":{\"@id\":\"https:\\\/\\\/jumeaux91.fr\\\/blog\\\/caught-in-the-act-infidelite-cest-mon-frere-jumeau\\\/#primaryimage\"},\"thumbnailUrl\":\"https:\\\/\\\/jumeaux91.fr\\\/blog\\\/wp-content\\\/uploads\\\/2024\\\/11\\\/caught-in-the-act-infidelite-cest-mon-frere-jumeau.jpg\",\"articleSection\":[\"Posts Fr\u00e8res Jumeaux De L'Essonnes:\"],\"inLanguage\":\"fr-FR\"},{\"@type\":\"WebPage\",\"@id\":\"https:\\\/\\\/jumeaux91.fr\\\/blog\\\/caught-in-the-act-infidelite-cest-mon-frere-jumeau\\\/\",\"url\":\"https:\\\/\\\/jumeaux91.fr\\\/blog\\\/caught-in-the-act-infidelite-cest-mon-frere-jumeau\\\/\",\"name\":\"Caught In The Act : Infid\u00e9lit\u00e9 : C'est mon fr\u00e8re jumeau - JUMEAUX91\",\"isPartOf\":{\"@id\":\"https:\\\/\\\/jumeaux91.fr\\\/blog\\\/#website\"},\"primaryImageOfPage\":{\"@id\":\"https:\\\/\\\/jumeaux91.fr\\\/blog\\\/caught-in-the-act-infidelite-cest-mon-frere-jumeau\\\/#primaryimage\"},\"image\":{\"@id\":\"https:\\\/\\\/jumeaux91.fr\\\/blog\\\/caught-in-the-act-infidelite-cest-mon-frere-jumeau\\\/#primaryimage\"},\"thumbnailUrl\":\"https:\\\/\\\/jumeaux91.fr\\\/blog\\\/wp-content\\\/uploads\\\/2024\\\/11\\\/caught-in-the-act-infidelite-cest-mon-frere-jumeau.jpg\",\"datePublished\":\"2024-11-12T12:38:00+00:00\",\"breadcrumb\":{\"@id\":\"https:\\\/\\\/jumeaux91.fr\\\/blog\\\/caught-in-the-act-infidelite-cest-mon-frere-jumeau\\\/#breadcrumb\"},\"inLanguage\":\"fr-FR\",\"potentialAction\":[{\"@type\":\"ReadAction\",\"target\":[\"https:\\\/\\\/jumeaux91.fr\\\/blog\\\/caught-in-the-act-infidelite-cest-mon-frere-jumeau\\\/\"]}]},{\"@type\":\"ImageObject\",\"inLanguage\":\"fr-FR\",\"@id\":\"https:\\\/\\\/jumeaux91.fr\\\/blog\\\/caught-in-the-act-infidelite-cest-mon-frere-jumeau\\\/#primaryimage\",\"url\":\"https:\\\/\\\/jumeaux91.fr\\\/blog\\\/wp-content\\\/uploads\\\/2024\\\/11\\\/caught-in-the-act-infidelite-cest-mon-frere-jumeau.jpg\",\"contentUrl\":\"https:\\\/\\\/jumeaux91.fr\\\/blog\\\/wp-content\\\/uploads\\\/2024\\\/11\\\/caught-in-the-act-infidelite-cest-mon-frere-jumeau.jpg\",\"width\":200,\"height\":155,\"caption\":\"Caught In The Act : Infid\u00e9lit\u00e9 : C'est mon fr\u00e8re jumeau\"},{\"@type\":\"BreadcrumbList\",\"@id\":\"https:\\\/\\\/jumeaux91.fr\\\/blog\\\/caught-in-the-act-infidelite-cest-mon-frere-jumeau\\\/#breadcrumb\",\"itemListElement\":[{\"@type\":\"ListItem\",\"position\":1,\"name\":\"Accueil\",\"item\":\"https:\\\/\\\/jumeaux91.fr\\\/blog\\\/\"},{\"@type\":\"ListItem\",\"position\":2,\"name\":\"Caught In The Act : Infid\u00e9lit\u00e9 : C&rsquo;est mon fr\u00e8re jumeau\"}]},{\"@type\":\"WebSite\",\"@id\":\"https:\\\/\\\/jumeaux91.fr\\\/blog\\\/#website\",\"url\":\"https:\\\/\\\/jumeaux91.fr\\\/blog\\\/\",\"name\":\"JUMEAUX91\",\"description\":\"Fr\u00e8res jumeaux de l&#039;Essonnes; informations et archives, \u00e0 savoir et retenir.\",\"publisher\":{\"@id\":\"https:\\\/\\\/jumeaux91.fr\\\/blog\\\/#organization\"},\"potentialAction\":[{\"@type\":\"SearchAction\",\"target\":{\"@type\":\"EntryPoint\",\"urlTemplate\":\"https:\\\/\\\/jumeaux91.fr\\\/blog\\\/?s={search_term_string}\"},\"query-input\":{\"@type\":\"PropertyValueSpecification\",\"valueRequired\":true,\"valueName\":\"search_term_string\"}}],\"inLanguage\":\"fr-FR\"},{\"@type\":\"Organization\",\"@id\":\"https:\\\/\\\/jumeaux91.fr\\\/blog\\\/#organization\",\"name\":\"jumeaux91\",\"url\":\"https:\\\/\\\/jumeaux91.fr\\\/blog\\\/\",\"logo\":{\"@type\":\"ImageObject\",\"inLanguage\":\"fr-FR\",\"@id\":\"https:\\\/\\\/jumeaux91.fr\\\/blog\\\/#\\\/schema\\\/logo\\\/image\\\/\",\"url\":\"https:\\\/\\\/jumeaux91.fr\\\/blog\\\/wp-content\\\/uploads\\\/2023\\\/05\\\/cropped-cropped-logoJ_91.png\",\"contentUrl\":\"https:\\\/\\\/jumeaux91.fr\\\/blog\\\/wp-content\\\/uploads\\\/2023\\\/05\\\/cropped-cropped-logoJ_91.png\",\"width\":512,\"height\":512,\"caption\":\"jumeaux91\"},\"image\":{\"@id\":\"https:\\\/\\\/jumeaux91.fr\\\/blog\\\/#\\\/schema\\\/logo\\\/image\\\/\"}},{\"@type\":\"Person\",\"@id\":\"https:\\\/\\\/jumeaux91.fr\\\/blog\\\/#\\\/schema\\\/person\\\/21da06e9f119b9f64e5d45dbbd32d3fb\",\"name\":\"Claude DAYRES\",\"image\":{\"@type\":\"ImageObject\",\"inLanguage\":\"fr-FR\",\"@id\":\"https:\\\/\\\/secure.gravatar.com\\\/avatar\\\/82eb951df6110a2c48d1bfa7a67d1ee6f0cd5df3cbf9c3586dd61e82db7172a5?s=96&d=mm&r=g\",\"url\":\"https:\\\/\\\/secure.gravatar.com\\\/avatar\\\/82eb951df6110a2c48d1bfa7a67d1ee6f0cd5df3cbf9c3586dd61e82db7172a5?s=96&d=mm&r=g\",\"contentUrl\":\"https:\\\/\\\/secure.gravatar.com\\\/avatar\\\/82eb951df6110a2c48d1bfa7a67d1ee6f0cd5df3cbf9c3586dd61e82db7172a5?s=96&d=mm&r=g\",\"caption\":\"Claude DAYRES\"},\"url\":\"https:\\\/\\\/jumeaux91.fr\\\/blog\\\/author\\\/x91claude\\\/\"}]}<\/script>\n<!-- \/ Yoast SEO plugin. -->","yoast_head_json":{"title":"Caught In The Act : Infid\u00e9lit\u00e9 : C'est mon fr\u00e8re jumeau - JUMEAUX91","robots":{"index":"index","follow":"follow","max-snippet":"max-snippet:-1","max-image-preview":"max-image-preview:large","max-video-preview":"max-video-preview:-1"},"canonical":"https:\/\/jumeaux91.fr\/blog\/caught-in-the-act-infidelite-cest-mon-frere-jumeau\/","og_locale":"fr_FR","og_type":"article","og_title":"Caught In The Act : Infid\u00e9lit\u00e9 : C'est mon fr\u00e8re jumeau - JUMEAUX91","og_description":"Les informations recueillies sont destin\u00e9es \u00e0 CCM Benchmark Group pour vous assurer l&rsquo;envoi de votre newsletter. Elles seront \u00e9galement utilis\u00e9es sous r\u00e9serve des options souscrites, par CCM Benchmark Group \u00e0 des fins de ciblage publicitaire et prospection commerciale au sein du Groupe Le Figaro, ainsi qu\u2019avec nos partenaires commerciaux. De plus, lors de votre inscription&hellip; Poursuivre la lecture Caught In The Act : Infid\u00e9lit\u00e9 : C&rsquo;est mon fr\u00e8re jumeau","og_url":"https:\/\/jumeaux91.fr\/blog\/caught-in-the-act-infidelite-cest-mon-frere-jumeau\/","og_site_name":"JUMEAUX91","article_published_time":"2024-11-12T12:38:00+00:00","og_image":[{"url":"https:\/\/jumeaux91.fr\/blog\/wp-content\/uploads\/2024\/11\/caught-in-the-act-infidelite-cest-mon-frere-jumeau.jpg","type":"","width":"","height":""}],"author":"Claude DAYRES","twitter_card":"summary_large_image","twitter_misc":{"\u00c9crit par":"Claude DAYRES","Dur\u00e9e de lecture estim\u00e9e":"2 minutes"},"schema":{"@context":"https:\/\/schema.org","@graph":[{"@type":"Article","@id":"https:\/\/jumeaux91.fr\/blog\/caught-in-the-act-infidelite-cest-mon-frere-jumeau\/#article","isPartOf":{"@id":"https:\/\/jumeaux91.fr\/blog\/caught-in-the-act-infidelite-cest-mon-frere-jumeau\/"},"author":{"name":"Claude DAYRES","@id":"https:\/\/jumeaux91.fr\/blog\/#\/schema\/person\/21da06e9f119b9f64e5d45dbbd32d3fb"},"headline":"Caught In The Act : Infid\u00e9lit\u00e9 : C&rsquo;est mon fr\u00e8re jumeau","datePublished":"2024-11-12T12:38:00+00:00","mainEntityOfPage":{"@id":"https:\/\/jumeaux91.fr\/blog\/caught-in-the-act-infidelite-cest-mon-frere-jumeau\/"},"wordCount":331,"publisher":{"@id":"https:\/\/jumeaux91.fr\/blog\/#organization"},"image":{"@id":"https:\/\/jumeaux91.fr\/blog\/caught-in-the-act-infidelite-cest-mon-frere-jumeau\/#primaryimage"},"thumbnailUrl":"https:\/\/jumeaux91.fr\/blog\/wp-content\/uploads\/2024\/11\/caught-in-the-act-infidelite-cest-mon-frere-jumeau.jpg","articleSection":["Posts Fr\u00e8res Jumeaux De L'Essonnes:"],"inLanguage":"fr-FR"},{"@type":"WebPage","@id":"https:\/\/jumeaux91.fr\/blog\/caught-in-the-act-infidelite-cest-mon-frere-jumeau\/","url":"https:\/\/jumeaux91.fr\/blog\/caught-in-the-act-infidelite-cest-mon-frere-jumeau\/","name":"Caught In The Act : Infid\u00e9lit\u00e9 : C'est mon fr\u00e8re jumeau - JUMEAUX91","isPartOf":{"@id":"https:\/\/jumeaux91.fr\/blog\/#website"},"primaryImageOfPage":{"@id":"https:\/\/jumeaux91.fr\/blog\/caught-in-the-act-infidelite-cest-mon-frere-jumeau\/#primaryimage"},"image":{"@id":"https:\/\/jumeaux91.fr\/blog\/caught-in-the-act-infidelite-cest-mon-frere-jumeau\/#primaryimage"},"thumbnailUrl":"https:\/\/jumeaux91.fr\/blog\/wp-content\/uploads\/2024\/11\/caught-in-the-act-infidelite-cest-mon-frere-jumeau.jpg","datePublished":"2024-11-12T12:38:00+00:00","breadcrumb":{"@id":"https:\/\/jumeaux91.fr\/blog\/caught-in-the-act-infidelite-cest-mon-frere-jumeau\/#breadcrumb"},"inLanguage":"fr-FR","potentialAction":[{"@type":"ReadAction","target":["https:\/\/jumeaux91.fr\/blog\/caught-in-the-act-infidelite-cest-mon-frere-jumeau\/"]}]},{"@type":"ImageObject","inLanguage":"fr-FR","@id":"https:\/\/jumeaux91.fr\/blog\/caught-in-the-act-infidelite-cest-mon-frere-jumeau\/#primaryimage","url":"https:\/\/jumeaux91.fr\/blog\/wp-content\/uploads\/2024\/11\/caught-in-the-act-infidelite-cest-mon-frere-jumeau.jpg","contentUrl":"https:\/\/jumeaux91.fr\/blog\/wp-content\/uploads\/2024\/11\/caught-in-the-act-infidelite-cest-mon-frere-jumeau.jpg","width":200,"height":155,"caption":"Caught In The Act : Infid\u00e9lit\u00e9 : C'est mon fr\u00e8re jumeau"},{"@type":"BreadcrumbList","@id":"https:\/\/jumeaux91.fr\/blog\/caught-in-the-act-infidelite-cest-mon-frere-jumeau\/#breadcrumb","itemListElement":[{"@type":"ListItem","position":1,"name":"Accueil","item":"https:\/\/jumeaux91.fr\/blog\/"},{"@type":"ListItem","position":2,"name":"Caught In The Act : Infid\u00e9lit\u00e9 : C&rsquo;est mon fr\u00e8re jumeau"}]},{"@type":"WebSite","@id":"https:\/\/jumeaux91.fr\/blog\/#website","url":"https:\/\/jumeaux91.fr\/blog\/","name":"JUMEAUX91","description":"Fr\u00e8res jumeaux de l&#039;Essonnes; informations et archives, \u00e0 savoir et retenir.","publisher":{"@id":"https:\/\/jumeaux91.fr\/blog\/#organization"},"potentialAction":[{"@type":"SearchAction","target":{"@type":"EntryPoint","urlTemplate":"https:\/\/jumeaux91.fr\/blog\/?s={search_term_string}"},"query-input":{"@type":"PropertyValueSpecification","valueRequired":true,"valueName":"search_term_string"}}],"inLanguage":"fr-FR"},{"@type":"Organization","@id":"https:\/\/jumeaux91.fr\/blog\/#organization","name":"jumeaux91","url":"https:\/\/jumeaux91.fr\/blog\/","logo":{"@type":"ImageObject","inLanguage":"fr-FR","@id":"https:\/\/jumeaux91.fr\/blog\/#\/schema\/logo\/image\/","url":"https:\/\/jumeaux91.fr\/blog\/wp-content\/uploads\/2023\/05\/cropped-cropped-logoJ_91.png","contentUrl":"https:\/\/jumeaux91.fr\/blog\/wp-content\/uploads\/2023\/05\/cropped-cropped-logoJ_91.png","width":512,"height":512,"caption":"jumeaux91"},"image":{"@id":"https:\/\/jumeaux91.fr\/blog\/#\/schema\/logo\/image\/"}},{"@type":"Person","@id":"https:\/\/jumeaux91.fr\/blog\/#\/schema\/person\/21da06e9f119b9f64e5d45dbbd32d3fb","name":"Claude DAYRES","image":{"@type":"ImageObject","inLanguage":"fr-FR","@id":"https:\/\/secure.gravatar.com\/avatar\/82eb951df6110a2c48d1bfa7a67d1ee6f0cd5df3cbf9c3586dd61e82db7172a5?s=96&d=mm&r=g","url":"https:\/\/secure.gravatar.com\/avatar\/82eb951df6110a2c48d1bfa7a67d1ee6f0cd5df3cbf9c3586dd61e82db7172a5?s=96&d=mm&r=g","contentUrl":"https:\/\/secure.gravatar.com\/avatar\/82eb951df6110a2c48d1bfa7a67d1ee6f0cd5df3cbf9c3586dd61e82db7172a5?s=96&d=mm&r=g","caption":"Claude DAYRES"},"url":"https:\/\/jumeaux91.fr\/blog\/author\/x91claude\/"}]}},"_links":{"self":[{"href":"https:\/\/jumeaux91.fr\/blog\/wp-json\/wp\/v2\/posts\/923","targetHints":{"allow":["GET"]}}],"collection":[{"href":"https:\/\/jumeaux91.fr\/blog\/wp-json\/wp\/v2\/posts"}],"about":[{"href":"https:\/\/jumeaux91.fr\/blog\/wp-json\/wp\/v2\/types\/post"}],"author":[{"embeddable":true,"href":"https:\/\/jumeaux91.fr\/blog\/wp-json\/wp\/v2\/users\/2"}],"replies":[{"embeddable":true,"href":"https:\/\/jumeaux91.fr\/blog\/wp-json\/wp\/v2\/comments?post=923"}],"version-history":[{"count":0,"href":"https:\/\/jumeaux91.fr\/blog\/wp-json\/wp\/v2\/posts\/923\/revisions"}],"wp:featuredmedia":[{"embeddable":true,"href":"https:\/\/jumeaux91.fr\/blog\/wp-json\/wp\/v2\/media\/924"}],"wp:attachment":[{"href":"https:\/\/jumeaux91.fr\/blog\/wp-json\/wp\/v2\/media?parent=923"}],"wp:term":[{"taxonomy":"category","embeddable":true,"href":"https:\/\/jumeaux91.fr\/blog\/wp-json\/wp\/v2\/categories?post=923"},{"taxonomy":"post_tag","embeddable":true,"href":"https:\/\/jumeaux91.fr\/blog\/wp-json\/wp\/v2\/tags?post=923"}],"curies":[{"name":"wp","href":"https:\/\/api.w.org\/{rel}","templated":true}]}}