{"id":927,"date":"2024-11-10T23:33:00","date_gmt":"2024-11-10T22:33:00","guid":{"rendered":"https:\/\/jumeaux91.fr\/blog\/jusqua-la-mort-de-mon-frere-jumeau-la-confidence-emouvante-demmanuel-moire-dans-un-dimanche-a-la-campagne-video\/"},"modified":"2024-11-10T23:33:00","modified_gmt":"2024-11-10T22:33:00","slug":"jusqua-la-mort-de-mon-frere-jumeau-la-confidence-emouvante-demmanuel-moire-dans-un-dimanche-a-la-campagne-video","status":"publish","type":"post","link":"https:\/\/jumeaux91.fr\/blog\/jusqua-la-mort-de-mon-frere-jumeau-la-confidence-emouvante-demmanuel-moire-dans-un-dimanche-a-la-campagne-video\/","title":{"rendered":"\u00ab\u00a0Jusqu&rsquo;\u00e0 la mort de mon fr\u00e8re jumeau&#8230;\u00a0\u00bb : la confidence \u00e9mouvante d&rsquo;Emmanuel Moire dans Un dimanche \u00e0 la campagne (VIDEO)"},"content":{"rendered":"<div><img decoding=\"async\" src=\"https:\/\/jumeaux91.fr\/blog\/wp-content\/uploads\/2024\/11\/jusqua-la-mort-de-mon-frere-jumeau-la-confidence-emouvante-demmanuel-moire-dans-un-dimanche-a-la-campagne-video.jpg\" class=\"ff-og-image-inserted\"><\/div>\n<p>Emmanuel Moire \u00e9tait l&rsquo;un des invit\u00e9s de Fr\u00e9d\u00e9ric Lopez ce 10 novembre dans <i>Un dimanche \u00e0 la campagne<\/i>. \u00c0 la fin de l&rsquo;\u00e9mission, l&rsquo;animateur est revenu sur l&rsquo;histoire du deuxi\u00e8me album <i>\u00c9quilibre<\/i> <a href=\"https:\/\/www.programme-television.org\/news\/musique\/artistes\/j-ai-hate-emmanuel-moire-de-retour-avec-un-nouveau-single-il-devoile-la-date-4725781\" rel=\"nofollow noopener\" target=\"_blank\" data-ylk=\"slk:du chanteur;elm:context_link;itc:0;sec:content-canvas\" class=\"link \">du chanteur<\/a>, publi\u00e9 en avril 2009, dans lequel se trouve la chanson <i>Sois tranquille<\/i>, d\u00e9di\u00e9e \u00e0 son fr\u00e8re jumeau Nicolas.<\/p>\n<h2>La d\u00e9cision la plus douloureuse prise Emmanuel Moire et sa famille<\/h2>\n<p>Ce dernier est d\u00e9c\u00e9d\u00e9 le 28 janvier 2009, une quinzaine de jours apr\u00e8s avoir \u00e9t\u00e9 renvers\u00e9 par un chauffard, alors qu&rsquo;Emmanuel Moire terminait l&rsquo;\u00e9criture de son album. Apr\u00e8s l&rsquo;avoir plac\u00e9 dans le coma, les soignants ont constat\u00e9 au bout de deux semaines qu'\u00a0\u00bb<i>au niveau du cerveau, cliniquement, il n&rsquo;y avait plus personne<\/i>\u00ab\u00a0. Ils ont alors plac\u00e9 la famille de Nicolas face au pire dilemme, \u00e0 savoir de choisir de le maintenir en vie ou non. \u00ab\u00a0<i>Je me souviens \u00eatre avec mes parents de chaque c\u00f4t\u00e9, avec les m\u00e9decins (en face), j&rsquo;ai des images tr\u00e8s claires de ce moment-l\u00e0 o\u00f9 je sens mes parents compl\u00e8tement d\u00e9munis, et je suis aussi dans le d\u00e9sarroi<\/i>\u00ab\u00a0, a racont\u00e9 l&rsquo;ex-star du <i>Roi Soleil<\/i>. Dans ce moment de \u00ab\u00a0<i>violence<\/i>\u00a0\u00bb et de \u00ab\u00a0<i>douleur<\/i>\u00ab\u00a0, \u00ab\u00a0<i>on a d\u00e9cid\u00e9 de le laisser partir<\/i>\u00ab\u00a0, a expliqu\u00e9 <a href=\"https:\/\/www.programme-television.org\/news\/people\/vie-privee\/je-n-etais-jamais-assez-bon-assez-homme-emmanuel-moire-denonce-les-injonctions-societales-sur-la-masculinite-4726908\" rel=\"nofollow noopener\" target=\"_blank\" data-ylk=\"slk:Emmanuel Moire;elm:context_link;itc:0;sec:content-canvas\" class=\"link \">Emmanuel Moire<\/a>.<\/p>\n<p><strong class=\"inread_titre\"><i>\u00c0 lire \u00e9galement<\/i><\/strong><\/p>\n<p><a href=\"https:\/\/www.programme-television.org\/news\/people\/vie-privee\/michel-fugain-bouleverse-par-une-question-sur-sa-regrettee-fille-laurette-c-est-toujours-un-peu-difficile-video-4734782\" rel=\"nofollow noopener\" target=\"_blank\" data-ylk=\"slk:Michel Fugain boulevers\u00e9 par une question sur sa regrett\u00e9e fille Laurette : &quot;C'est toujours un peu difficile&quot; (VIDEO);elm:context_link;itc:0;sec:content-canvas\" class=\"link \"><i>Michel Fugain boulevers\u00e9 par une question sur sa regrett\u00e9e fille Laurette : \u00ab\u00a0C&rsquo;est toujours un peu difficile\u00a0\u00bb (VIDEO)<\/i><\/a><\/p>\n<h2>Emmanuel Moire raconte le don d&rsquo;organes et le deuil<\/h2>\n<p>Les m\u00e9decins leur ont ensuite propos\u00e9 le don d&rsquo;organes pour aider des patients en attente de greffe, ce que l&rsquo;artiste a accept\u00e9. En \u00e9voquant cela, &lt;&#8230;<\/p>\n<p><a href=\"https:\/\/www.programme-television.org\/news\/tv\/sequences-tele\/jusqu-a-la-mort-de-mon-frere-jumeau-la-confidence-emouvante-d-emmanuel-moire-dans-un-dimanche-a-la-campagne-video-4734797#xtor=AL-54\" rel=\"nofollow noopener\" target=\"_blank\" data-ylk=\"slk:Lire la suite sur T\u00e9l\u00e9 7 Jours;elm:context_link;itc:0;sec:content-canvas\" class=\"link \">Lire la suite sur T\u00e9l\u00e9 7 Jours<\/a><\/p>\n<h3>A lire aussi<\/h3>\n<p>La chronique se veut g\u00e9n\u00e9r\u00e9e de la fa\u00e7on la plus claire que possible. Dans le cas o\u00f9 vous souhaitez pr\u00e9senter des renseignements compl\u00e9mentaires \u00e0 cet article sur le sujet \u00ab\u00a0Fr\u00e8res jumeaux de l&rsquo;Essonnes\u00a0\u00bb il vous est possible d\u2019\u00e9crire aux contacts indiqu\u00e9s sur notre website. La raison d\u2019\u00eatre de jumeaux91.fr \u00e9tant de rassembler sur le web des posts sur le sujet de Fr\u00e8res jumeaux de l&rsquo;Essonnes puis les diffuser en r\u00e9pondant au mieux aux interrogations des gens. Vous pouvez tirer profit de cet article traitant le sujet \u00ab\u00a0Fr\u00e8res jumeaux de l&rsquo;Essonnes\u00a0\u00bb. Il est concoct\u00e9 par l\u2019\u00e9quipe jumeaux91.fr. Prochainement, nous rendrons accessibles au public d&rsquo;autres informations pertinentes sur le sujet \u00ab\u00a0Fr\u00e8res jumeaux de l&rsquo;Essonnes\u00a0\u00bb. Alors, consultez syst\u00e9matiquement notre blog.<\/p>\n","protected":false},"excerpt":{"rendered":"<p>Emmanuel Moire \u00e9tait l&rsquo;un des invit\u00e9s de Fr\u00e9d\u00e9ric Lopez ce 10 novembre dans Un dimanche \u00e0 la campagne. \u00c0 la fin de l&rsquo;\u00e9mission, l&rsquo;animateur est revenu sur l&rsquo;histoire du deuxi\u00e8me album \u00c9quilibre du chanteur, publi\u00e9 en avril 2009, dans lequel se trouve la chanson Sois tranquille, d\u00e9di\u00e9e \u00e0 son fr\u00e8re jumeau Nicolas. La d\u00e9cision la&hellip; <a class=\"more-link\" href=\"https:\/\/jumeaux91.fr\/blog\/jusqua-la-mort-de-mon-frere-jumeau-la-confidence-emouvante-demmanuel-moire-dans-un-dimanche-a-la-campagne-video\/\">Poursuivre la lecture <span class=\"screen-reader-text\">\u00ab\u00a0Jusqu&rsquo;\u00e0 la mort de mon fr\u00e8re jumeau&#8230;\u00a0\u00bb : la confidence \u00e9mouvante d&rsquo;Emmanuel Moire dans Un dimanche \u00e0 la campagne (VIDEO)<\/span><\/a><\/p>\n","protected":false},"author":2,"featured_media":928,"comment_status":"closed","ping_status":"closed","sticky":false,"template":"","format":"standard","meta":{"footnotes":""},"categories":[4],"tags":[],"class_list":["post-927","post","type-post","status-publish","format-standard","has-post-thumbnail","hentry","category-posts-freres-jumeaux-de-lessonnes","entry"],"yoast_head":"<!-- This site is optimized with the Yoast SEO plugin v27.5 - https:\/\/yoast.com\/product\/yoast-seo-wordpress\/ -->\n<title>&quot;Jusqu&#039;\u00e0 la mort de mon fr\u00e8re jumeau...&quot; : la confidence \u00e9mouvante d&#039;Emmanuel Moire dans Un dimanche \u00e0 la campagne (VIDEO) - JUMEAUX91<\/title>\n<meta name=\"robots\" content=\"index, follow, max-snippet:-1, max-image-preview:large, max-video-preview:-1\" \/>\n<link rel=\"canonical\" href=\"https:\/\/jumeaux91.fr\/blog\/jusqua-la-mort-de-mon-frere-jumeau-la-confidence-emouvante-demmanuel-moire-dans-un-dimanche-a-la-campagne-video\/\" \/>\n<meta property=\"og:locale\" content=\"fr_FR\" \/>\n<meta property=\"og:type\" content=\"article\" \/>\n<meta property=\"og:title\" content=\"&quot;Jusqu&#039;\u00e0 la mort de mon fr\u00e8re jumeau...&quot; : la confidence \u00e9mouvante d&#039;Emmanuel Moire dans Un dimanche \u00e0 la campagne (VIDEO) - JUMEAUX91\" \/>\n<meta property=\"og:description\" content=\"Emmanuel Moire \u00e9tait l&rsquo;un des invit\u00e9s de Fr\u00e9d\u00e9ric Lopez ce 10 novembre dans Un dimanche \u00e0 la campagne. \u00c0 la fin de l&rsquo;\u00e9mission, l&rsquo;animateur est revenu sur l&rsquo;histoire du deuxi\u00e8me album \u00c9quilibre du chanteur, publi\u00e9 en avril 2009, dans lequel se trouve la chanson Sois tranquille, d\u00e9di\u00e9e \u00e0 son fr\u00e8re jumeau Nicolas. La d\u00e9cision la&hellip; Poursuivre la lecture \u00ab\u00a0Jusqu&rsquo;\u00e0 la mort de mon fr\u00e8re jumeau&#8230;\u00a0\u00bb : la confidence \u00e9mouvante d&rsquo;Emmanuel Moire dans Un dimanche \u00e0 la campagne (VIDEO)\" \/>\n<meta property=\"og:url\" content=\"https:\/\/jumeaux91.fr\/blog\/jusqua-la-mort-de-mon-frere-jumeau-la-confidence-emouvante-demmanuel-moire-dans-un-dimanche-a-la-campagne-video\/\" \/>\n<meta property=\"og:site_name\" content=\"JUMEAUX91\" \/>\n<meta property=\"article:published_time\" content=\"2024-11-10T22:33:00+00:00\" \/>\n<meta property=\"og:image\" content=\"https:\/\/jumeaux91.fr\/blog\/wp-content\/uploads\/2024\/11\/jusqua-la-mort-de-mon-frere-jumeau-la-confidence-emouvante-demmanuel-moire-dans-un-dimanche-a-la-campagne-video.jpg\" \/>\n<meta name=\"author\" content=\"Claude DAYRES\" \/>\n<meta name=\"twitter:card\" content=\"summary_large_image\" \/>\n<meta name=\"twitter:label1\" content=\"\u00c9crit par\" \/>\n\t<meta name=\"twitter:data1\" content=\"Claude DAYRES\" \/>\n\t<meta name=\"twitter:label2\" content=\"Dur\u00e9e de lecture estim\u00e9e\" \/>\n\t<meta name=\"twitter:data2\" content=\"2 minutes\" \/>\n<script type=\"application\/ld+json\" class=\"yoast-schema-graph\">{\"@context\":\"https:\\\/\\\/schema.org\",\"@graph\":[{\"@type\":\"Article\",\"@id\":\"https:\\\/\\\/jumeaux91.fr\\\/blog\\\/jusqua-la-mort-de-mon-frere-jumeau-la-confidence-emouvante-demmanuel-moire-dans-un-dimanche-a-la-campagne-video\\\/#article\",\"isPartOf\":{\"@id\":\"https:\\\/\\\/jumeaux91.fr\\\/blog\\\/jusqua-la-mort-de-mon-frere-jumeau-la-confidence-emouvante-demmanuel-moire-dans-un-dimanche-a-la-campagne-video\\\/\"},\"author\":{\"name\":\"Claude DAYRES\",\"@id\":\"https:\\\/\\\/jumeaux91.fr\\\/blog\\\/#\\\/schema\\\/person\\\/21da06e9f119b9f64e5d45dbbd32d3fb\"},\"headline\":\"\u00ab\u00a0Jusqu&rsquo;\u00e0 la mort de mon fr\u00e8re jumeau&#8230;\u00a0\u00bb : la confidence \u00e9mouvante d&rsquo;Emmanuel Moire dans Un dimanche \u00e0 la campagne (VIDEO)\",\"datePublished\":\"2024-11-10T22:33:00+00:00\",\"mainEntityOfPage\":{\"@id\":\"https:\\\/\\\/jumeaux91.fr\\\/blog\\\/jusqua-la-mort-de-mon-frere-jumeau-la-confidence-emouvante-demmanuel-moire-dans-un-dimanche-a-la-campagne-video\\\/\"},\"wordCount\":450,\"publisher\":{\"@id\":\"https:\\\/\\\/jumeaux91.fr\\\/blog\\\/#organization\"},\"image\":{\"@id\":\"https:\\\/\\\/jumeaux91.fr\\\/blog\\\/jusqua-la-mort-de-mon-frere-jumeau-la-confidence-emouvante-demmanuel-moire-dans-un-dimanche-a-la-campagne-video\\\/#primaryimage\"},\"thumbnailUrl\":\"https:\\\/\\\/jumeaux91.fr\\\/blog\\\/wp-content\\\/uploads\\\/2024\\\/11\\\/jusqua-la-mort-de-mon-frere-jumeau-la-confidence-emouvante-demmanuel-moire-dans-un-dimanche-a-la-campagne-video.jpg\",\"articleSection\":[\"Posts Fr\u00e8res Jumeaux De L'Essonnes:\"],\"inLanguage\":\"fr-FR\"},{\"@type\":\"WebPage\",\"@id\":\"https:\\\/\\\/jumeaux91.fr\\\/blog\\\/jusqua-la-mort-de-mon-frere-jumeau-la-confidence-emouvante-demmanuel-moire-dans-un-dimanche-a-la-campagne-video\\\/\",\"url\":\"https:\\\/\\\/jumeaux91.fr\\\/blog\\\/jusqua-la-mort-de-mon-frere-jumeau-la-confidence-emouvante-demmanuel-moire-dans-un-dimanche-a-la-campagne-video\\\/\",\"name\":\"\\\"Jusqu'\u00e0 la mort de mon fr\u00e8re jumeau...\\\" : la confidence \u00e9mouvante d'Emmanuel Moire dans Un dimanche \u00e0 la campagne (VIDEO) - JUMEAUX91\",\"isPartOf\":{\"@id\":\"https:\\\/\\\/jumeaux91.fr\\\/blog\\\/#website\"},\"primaryImageOfPage\":{\"@id\":\"https:\\\/\\\/jumeaux91.fr\\\/blog\\\/jusqua-la-mort-de-mon-frere-jumeau-la-confidence-emouvante-demmanuel-moire-dans-un-dimanche-a-la-campagne-video\\\/#primaryimage\"},\"image\":{\"@id\":\"https:\\\/\\\/jumeaux91.fr\\\/blog\\\/jusqua-la-mort-de-mon-frere-jumeau-la-confidence-emouvante-demmanuel-moire-dans-un-dimanche-a-la-campagne-video\\\/#primaryimage\"},\"thumbnailUrl\":\"https:\\\/\\\/jumeaux91.fr\\\/blog\\\/wp-content\\\/uploads\\\/2024\\\/11\\\/jusqua-la-mort-de-mon-frere-jumeau-la-confidence-emouvante-demmanuel-moire-dans-un-dimanche-a-la-campagne-video.jpg\",\"datePublished\":\"2024-11-10T22:33:00+00:00\",\"breadcrumb\":{\"@id\":\"https:\\\/\\\/jumeaux91.fr\\\/blog\\\/jusqua-la-mort-de-mon-frere-jumeau-la-confidence-emouvante-demmanuel-moire-dans-un-dimanche-a-la-campagne-video\\\/#breadcrumb\"},\"inLanguage\":\"fr-FR\",\"potentialAction\":[{\"@type\":\"ReadAction\",\"target\":[\"https:\\\/\\\/jumeaux91.fr\\\/blog\\\/jusqua-la-mort-de-mon-frere-jumeau-la-confidence-emouvante-demmanuel-moire-dans-un-dimanche-a-la-campagne-video\\\/\"]}]},{\"@type\":\"ImageObject\",\"inLanguage\":\"fr-FR\",\"@id\":\"https:\\\/\\\/jumeaux91.fr\\\/blog\\\/jusqua-la-mort-de-mon-frere-jumeau-la-confidence-emouvante-demmanuel-moire-dans-un-dimanche-a-la-campagne-video\\\/#primaryimage\",\"url\":\"https:\\\/\\\/jumeaux91.fr\\\/blog\\\/wp-content\\\/uploads\\\/2024\\\/11\\\/jusqua-la-mort-de-mon-frere-jumeau-la-confidence-emouvante-demmanuel-moire-dans-un-dimanche-a-la-campagne-video.jpg\",\"contentUrl\":\"https:\\\/\\\/jumeaux91.fr\\\/blog\\\/wp-content\\\/uploads\\\/2024\\\/11\\\/jusqua-la-mort-de-mon-frere-jumeau-la-confidence-emouvante-demmanuel-moire-dans-un-dimanche-a-la-campagne-video.jpg\",\"width\":1200,\"height\":675,\"caption\":\"\\\"Jusqu'\u00e0 la mort de mon fr\u00e8re jumeau..\"},{\"@type\":\"BreadcrumbList\",\"@id\":\"https:\\\/\\\/jumeaux91.fr\\\/blog\\\/jusqua-la-mort-de-mon-frere-jumeau-la-confidence-emouvante-demmanuel-moire-dans-un-dimanche-a-la-campagne-video\\\/#breadcrumb\",\"itemListElement\":[{\"@type\":\"ListItem\",\"position\":1,\"name\":\"Accueil\",\"item\":\"https:\\\/\\\/jumeaux91.fr\\\/blog\\\/\"},{\"@type\":\"ListItem\",\"position\":2,\"name\":\"\u00ab\u00a0Jusqu&rsquo;\u00e0 la mort de mon fr\u00e8re jumeau&#8230;\u00a0\u00bb : la confidence \u00e9mouvante d&rsquo;Emmanuel Moire dans Un dimanche \u00e0 la campagne (VIDEO)\"}]},{\"@type\":\"WebSite\",\"@id\":\"https:\\\/\\\/jumeaux91.fr\\\/blog\\\/#website\",\"url\":\"https:\\\/\\\/jumeaux91.fr\\\/blog\\\/\",\"name\":\"JUMEAUX91\",\"description\":\"Fr\u00e8res jumeaux de l&#039;Essonnes; informations et archives, \u00e0 savoir et retenir.\",\"publisher\":{\"@id\":\"https:\\\/\\\/jumeaux91.fr\\\/blog\\\/#organization\"},\"potentialAction\":[{\"@type\":\"SearchAction\",\"target\":{\"@type\":\"EntryPoint\",\"urlTemplate\":\"https:\\\/\\\/jumeaux91.fr\\\/blog\\\/?s={search_term_string}\"},\"query-input\":{\"@type\":\"PropertyValueSpecification\",\"valueRequired\":true,\"valueName\":\"search_term_string\"}}],\"inLanguage\":\"fr-FR\"},{\"@type\":\"Organization\",\"@id\":\"https:\\\/\\\/jumeaux91.fr\\\/blog\\\/#organization\",\"name\":\"jumeaux91\",\"url\":\"https:\\\/\\\/jumeaux91.fr\\\/blog\\\/\",\"logo\":{\"@type\":\"ImageObject\",\"inLanguage\":\"fr-FR\",\"@id\":\"https:\\\/\\\/jumeaux91.fr\\\/blog\\\/#\\\/schema\\\/logo\\\/image\\\/\",\"url\":\"https:\\\/\\\/jumeaux91.fr\\\/blog\\\/wp-content\\\/uploads\\\/2023\\\/05\\\/cropped-cropped-logoJ_91.png\",\"contentUrl\":\"https:\\\/\\\/jumeaux91.fr\\\/blog\\\/wp-content\\\/uploads\\\/2023\\\/05\\\/cropped-cropped-logoJ_91.png\",\"width\":512,\"height\":512,\"caption\":\"jumeaux91\"},\"image\":{\"@id\":\"https:\\\/\\\/jumeaux91.fr\\\/blog\\\/#\\\/schema\\\/logo\\\/image\\\/\"}},{\"@type\":\"Person\",\"@id\":\"https:\\\/\\\/jumeaux91.fr\\\/blog\\\/#\\\/schema\\\/person\\\/21da06e9f119b9f64e5d45dbbd32d3fb\",\"name\":\"Claude DAYRES\",\"image\":{\"@type\":\"ImageObject\",\"inLanguage\":\"fr-FR\",\"@id\":\"https:\\\/\\\/secure.gravatar.com\\\/avatar\\\/82eb951df6110a2c48d1bfa7a67d1ee6f0cd5df3cbf9c3586dd61e82db7172a5?s=96&d=mm&r=g\",\"url\":\"https:\\\/\\\/secure.gravatar.com\\\/avatar\\\/82eb951df6110a2c48d1bfa7a67d1ee6f0cd5df3cbf9c3586dd61e82db7172a5?s=96&d=mm&r=g\",\"contentUrl\":\"https:\\\/\\\/secure.gravatar.com\\\/avatar\\\/82eb951df6110a2c48d1bfa7a67d1ee6f0cd5df3cbf9c3586dd61e82db7172a5?s=96&d=mm&r=g\",\"caption\":\"Claude DAYRES\"},\"url\":\"https:\\\/\\\/jumeaux91.fr\\\/blog\\\/author\\\/x91claude\\\/\"}]}<\/script>\n<!-- \/ Yoast SEO plugin. -->","yoast_head_json":{"title":"\"Jusqu'\u00e0 la mort de mon fr\u00e8re jumeau...\" : la confidence \u00e9mouvante d'Emmanuel Moire dans Un dimanche \u00e0 la campagne (VIDEO) - JUMEAUX91","robots":{"index":"index","follow":"follow","max-snippet":"max-snippet:-1","max-image-preview":"max-image-preview:large","max-video-preview":"max-video-preview:-1"},"canonical":"https:\/\/jumeaux91.fr\/blog\/jusqua-la-mort-de-mon-frere-jumeau-la-confidence-emouvante-demmanuel-moire-dans-un-dimanche-a-la-campagne-video\/","og_locale":"fr_FR","og_type":"article","og_title":"\"Jusqu'\u00e0 la mort de mon fr\u00e8re jumeau...\" : la confidence \u00e9mouvante d'Emmanuel Moire dans Un dimanche \u00e0 la campagne (VIDEO) - JUMEAUX91","og_description":"Emmanuel Moire \u00e9tait l&rsquo;un des invit\u00e9s de Fr\u00e9d\u00e9ric Lopez ce 10 novembre dans Un dimanche \u00e0 la campagne. \u00c0 la fin de l&rsquo;\u00e9mission, l&rsquo;animateur est revenu sur l&rsquo;histoire du deuxi\u00e8me album \u00c9quilibre du chanteur, publi\u00e9 en avril 2009, dans lequel se trouve la chanson Sois tranquille, d\u00e9di\u00e9e \u00e0 son fr\u00e8re jumeau Nicolas. La d\u00e9cision la&hellip; Poursuivre la lecture \u00ab\u00a0Jusqu&rsquo;\u00e0 la mort de mon fr\u00e8re jumeau&#8230;\u00a0\u00bb : la confidence \u00e9mouvante d&rsquo;Emmanuel Moire dans Un dimanche \u00e0 la campagne (VIDEO)","og_url":"https:\/\/jumeaux91.fr\/blog\/jusqua-la-mort-de-mon-frere-jumeau-la-confidence-emouvante-demmanuel-moire-dans-un-dimanche-a-la-campagne-video\/","og_site_name":"JUMEAUX91","article_published_time":"2024-11-10T22:33:00+00:00","og_image":[{"url":"https:\/\/jumeaux91.fr\/blog\/wp-content\/uploads\/2024\/11\/jusqua-la-mort-de-mon-frere-jumeau-la-confidence-emouvante-demmanuel-moire-dans-un-dimanche-a-la-campagne-video.jpg","type":"","width":"","height":""}],"author":"Claude DAYRES","twitter_card":"summary_large_image","twitter_misc":{"\u00c9crit par":"Claude DAYRES","Dur\u00e9e de lecture estim\u00e9e":"2 minutes"},"schema":{"@context":"https:\/\/schema.org","@graph":[{"@type":"Article","@id":"https:\/\/jumeaux91.fr\/blog\/jusqua-la-mort-de-mon-frere-jumeau-la-confidence-emouvante-demmanuel-moire-dans-un-dimanche-a-la-campagne-video\/#article","isPartOf":{"@id":"https:\/\/jumeaux91.fr\/blog\/jusqua-la-mort-de-mon-frere-jumeau-la-confidence-emouvante-demmanuel-moire-dans-un-dimanche-a-la-campagne-video\/"},"author":{"name":"Claude DAYRES","@id":"https:\/\/jumeaux91.fr\/blog\/#\/schema\/person\/21da06e9f119b9f64e5d45dbbd32d3fb"},"headline":"\u00ab\u00a0Jusqu&rsquo;\u00e0 la mort de mon fr\u00e8re jumeau&#8230;\u00a0\u00bb : la confidence \u00e9mouvante d&rsquo;Emmanuel Moire dans Un dimanche \u00e0 la campagne (VIDEO)","datePublished":"2024-11-10T22:33:00+00:00","mainEntityOfPage":{"@id":"https:\/\/jumeaux91.fr\/blog\/jusqua-la-mort-de-mon-frere-jumeau-la-confidence-emouvante-demmanuel-moire-dans-un-dimanche-a-la-campagne-video\/"},"wordCount":450,"publisher":{"@id":"https:\/\/jumeaux91.fr\/blog\/#organization"},"image":{"@id":"https:\/\/jumeaux91.fr\/blog\/jusqua-la-mort-de-mon-frere-jumeau-la-confidence-emouvante-demmanuel-moire-dans-un-dimanche-a-la-campagne-video\/#primaryimage"},"thumbnailUrl":"https:\/\/jumeaux91.fr\/blog\/wp-content\/uploads\/2024\/11\/jusqua-la-mort-de-mon-frere-jumeau-la-confidence-emouvante-demmanuel-moire-dans-un-dimanche-a-la-campagne-video.jpg","articleSection":["Posts Fr\u00e8res Jumeaux De L'Essonnes:"],"inLanguage":"fr-FR"},{"@type":"WebPage","@id":"https:\/\/jumeaux91.fr\/blog\/jusqua-la-mort-de-mon-frere-jumeau-la-confidence-emouvante-demmanuel-moire-dans-un-dimanche-a-la-campagne-video\/","url":"https:\/\/jumeaux91.fr\/blog\/jusqua-la-mort-de-mon-frere-jumeau-la-confidence-emouvante-demmanuel-moire-dans-un-dimanche-a-la-campagne-video\/","name":"\"Jusqu'\u00e0 la mort de mon fr\u00e8re jumeau...\" : la confidence \u00e9mouvante d'Emmanuel Moire dans Un dimanche \u00e0 la campagne (VIDEO) - JUMEAUX91","isPartOf":{"@id":"https:\/\/jumeaux91.fr\/blog\/#website"},"primaryImageOfPage":{"@id":"https:\/\/jumeaux91.fr\/blog\/jusqua-la-mort-de-mon-frere-jumeau-la-confidence-emouvante-demmanuel-moire-dans-un-dimanche-a-la-campagne-video\/#primaryimage"},"image":{"@id":"https:\/\/jumeaux91.fr\/blog\/jusqua-la-mort-de-mon-frere-jumeau-la-confidence-emouvante-demmanuel-moire-dans-un-dimanche-a-la-campagne-video\/#primaryimage"},"thumbnailUrl":"https:\/\/jumeaux91.fr\/blog\/wp-content\/uploads\/2024\/11\/jusqua-la-mort-de-mon-frere-jumeau-la-confidence-emouvante-demmanuel-moire-dans-un-dimanche-a-la-campagne-video.jpg","datePublished":"2024-11-10T22:33:00+00:00","breadcrumb":{"@id":"https:\/\/jumeaux91.fr\/blog\/jusqua-la-mort-de-mon-frere-jumeau-la-confidence-emouvante-demmanuel-moire-dans-un-dimanche-a-la-campagne-video\/#breadcrumb"},"inLanguage":"fr-FR","potentialAction":[{"@type":"ReadAction","target":["https:\/\/jumeaux91.fr\/blog\/jusqua-la-mort-de-mon-frere-jumeau-la-confidence-emouvante-demmanuel-moire-dans-un-dimanche-a-la-campagne-video\/"]}]},{"@type":"ImageObject","inLanguage":"fr-FR","@id":"https:\/\/jumeaux91.fr\/blog\/jusqua-la-mort-de-mon-frere-jumeau-la-confidence-emouvante-demmanuel-moire-dans-un-dimanche-a-la-campagne-video\/#primaryimage","url":"https:\/\/jumeaux91.fr\/blog\/wp-content\/uploads\/2024\/11\/jusqua-la-mort-de-mon-frere-jumeau-la-confidence-emouvante-demmanuel-moire-dans-un-dimanche-a-la-campagne-video.jpg","contentUrl":"https:\/\/jumeaux91.fr\/blog\/wp-content\/uploads\/2024\/11\/jusqua-la-mort-de-mon-frere-jumeau-la-confidence-emouvante-demmanuel-moire-dans-un-dimanche-a-la-campagne-video.jpg","width":1200,"height":675,"caption":"\"Jusqu'\u00e0 la mort de mon fr\u00e8re jumeau.."},{"@type":"BreadcrumbList","@id":"https:\/\/jumeaux91.fr\/blog\/jusqua-la-mort-de-mon-frere-jumeau-la-confidence-emouvante-demmanuel-moire-dans-un-dimanche-a-la-campagne-video\/#breadcrumb","itemListElement":[{"@type":"ListItem","position":1,"name":"Accueil","item":"https:\/\/jumeaux91.fr\/blog\/"},{"@type":"ListItem","position":2,"name":"\u00ab\u00a0Jusqu&rsquo;\u00e0 la mort de mon fr\u00e8re jumeau&#8230;\u00a0\u00bb : la confidence \u00e9mouvante d&rsquo;Emmanuel Moire dans Un dimanche \u00e0 la campagne (VIDEO)"}]},{"@type":"WebSite","@id":"https:\/\/jumeaux91.fr\/blog\/#website","url":"https:\/\/jumeaux91.fr\/blog\/","name":"JUMEAUX91","description":"Fr\u00e8res jumeaux de l&#039;Essonnes; informations et archives, \u00e0 savoir et retenir.","publisher":{"@id":"https:\/\/jumeaux91.fr\/blog\/#organization"},"potentialAction":[{"@type":"SearchAction","target":{"@type":"EntryPoint","urlTemplate":"https:\/\/jumeaux91.fr\/blog\/?s={search_term_string}"},"query-input":{"@type":"PropertyValueSpecification","valueRequired":true,"valueName":"search_term_string"}}],"inLanguage":"fr-FR"},{"@type":"Organization","@id":"https:\/\/jumeaux91.fr\/blog\/#organization","name":"jumeaux91","url":"https:\/\/jumeaux91.fr\/blog\/","logo":{"@type":"ImageObject","inLanguage":"fr-FR","@id":"https:\/\/jumeaux91.fr\/blog\/#\/schema\/logo\/image\/","url":"https:\/\/jumeaux91.fr\/blog\/wp-content\/uploads\/2023\/05\/cropped-cropped-logoJ_91.png","contentUrl":"https:\/\/jumeaux91.fr\/blog\/wp-content\/uploads\/2023\/05\/cropped-cropped-logoJ_91.png","width":512,"height":512,"caption":"jumeaux91"},"image":{"@id":"https:\/\/jumeaux91.fr\/blog\/#\/schema\/logo\/image\/"}},{"@type":"Person","@id":"https:\/\/jumeaux91.fr\/blog\/#\/schema\/person\/21da06e9f119b9f64e5d45dbbd32d3fb","name":"Claude DAYRES","image":{"@type":"ImageObject","inLanguage":"fr-FR","@id":"https:\/\/secure.gravatar.com\/avatar\/82eb951df6110a2c48d1bfa7a67d1ee6f0cd5df3cbf9c3586dd61e82db7172a5?s=96&d=mm&r=g","url":"https:\/\/secure.gravatar.com\/avatar\/82eb951df6110a2c48d1bfa7a67d1ee6f0cd5df3cbf9c3586dd61e82db7172a5?s=96&d=mm&r=g","contentUrl":"https:\/\/secure.gravatar.com\/avatar\/82eb951df6110a2c48d1bfa7a67d1ee6f0cd5df3cbf9c3586dd61e82db7172a5?s=96&d=mm&r=g","caption":"Claude DAYRES"},"url":"https:\/\/jumeaux91.fr\/blog\/author\/x91claude\/"}]}},"_links":{"self":[{"href":"https:\/\/jumeaux91.fr\/blog\/wp-json\/wp\/v2\/posts\/927","targetHints":{"allow":["GET"]}}],"collection":[{"href":"https:\/\/jumeaux91.fr\/blog\/wp-json\/wp\/v2\/posts"}],"about":[{"href":"https:\/\/jumeaux91.fr\/blog\/wp-json\/wp\/v2\/types\/post"}],"author":[{"embeddable":true,"href":"https:\/\/jumeaux91.fr\/blog\/wp-json\/wp\/v2\/users\/2"}],"replies":[{"embeddable":true,"href":"https:\/\/jumeaux91.fr\/blog\/wp-json\/wp\/v2\/comments?post=927"}],"version-history":[{"count":0,"href":"https:\/\/jumeaux91.fr\/blog\/wp-json\/wp\/v2\/posts\/927\/revisions"}],"wp:featuredmedia":[{"embeddable":true,"href":"https:\/\/jumeaux91.fr\/blog\/wp-json\/wp\/v2\/media\/928"}],"wp:attachment":[{"href":"https:\/\/jumeaux91.fr\/blog\/wp-json\/wp\/v2\/media?parent=927"}],"wp:term":[{"taxonomy":"category","embeddable":true,"href":"https:\/\/jumeaux91.fr\/blog\/wp-json\/wp\/v2\/categories?post=927"},{"taxonomy":"post_tag","embeddable":true,"href":"https:\/\/jumeaux91.fr\/blog\/wp-json\/wp\/v2\/tags?post=927"}],"curies":[{"name":"wp","href":"https:\/\/api.w.org\/{rel}","templated":true}]}}