{"id":929,"date":"2024-11-10T21:55:00","date_gmt":"2024-11-10T20:55:00","guid":{"rendered":"https:\/\/jumeaux91.fr\/blog\/emmanuel-moire-face-a-la-mort-ses-mots-terribles-sur-son-frere-jumeau\/"},"modified":"2024-11-10T21:55:00","modified_gmt":"2024-11-10T20:55:00","slug":"emmanuel-moire-face-a-la-mort-ses-mots-terribles-sur-son-frere-jumeau","status":"publish","type":"post","link":"https:\/\/jumeaux91.fr\/blog\/emmanuel-moire-face-a-la-mort-ses-mots-terribles-sur-son-frere-jumeau\/","title":{"rendered":"Emmanuel Moire face \u00e0 la mort : ses mots terribles sur son fr\u00e8re jumeau"},"content":{"rendered":"<div><img decoding=\"async\" src=\"https:\/\/jumeaux91.fr\/blog\/wp-content\/uploads\/2024\/11\/emmanuel-moire-face-a-la-mort-ses-mots-terribles-sur-son-frere-jumeau.jpg\" class=\"ff-og-image-inserted\"><\/div>\n<p>Chaque semaine, Fr\u00e9d\u00e9ric Lopez accueille diff\u00e9rentes personnalit\u00e9s dans <em>Un dimanche \u00e0 la campagne<\/em>. Ce 10 novembre 2024, l\u2019animateur vedette a re\u00e7u Sandrine Bonnaire, Christophe Michalak et <a href=\"https:\/\/www.public.fr\/tag\/emmanuel-moire\" target=\"_blank\" rel=\"nofollow\">Emmanuel Moire<\/a>.<\/p>\n<p>Au cours de l\u2019\u00e9mission, celui qui s\u2019est fait conna\u00eetre en incarnant Louis XIV dans la com\u00e9die musicale <em>Le Roi Soleil<\/em> en 2005, s&rsquo;est confi\u00e9 comme jamais auparavant. <\/p>\n<h2 class=\"wp-block-heading\" id=\"h-emmanuel-moire-brise-par-un-terrible-drame\"><span>Emmanuel Moire bris\u00e9 par un terrible drame<\/span><\/h2>\n<p>En toute sinc\u00e9rit\u00e9, il a \u00e9voqu\u00e9 son enfance marqu\u00e9e par le divorce de ses parents, sa rencontre d\u00e9terminante avec le directeur de casting Bruno Berberes, et, plus douloureusement, le drame de sa vie : <strong>la perte de son fr\u00e8re jumeau<\/strong>.<\/p>\n<p>\u00ab\u00a0<em>Pendant la cr\u00e9ation de ce disque, j\u2019apprends que <strong>mon fr\u00e8re a eu un accident de voiture<\/strong>. Il s\u2019est fait renverser. Il est mis dans le coma pendant quinze jours et petit \u00e0 petit, quand on le sortait du coma on voyait qu\u2019au niveau du cerveau cliniquement il n\u2019y avait plus personne<\/em>\u00ab\u00a0, a-t-il confi\u00e9 les larmes aux yeux. <\/p>\n<p>\u00ab\u00a0<em>C\u2019\u00e9tait un vrai choix \u00e0 prendre. C\u2019est-\u00e0-dire soit on le maintient en vie au risque de r\u00e9cup\u00e9rer quelqu\u2019un qui n\u2019est plus celui qu\u2019on a connu ou de le laisser partir. Choix difficile \u00e0 prendre<\/em>\u00ab\u00a0, a ajout\u00e9 Emmanuel Moire. <\/p>\n<p>C&rsquo;est en compagnie de ses parents que l&rsquo;artiste a pris l&rsquo;une des d\u00e9cisions les plus compliqu\u00e9es de sa vie. \u00ab\u00a0<em>Je me souviens, j\u2019\u00e9tais avec mes parents, un de chaque c\u00f4t\u00e9. J\u2019ai des images tr\u00e8s claires de ce moment-l\u00e0 o\u00f9 je sens mes parents compl\u00e8tement d\u00e9munis. Je suis aussi dans le d\u00e9sarroi. Et une violence, une douleur quoi<\/em>\u00ab\u00a0, a expliqu\u00e9 le chanteur avant d&rsquo;ajouter : \u00ab\u00a0<em><strong>On a d\u00e9cid\u00e9 de le laisser partir<\/strong><\/em>\u00ab\u00a0.<\/p>\n<p>Outre le choix de laisser son fr\u00e8re quitter ce monde, Emmanuel Moire a \u00e9galement autoris\u00e9 le don d&rsquo;organes. \u00ab\u00a0<em>Je me souviens m\u2019\u00eatre dit que c\u2019\u00e9tait chouette qu\u2019il y ait&#8230; Que \u00e7a aide quelqu\u2019un qui en a besoin, \u00e0 vivre mieux<\/em>\u00ab\u00a0, a-t-il conclu. De bouleversantes r\u00e9v\u00e9lations. <\/p>\n<h2 class=\"wp-block-heading\" id=\"lartiste-face-a-de-sombres-pensees\"><span>L&rsquo;artiste face \u00e0 de sombres pens\u00e9es<\/span><\/h2>\n<p><a href=\"https:\/\/www.public.fr\/emmanuel-moire-revient-sur-le-deces-de-son-frere-jumeau-une-partie-de-moi-n-existe-plus\" target=\"_blank\" rel=\"nofollow\">Ce n&rsquo;est \u00e9videmment pas la premi\u00e8re fois que le quadrag\u00e9naire \u00e9voque ce drame dans les m\u00e9dias<\/a>. En ao\u00fbt dernier, c&rsquo;est dans les colonnes du journal <em>Lib\u00e9ration<\/em> qu&rsquo;il s&rsquo;\u00e9tait confi\u00e9 sur cette terrible \u00e9preuve. <\/p>\n<p>Durant son entretien avec nos confr\u00e8res, il avait notamment r\u00e9v\u00e9l\u00e9 avoir \u00e9t\u00e9 <strong>\u00ab\u00a0<em>submerg\u00e9 de pens\u00e9es<\/em>\u00a0\u00bb noires \u00ab\u00a0<em>pendant un an<\/em>\u00ab\u00a0<\/strong> avant de rendre un bel hommage \u00e0 son fr\u00e8re d\u00e9c\u00e9d\u00e9, celui qui lui a permis de devenir l&rsquo;homme qu&rsquo;il est. <\/p>\n<p> <!-- Tags --> <\/p>\n<nav class=\"relative text-primary !order-9 rounded-2xl border-2 border-primary not-prose\">\n<p>\u00c0 lire aussi<\/p>\n<\/nav>\n<p> La chronique se veut g\u00e9n\u00e9r\u00e9e de la fa\u00e7on la plus claire que possible. Dans le cas o\u00f9 vous souhaitez pr\u00e9senter des renseignements compl\u00e9mentaires \u00e0 cet article sur le sujet \u00ab\u00a0Fr\u00e8res jumeaux de l&rsquo;Essonnes\u00a0\u00bb il vous est possible d\u2019\u00e9crire aux contacts indiqu\u00e9s sur notre website. La raison d\u2019\u00eatre de jumeaux91.fr \u00e9tant de rassembler sur le web des posts sur le sujet de Fr\u00e8res jumeaux de l&rsquo;Essonnes puis les diffuser en r\u00e9pondant au mieux aux interrogations des gens. Vous pouvez tirer profit de cet article traitant le sujet \u00ab\u00a0Fr\u00e8res jumeaux de l&rsquo;Essonnes\u00a0\u00bb. Il est concoct\u00e9 par l\u2019\u00e9quipe jumeaux91.fr. Prochainement, nous rendrons accessibles au public d&rsquo;autres informations pertinentes sur le sujet \u00ab\u00a0Fr\u00e8res jumeaux de l&rsquo;Essonnes\u00a0\u00bb. Alors, consultez syst\u00e9matiquement notre blog.<\/p>\n","protected":false},"excerpt":{"rendered":"<p>Chaque semaine, Fr\u00e9d\u00e9ric Lopez accueille diff\u00e9rentes personnalit\u00e9s dans Un dimanche \u00e0 la campagne. Ce 10 novembre 2024, l\u2019animateur vedette a re\u00e7u Sandrine Bonnaire, Christophe Michalak et Emmanuel Moire. Au cours de l\u2019\u00e9mission, celui qui s\u2019est fait conna\u00eetre en incarnant Louis XIV dans la com\u00e9die musicale Le Roi Soleil en 2005, s&rsquo;est confi\u00e9 comme jamais auparavant.&hellip; <a class=\"more-link\" href=\"https:\/\/jumeaux91.fr\/blog\/emmanuel-moire-face-a-la-mort-ses-mots-terribles-sur-son-frere-jumeau\/\">Poursuivre la lecture <span class=\"screen-reader-text\">Emmanuel Moire face \u00e0 la mort : ses mots terribles sur son fr\u00e8re jumeau<\/span><\/a><\/p>\n","protected":false},"author":2,"featured_media":930,"comment_status":"closed","ping_status":"closed","sticky":false,"template":"","format":"standard","meta":{"footnotes":""},"categories":[4],"tags":[],"class_list":["post-929","post","type-post","status-publish","format-standard","has-post-thumbnail","hentry","category-posts-freres-jumeaux-de-lessonnes","entry"],"yoast_head":"<!-- This site is optimized with the Yoast SEO plugin v27.5 - https:\/\/yoast.com\/product\/yoast-seo-wordpress\/ -->\n<title>Emmanuel Moire face \u00e0 la mort : ses mots terribles sur son fr\u00e8re jumeau - JUMEAUX91<\/title>\n<meta name=\"robots\" content=\"index, follow, max-snippet:-1, max-image-preview:large, max-video-preview:-1\" \/>\n<link rel=\"canonical\" href=\"https:\/\/jumeaux91.fr\/blog\/emmanuel-moire-face-a-la-mort-ses-mots-terribles-sur-son-frere-jumeau\/\" \/>\n<meta property=\"og:locale\" content=\"fr_FR\" \/>\n<meta property=\"og:type\" content=\"article\" \/>\n<meta property=\"og:title\" content=\"Emmanuel Moire face \u00e0 la mort : ses mots terribles sur son fr\u00e8re jumeau - JUMEAUX91\" \/>\n<meta property=\"og:description\" content=\"Chaque semaine, Fr\u00e9d\u00e9ric Lopez accueille diff\u00e9rentes personnalit\u00e9s dans Un dimanche \u00e0 la campagne. Ce 10 novembre 2024, l\u2019animateur vedette a re\u00e7u Sandrine Bonnaire, Christophe Michalak et Emmanuel Moire. Au cours de l\u2019\u00e9mission, celui qui s\u2019est fait conna\u00eetre en incarnant Louis XIV dans la com\u00e9die musicale Le Roi Soleil en 2005, s&rsquo;est confi\u00e9 comme jamais auparavant.&hellip; Poursuivre la lecture Emmanuel Moire face \u00e0 la mort : ses mots terribles sur son fr\u00e8re jumeau\" \/>\n<meta property=\"og:url\" content=\"https:\/\/jumeaux91.fr\/blog\/emmanuel-moire-face-a-la-mort-ses-mots-terribles-sur-son-frere-jumeau\/\" \/>\n<meta property=\"og:site_name\" content=\"JUMEAUX91\" \/>\n<meta property=\"article:published_time\" content=\"2024-11-10T20:55:00+00:00\" \/>\n<meta property=\"og:image\" content=\"https:\/\/jumeaux91.fr\/blog\/wp-content\/uploads\/2024\/11\/emmanuel-moire-face-a-la-mort-ses-mots-terribles-sur-son-frere-jumeau.jpg\" \/>\n<meta name=\"author\" content=\"Claude DAYRES\" \/>\n<meta name=\"twitter:card\" content=\"summary_large_image\" \/>\n<meta name=\"twitter:label1\" content=\"\u00c9crit par\" \/>\n\t<meta name=\"twitter:data1\" content=\"Claude DAYRES\" \/>\n\t<meta name=\"twitter:label2\" content=\"Dur\u00e9e de lecture estim\u00e9e\" \/>\n\t<meta name=\"twitter:data2\" content=\"3 minutes\" \/>\n<script type=\"application\/ld+json\" class=\"yoast-schema-graph\">{\"@context\":\"https:\\\/\\\/schema.org\",\"@graph\":[{\"@type\":\"Article\",\"@id\":\"https:\\\/\\\/jumeaux91.fr\\\/blog\\\/emmanuel-moire-face-a-la-mort-ses-mots-terribles-sur-son-frere-jumeau\\\/#article\",\"isPartOf\":{\"@id\":\"https:\\\/\\\/jumeaux91.fr\\\/blog\\\/emmanuel-moire-face-a-la-mort-ses-mots-terribles-sur-son-frere-jumeau\\\/\"},\"author\":{\"name\":\"Claude DAYRES\",\"@id\":\"https:\\\/\\\/jumeaux91.fr\\\/blog\\\/#\\\/schema\\\/person\\\/21da06e9f119b9f64e5d45dbbd32d3fb\"},\"headline\":\"Emmanuel Moire face \u00e0 la mort : ses mots terribles sur son fr\u00e8re jumeau\",\"datePublished\":\"2024-11-10T20:55:00+00:00\",\"mainEntityOfPage\":{\"@id\":\"https:\\\/\\\/jumeaux91.fr\\\/blog\\\/emmanuel-moire-face-a-la-mort-ses-mots-terribles-sur-son-frere-jumeau\\\/\"},\"wordCount\":604,\"publisher\":{\"@id\":\"https:\\\/\\\/jumeaux91.fr\\\/blog\\\/#organization\"},\"image\":{\"@id\":\"https:\\\/\\\/jumeaux91.fr\\\/blog\\\/emmanuel-moire-face-a-la-mort-ses-mots-terribles-sur-son-frere-jumeau\\\/#primaryimage\"},\"thumbnailUrl\":\"https:\\\/\\\/jumeaux91.fr\\\/blog\\\/wp-content\\\/uploads\\\/2024\\\/11\\\/emmanuel-moire-face-a-la-mort-ses-mots-terribles-sur-son-frere-jumeau.jpg\",\"articleSection\":[\"Posts Fr\u00e8res Jumeaux De L'Essonnes:\"],\"inLanguage\":\"fr-FR\"},{\"@type\":\"WebPage\",\"@id\":\"https:\\\/\\\/jumeaux91.fr\\\/blog\\\/emmanuel-moire-face-a-la-mort-ses-mots-terribles-sur-son-frere-jumeau\\\/\",\"url\":\"https:\\\/\\\/jumeaux91.fr\\\/blog\\\/emmanuel-moire-face-a-la-mort-ses-mots-terribles-sur-son-frere-jumeau\\\/\",\"name\":\"Emmanuel Moire face \u00e0 la mort : ses mots terribles sur son fr\u00e8re jumeau - JUMEAUX91\",\"isPartOf\":{\"@id\":\"https:\\\/\\\/jumeaux91.fr\\\/blog\\\/#website\"},\"primaryImageOfPage\":{\"@id\":\"https:\\\/\\\/jumeaux91.fr\\\/blog\\\/emmanuel-moire-face-a-la-mort-ses-mots-terribles-sur-son-frere-jumeau\\\/#primaryimage\"},\"image\":{\"@id\":\"https:\\\/\\\/jumeaux91.fr\\\/blog\\\/emmanuel-moire-face-a-la-mort-ses-mots-terribles-sur-son-frere-jumeau\\\/#primaryimage\"},\"thumbnailUrl\":\"https:\\\/\\\/jumeaux91.fr\\\/blog\\\/wp-content\\\/uploads\\\/2024\\\/11\\\/emmanuel-moire-face-a-la-mort-ses-mots-terribles-sur-son-frere-jumeau.jpg\",\"datePublished\":\"2024-11-10T20:55:00+00:00\",\"breadcrumb\":{\"@id\":\"https:\\\/\\\/jumeaux91.fr\\\/blog\\\/emmanuel-moire-face-a-la-mort-ses-mots-terribles-sur-son-frere-jumeau\\\/#breadcrumb\"},\"inLanguage\":\"fr-FR\",\"potentialAction\":[{\"@type\":\"ReadAction\",\"target\":[\"https:\\\/\\\/jumeaux91.fr\\\/blog\\\/emmanuel-moire-face-a-la-mort-ses-mots-terribles-sur-son-frere-jumeau\\\/\"]}]},{\"@type\":\"ImageObject\",\"inLanguage\":\"fr-FR\",\"@id\":\"https:\\\/\\\/jumeaux91.fr\\\/blog\\\/emmanuel-moire-face-a-la-mort-ses-mots-terribles-sur-son-frere-jumeau\\\/#primaryimage\",\"url\":\"https:\\\/\\\/jumeaux91.fr\\\/blog\\\/wp-content\\\/uploads\\\/2024\\\/11\\\/emmanuel-moire-face-a-la-mort-ses-mots-terribles-sur-son-frere-jumeau.jpg\",\"contentUrl\":\"https:\\\/\\\/jumeaux91.fr\\\/blog\\\/wp-content\\\/uploads\\\/2024\\\/11\\\/emmanuel-moire-face-a-la-mort-ses-mots-terribles-sur-son-frere-jumeau.jpg\",\"width\":2560,\"height\":1705,\"caption\":\"Emmanuel Moire face \u00e0 la mort : ses mots terribles sur son fr\u00e8re jumeau\"},{\"@type\":\"BreadcrumbList\",\"@id\":\"https:\\\/\\\/jumeaux91.fr\\\/blog\\\/emmanuel-moire-face-a-la-mort-ses-mots-terribles-sur-son-frere-jumeau\\\/#breadcrumb\",\"itemListElement\":[{\"@type\":\"ListItem\",\"position\":1,\"name\":\"Accueil\",\"item\":\"https:\\\/\\\/jumeaux91.fr\\\/blog\\\/\"},{\"@type\":\"ListItem\",\"position\":2,\"name\":\"Emmanuel Moire face \u00e0 la mort : ses mots terribles sur son fr\u00e8re jumeau\"}]},{\"@type\":\"WebSite\",\"@id\":\"https:\\\/\\\/jumeaux91.fr\\\/blog\\\/#website\",\"url\":\"https:\\\/\\\/jumeaux91.fr\\\/blog\\\/\",\"name\":\"JUMEAUX91\",\"description\":\"Fr\u00e8res jumeaux de l&#039;Essonnes; informations et archives, \u00e0 savoir et retenir.\",\"publisher\":{\"@id\":\"https:\\\/\\\/jumeaux91.fr\\\/blog\\\/#organization\"},\"potentialAction\":[{\"@type\":\"SearchAction\",\"target\":{\"@type\":\"EntryPoint\",\"urlTemplate\":\"https:\\\/\\\/jumeaux91.fr\\\/blog\\\/?s={search_term_string}\"},\"query-input\":{\"@type\":\"PropertyValueSpecification\",\"valueRequired\":true,\"valueName\":\"search_term_string\"}}],\"inLanguage\":\"fr-FR\"},{\"@type\":\"Organization\",\"@id\":\"https:\\\/\\\/jumeaux91.fr\\\/blog\\\/#organization\",\"name\":\"jumeaux91\",\"url\":\"https:\\\/\\\/jumeaux91.fr\\\/blog\\\/\",\"logo\":{\"@type\":\"ImageObject\",\"inLanguage\":\"fr-FR\",\"@id\":\"https:\\\/\\\/jumeaux91.fr\\\/blog\\\/#\\\/schema\\\/logo\\\/image\\\/\",\"url\":\"https:\\\/\\\/jumeaux91.fr\\\/blog\\\/wp-content\\\/uploads\\\/2023\\\/05\\\/cropped-cropped-logoJ_91.png\",\"contentUrl\":\"https:\\\/\\\/jumeaux91.fr\\\/blog\\\/wp-content\\\/uploads\\\/2023\\\/05\\\/cropped-cropped-logoJ_91.png\",\"width\":512,\"height\":512,\"caption\":\"jumeaux91\"},\"image\":{\"@id\":\"https:\\\/\\\/jumeaux91.fr\\\/blog\\\/#\\\/schema\\\/logo\\\/image\\\/\"}},{\"@type\":\"Person\",\"@id\":\"https:\\\/\\\/jumeaux91.fr\\\/blog\\\/#\\\/schema\\\/person\\\/21da06e9f119b9f64e5d45dbbd32d3fb\",\"name\":\"Claude DAYRES\",\"image\":{\"@type\":\"ImageObject\",\"inLanguage\":\"fr-FR\",\"@id\":\"https:\\\/\\\/secure.gravatar.com\\\/avatar\\\/82eb951df6110a2c48d1bfa7a67d1ee6f0cd5df3cbf9c3586dd61e82db7172a5?s=96&d=mm&r=g\",\"url\":\"https:\\\/\\\/secure.gravatar.com\\\/avatar\\\/82eb951df6110a2c48d1bfa7a67d1ee6f0cd5df3cbf9c3586dd61e82db7172a5?s=96&d=mm&r=g\",\"contentUrl\":\"https:\\\/\\\/secure.gravatar.com\\\/avatar\\\/82eb951df6110a2c48d1bfa7a67d1ee6f0cd5df3cbf9c3586dd61e82db7172a5?s=96&d=mm&r=g\",\"caption\":\"Claude DAYRES\"},\"url\":\"https:\\\/\\\/jumeaux91.fr\\\/blog\\\/author\\\/x91claude\\\/\"}]}<\/script>\n<!-- \/ Yoast SEO plugin. -->","yoast_head_json":{"title":"Emmanuel Moire face \u00e0 la mort : ses mots terribles sur son fr\u00e8re jumeau - JUMEAUX91","robots":{"index":"index","follow":"follow","max-snippet":"max-snippet:-1","max-image-preview":"max-image-preview:large","max-video-preview":"max-video-preview:-1"},"canonical":"https:\/\/jumeaux91.fr\/blog\/emmanuel-moire-face-a-la-mort-ses-mots-terribles-sur-son-frere-jumeau\/","og_locale":"fr_FR","og_type":"article","og_title":"Emmanuel Moire face \u00e0 la mort : ses mots terribles sur son fr\u00e8re jumeau - JUMEAUX91","og_description":"Chaque semaine, Fr\u00e9d\u00e9ric Lopez accueille diff\u00e9rentes personnalit\u00e9s dans Un dimanche \u00e0 la campagne. Ce 10 novembre 2024, l\u2019animateur vedette a re\u00e7u Sandrine Bonnaire, Christophe Michalak et Emmanuel Moire. Au cours de l\u2019\u00e9mission, celui qui s\u2019est fait conna\u00eetre en incarnant Louis XIV dans la com\u00e9die musicale Le Roi Soleil en 2005, s&rsquo;est confi\u00e9 comme jamais auparavant.&hellip; Poursuivre la lecture Emmanuel Moire face \u00e0 la mort : ses mots terribles sur son fr\u00e8re jumeau","og_url":"https:\/\/jumeaux91.fr\/blog\/emmanuel-moire-face-a-la-mort-ses-mots-terribles-sur-son-frere-jumeau\/","og_site_name":"JUMEAUX91","article_published_time":"2024-11-10T20:55:00+00:00","og_image":[{"url":"https:\/\/jumeaux91.fr\/blog\/wp-content\/uploads\/2024\/11\/emmanuel-moire-face-a-la-mort-ses-mots-terribles-sur-son-frere-jumeau.jpg","type":"","width":"","height":""}],"author":"Claude DAYRES","twitter_card":"summary_large_image","twitter_misc":{"\u00c9crit par":"Claude DAYRES","Dur\u00e9e de lecture estim\u00e9e":"3 minutes"},"schema":{"@context":"https:\/\/schema.org","@graph":[{"@type":"Article","@id":"https:\/\/jumeaux91.fr\/blog\/emmanuel-moire-face-a-la-mort-ses-mots-terribles-sur-son-frere-jumeau\/#article","isPartOf":{"@id":"https:\/\/jumeaux91.fr\/blog\/emmanuel-moire-face-a-la-mort-ses-mots-terribles-sur-son-frere-jumeau\/"},"author":{"name":"Claude DAYRES","@id":"https:\/\/jumeaux91.fr\/blog\/#\/schema\/person\/21da06e9f119b9f64e5d45dbbd32d3fb"},"headline":"Emmanuel Moire face \u00e0 la mort : ses mots terribles sur son fr\u00e8re jumeau","datePublished":"2024-11-10T20:55:00+00:00","mainEntityOfPage":{"@id":"https:\/\/jumeaux91.fr\/blog\/emmanuel-moire-face-a-la-mort-ses-mots-terribles-sur-son-frere-jumeau\/"},"wordCount":604,"publisher":{"@id":"https:\/\/jumeaux91.fr\/blog\/#organization"},"image":{"@id":"https:\/\/jumeaux91.fr\/blog\/emmanuel-moire-face-a-la-mort-ses-mots-terribles-sur-son-frere-jumeau\/#primaryimage"},"thumbnailUrl":"https:\/\/jumeaux91.fr\/blog\/wp-content\/uploads\/2024\/11\/emmanuel-moire-face-a-la-mort-ses-mots-terribles-sur-son-frere-jumeau.jpg","articleSection":["Posts Fr\u00e8res Jumeaux De L'Essonnes:"],"inLanguage":"fr-FR"},{"@type":"WebPage","@id":"https:\/\/jumeaux91.fr\/blog\/emmanuel-moire-face-a-la-mort-ses-mots-terribles-sur-son-frere-jumeau\/","url":"https:\/\/jumeaux91.fr\/blog\/emmanuel-moire-face-a-la-mort-ses-mots-terribles-sur-son-frere-jumeau\/","name":"Emmanuel Moire face \u00e0 la mort : ses mots terribles sur son fr\u00e8re jumeau - JUMEAUX91","isPartOf":{"@id":"https:\/\/jumeaux91.fr\/blog\/#website"},"primaryImageOfPage":{"@id":"https:\/\/jumeaux91.fr\/blog\/emmanuel-moire-face-a-la-mort-ses-mots-terribles-sur-son-frere-jumeau\/#primaryimage"},"image":{"@id":"https:\/\/jumeaux91.fr\/blog\/emmanuel-moire-face-a-la-mort-ses-mots-terribles-sur-son-frere-jumeau\/#primaryimage"},"thumbnailUrl":"https:\/\/jumeaux91.fr\/blog\/wp-content\/uploads\/2024\/11\/emmanuel-moire-face-a-la-mort-ses-mots-terribles-sur-son-frere-jumeau.jpg","datePublished":"2024-11-10T20:55:00+00:00","breadcrumb":{"@id":"https:\/\/jumeaux91.fr\/blog\/emmanuel-moire-face-a-la-mort-ses-mots-terribles-sur-son-frere-jumeau\/#breadcrumb"},"inLanguage":"fr-FR","potentialAction":[{"@type":"ReadAction","target":["https:\/\/jumeaux91.fr\/blog\/emmanuel-moire-face-a-la-mort-ses-mots-terribles-sur-son-frere-jumeau\/"]}]},{"@type":"ImageObject","inLanguage":"fr-FR","@id":"https:\/\/jumeaux91.fr\/blog\/emmanuel-moire-face-a-la-mort-ses-mots-terribles-sur-son-frere-jumeau\/#primaryimage","url":"https:\/\/jumeaux91.fr\/blog\/wp-content\/uploads\/2024\/11\/emmanuel-moire-face-a-la-mort-ses-mots-terribles-sur-son-frere-jumeau.jpg","contentUrl":"https:\/\/jumeaux91.fr\/blog\/wp-content\/uploads\/2024\/11\/emmanuel-moire-face-a-la-mort-ses-mots-terribles-sur-son-frere-jumeau.jpg","width":2560,"height":1705,"caption":"Emmanuel Moire face \u00e0 la mort : ses mots terribles sur son fr\u00e8re jumeau"},{"@type":"BreadcrumbList","@id":"https:\/\/jumeaux91.fr\/blog\/emmanuel-moire-face-a-la-mort-ses-mots-terribles-sur-son-frere-jumeau\/#breadcrumb","itemListElement":[{"@type":"ListItem","position":1,"name":"Accueil","item":"https:\/\/jumeaux91.fr\/blog\/"},{"@type":"ListItem","position":2,"name":"Emmanuel Moire face \u00e0 la mort : ses mots terribles sur son fr\u00e8re jumeau"}]},{"@type":"WebSite","@id":"https:\/\/jumeaux91.fr\/blog\/#website","url":"https:\/\/jumeaux91.fr\/blog\/","name":"JUMEAUX91","description":"Fr\u00e8res jumeaux de l&#039;Essonnes; informations et archives, \u00e0 savoir et retenir.","publisher":{"@id":"https:\/\/jumeaux91.fr\/blog\/#organization"},"potentialAction":[{"@type":"SearchAction","target":{"@type":"EntryPoint","urlTemplate":"https:\/\/jumeaux91.fr\/blog\/?s={search_term_string}"},"query-input":{"@type":"PropertyValueSpecification","valueRequired":true,"valueName":"search_term_string"}}],"inLanguage":"fr-FR"},{"@type":"Organization","@id":"https:\/\/jumeaux91.fr\/blog\/#organization","name":"jumeaux91","url":"https:\/\/jumeaux91.fr\/blog\/","logo":{"@type":"ImageObject","inLanguage":"fr-FR","@id":"https:\/\/jumeaux91.fr\/blog\/#\/schema\/logo\/image\/","url":"https:\/\/jumeaux91.fr\/blog\/wp-content\/uploads\/2023\/05\/cropped-cropped-logoJ_91.png","contentUrl":"https:\/\/jumeaux91.fr\/blog\/wp-content\/uploads\/2023\/05\/cropped-cropped-logoJ_91.png","width":512,"height":512,"caption":"jumeaux91"},"image":{"@id":"https:\/\/jumeaux91.fr\/blog\/#\/schema\/logo\/image\/"}},{"@type":"Person","@id":"https:\/\/jumeaux91.fr\/blog\/#\/schema\/person\/21da06e9f119b9f64e5d45dbbd32d3fb","name":"Claude DAYRES","image":{"@type":"ImageObject","inLanguage":"fr-FR","@id":"https:\/\/secure.gravatar.com\/avatar\/82eb951df6110a2c48d1bfa7a67d1ee6f0cd5df3cbf9c3586dd61e82db7172a5?s=96&d=mm&r=g","url":"https:\/\/secure.gravatar.com\/avatar\/82eb951df6110a2c48d1bfa7a67d1ee6f0cd5df3cbf9c3586dd61e82db7172a5?s=96&d=mm&r=g","contentUrl":"https:\/\/secure.gravatar.com\/avatar\/82eb951df6110a2c48d1bfa7a67d1ee6f0cd5df3cbf9c3586dd61e82db7172a5?s=96&d=mm&r=g","caption":"Claude DAYRES"},"url":"https:\/\/jumeaux91.fr\/blog\/author\/x91claude\/"}]}},"_links":{"self":[{"href":"https:\/\/jumeaux91.fr\/blog\/wp-json\/wp\/v2\/posts\/929","targetHints":{"allow":["GET"]}}],"collection":[{"href":"https:\/\/jumeaux91.fr\/blog\/wp-json\/wp\/v2\/posts"}],"about":[{"href":"https:\/\/jumeaux91.fr\/blog\/wp-json\/wp\/v2\/types\/post"}],"author":[{"embeddable":true,"href":"https:\/\/jumeaux91.fr\/blog\/wp-json\/wp\/v2\/users\/2"}],"replies":[{"embeddable":true,"href":"https:\/\/jumeaux91.fr\/blog\/wp-json\/wp\/v2\/comments?post=929"}],"version-history":[{"count":0,"href":"https:\/\/jumeaux91.fr\/blog\/wp-json\/wp\/v2\/posts\/929\/revisions"}],"wp:featuredmedia":[{"embeddable":true,"href":"https:\/\/jumeaux91.fr\/blog\/wp-json\/wp\/v2\/media\/930"}],"wp:attachment":[{"href":"https:\/\/jumeaux91.fr\/blog\/wp-json\/wp\/v2\/media?parent=929"}],"wp:term":[{"taxonomy":"category","embeddable":true,"href":"https:\/\/jumeaux91.fr\/blog\/wp-json\/wp\/v2\/categories?post=929"},{"taxonomy":"post_tag","embeddable":true,"href":"https:\/\/jumeaux91.fr\/blog\/wp-json\/wp\/v2\/tags?post=929"}],"curies":[{"name":"wp","href":"https:\/\/api.w.org\/{rel}","templated":true}]}}