{"id":933,"date":"2024-11-12T15:39:00","date_gmt":"2024-11-12T14:39:00","guid":{"rendered":"https:\/\/jumeaux91.fr\/blog\/un-policier-du-nunavik-a-fait-feu-vers-deux-freres-tuant-lun-dentre-eux\/"},"modified":"2024-11-12T15:39:00","modified_gmt":"2024-11-12T14:39:00","slug":"un-policier-du-nunavik-a-fait-feu-vers-deux-freres-tuant-lun-dentre-eux","status":"publish","type":"post","link":"https:\/\/jumeaux91.fr\/blog\/un-policier-du-nunavik-a-fait-feu-vers-deux-freres-tuant-lun-dentre-eux\/","title":{"rendered":"Un policier du Nunavik a fait feu vers deux fr\u00e8res, tuant l\u2019un d\u2019entre eux"},"content":{"rendered":"<div>[embedded content]<\/div>\n<hr>\n<p>Une vid\u00e9o diffus\u00e9e sur les m\u00e9dias sociaux semble montrer une confrontation entre la police du Nunavik et deux fr\u00e8res jumeaux t\u00f4t lundi matin, le 4 novembre 2024.<\/p>\n<p>Deux coups de feu sont entendus et l\u2019un des deux fr\u00e8res succombe \u00e0 ses blessures.<\/p>\n<p>Cinq enqu\u00eateurs du bureau des enqu\u00eates ind\u00e9pendants sont envoy\u00e9 dans le nord pour analyser la fusillade.<\/p>\n<div class=\"wp-report-block new-form\">\n<div class=\"wprb-buttons-block\"> <button type=\"button\" class=\"wprb-button wprb-switch\">Report an Error<\/button> <button type=\"button\" class=\"wprb-button wprb-submit-story\">Tell us your Story<\/button> <\/div>\n<\/p><\/div>\n<nav class=\"navigation post-navigation\" aria-label=\"Continue Reading\">\n<h2 class=\"screen-reader-text\">Continue Reading<\/h2>\n<\/nav>\n<div class=\"custom-author-box\">\n<h4 class=\"header-after1\"> <span class=\"header-after \"> Author(s) <\/span> <\/h4>\n<div class=\"row\">\n<div class=\"col-md-12 col-xs-6 auth-tile\">\n<div class=\"auth-profile col-md-2\"> <a href=\"https:\/\/www.aptnnews.ca\/news-team\/#nouvelles-nationales\" target=\"_blank\" rel=\"nofollow\"> <img decoding=\"async\" class=\"avatar avatar-150 photo\" src=\"https:\/\/jumeaux91.fr\/blog\/wp-content\/uploads\/2024\/11\/un-policier-du-nunavik-a-fait-feu-vers-deux-freres-tuant-lun-dentre-eux.jpg\"> <\/a> <\/div>\n<\/p><\/div>\n<\/p><\/div>\n<\/div>\n<p><!-- .custom-author-box --> La chronique se veut g\u00e9n\u00e9r\u00e9e de la fa\u00e7on la plus claire que possible. Dans le cas o\u00f9 vous souhaitez pr\u00e9senter des renseignements compl\u00e9mentaires \u00e0 cet article sur le sujet \u00ab\u00a0Fr\u00e8res jumeaux de l&rsquo;Essonnes\u00a0\u00bb il vous est possible d\u2019\u00e9crire aux contacts indiqu\u00e9s sur notre website. La raison d\u2019\u00eatre de jumeaux91.fr \u00e9tant de rassembler sur le web des posts sur le sujet de Fr\u00e8res jumeaux de l&rsquo;Essonnes puis les diffuser en r\u00e9pondant au mieux aux interrogations des gens. Vous pouvez tirer profit de cet article traitant le sujet \u00ab\u00a0Fr\u00e8res jumeaux de l&rsquo;Essonnes\u00a0\u00bb. Il est concoct\u00e9 par l\u2019\u00e9quipe jumeaux91.fr. Prochainement, nous rendrons accessibles au public d&rsquo;autres informations pertinentes sur le sujet \u00ab\u00a0Fr\u00e8res jumeaux de l&rsquo;Essonnes\u00a0\u00bb. Alors, consultez syst\u00e9matiquement notre blog.<\/p>\n","protected":false},"excerpt":{"rendered":"<p>[embedded content] Une vid\u00e9o diffus\u00e9e sur les m\u00e9dias sociaux semble montrer une confrontation entre la police du Nunavik et deux fr\u00e8res jumeaux t\u00f4t lundi matin, le 4 novembre 2024. Deux coups de feu sont entendus et l\u2019un des deux fr\u00e8res succombe \u00e0 ses blessures. Cinq enqu\u00eateurs du bureau des enqu\u00eates ind\u00e9pendants sont envoy\u00e9 dans le&hellip; <a class=\"more-link\" href=\"https:\/\/jumeaux91.fr\/blog\/un-policier-du-nunavik-a-fait-feu-vers-deux-freres-tuant-lun-dentre-eux\/\">Poursuivre la lecture <span class=\"screen-reader-text\">Un policier du Nunavik a fait feu vers deux fr\u00e8res, tuant l\u2019un d\u2019entre eux<\/span><\/a><\/p>\n","protected":false},"author":2,"featured_media":934,"comment_status":"closed","ping_status":"closed","sticky":false,"template":"","format":"standard","meta":{"footnotes":""},"categories":[4],"tags":[],"class_list":["post-933","post","type-post","status-publish","format-standard","has-post-thumbnail","hentry","category-posts-freres-jumeaux-de-lessonnes","entry"],"yoast_head":"<!-- This site is optimized with the Yoast SEO plugin v27.5 - https:\/\/yoast.com\/product\/yoast-seo-wordpress\/ -->\n<title>Un policier du Nunavik a fait feu vers deux fr\u00e8res, tuant l\u2019un d\u2019entre eux - JUMEAUX91<\/title>\n<meta name=\"robots\" content=\"index, follow, max-snippet:-1, max-image-preview:large, max-video-preview:-1\" \/>\n<link rel=\"canonical\" href=\"https:\/\/jumeaux91.fr\/blog\/un-policier-du-nunavik-a-fait-feu-vers-deux-freres-tuant-lun-dentre-eux\/\" \/>\n<meta property=\"og:locale\" content=\"fr_FR\" \/>\n<meta property=\"og:type\" content=\"article\" \/>\n<meta property=\"og:title\" content=\"Un policier du Nunavik a fait feu vers deux fr\u00e8res, tuant l\u2019un d\u2019entre eux - JUMEAUX91\" \/>\n<meta property=\"og:description\" content=\"[embedded content] Une vid\u00e9o diffus\u00e9e sur les m\u00e9dias sociaux semble montrer une confrontation entre la police du Nunavik et deux fr\u00e8res jumeaux t\u00f4t lundi matin, le 4 novembre 2024. Deux coups de feu sont entendus et l\u2019un des deux fr\u00e8res succombe \u00e0 ses blessures. Cinq enqu\u00eateurs du bureau des enqu\u00eates ind\u00e9pendants sont envoy\u00e9 dans le&hellip; Poursuivre la lecture Un policier du Nunavik a fait feu vers deux fr\u00e8res, tuant l\u2019un d\u2019entre eux\" \/>\n<meta property=\"og:url\" content=\"https:\/\/jumeaux91.fr\/blog\/un-policier-du-nunavik-a-fait-feu-vers-deux-freres-tuant-lun-dentre-eux\/\" \/>\n<meta property=\"og:site_name\" content=\"JUMEAUX91\" \/>\n<meta property=\"article:published_time\" content=\"2024-11-12T14:39:00+00:00\" \/>\n<meta property=\"og:image\" content=\"https:\/\/jumeaux91.fr\/blog\/wp-content\/uploads\/2024\/11\/un-policier-du-nunavik-a-fait-feu-vers-deux-freres-tuant-lun-dentre-eux.jpg\" \/>\n<meta name=\"author\" content=\"Claude DAYRES\" \/>\n<meta name=\"twitter:card\" content=\"summary_large_image\" \/>\n<meta name=\"twitter:label1\" content=\"\u00c9crit par\" \/>\n\t<meta name=\"twitter:data1\" content=\"Claude DAYRES\" \/>\n\t<meta name=\"twitter:label2\" content=\"Dur\u00e9e de lecture estim\u00e9e\" \/>\n\t<meta name=\"twitter:data2\" content=\"1 minute\" \/>\n<script type=\"application\/ld+json\" class=\"yoast-schema-graph\">{\"@context\":\"https:\\\/\\\/schema.org\",\"@graph\":[{\"@type\":\"Article\",\"@id\":\"https:\\\/\\\/jumeaux91.fr\\\/blog\\\/un-policier-du-nunavik-a-fait-feu-vers-deux-freres-tuant-lun-dentre-eux\\\/#article\",\"isPartOf\":{\"@id\":\"https:\\\/\\\/jumeaux91.fr\\\/blog\\\/un-policier-du-nunavik-a-fait-feu-vers-deux-freres-tuant-lun-dentre-eux\\\/\"},\"author\":{\"name\":\"Claude DAYRES\",\"@id\":\"https:\\\/\\\/jumeaux91.fr\\\/blog\\\/#\\\/schema\\\/person\\\/21da06e9f119b9f64e5d45dbbd32d3fb\"},\"headline\":\"Un policier du Nunavik a fait feu vers deux fr\u00e8res, tuant l\u2019un d\u2019entre eux\",\"datePublished\":\"2024-11-12T14:39:00+00:00\",\"mainEntityOfPage\":{\"@id\":\"https:\\\/\\\/jumeaux91.fr\\\/blog\\\/un-policier-du-nunavik-a-fait-feu-vers-deux-freres-tuant-lun-dentre-eux\\\/\"},\"wordCount\":234,\"publisher\":{\"@id\":\"https:\\\/\\\/jumeaux91.fr\\\/blog\\\/#organization\"},\"image\":{\"@id\":\"https:\\\/\\\/jumeaux91.fr\\\/blog\\\/un-policier-du-nunavik-a-fait-feu-vers-deux-freres-tuant-lun-dentre-eux\\\/#primaryimage\"},\"thumbnailUrl\":\"https:\\\/\\\/jumeaux91.fr\\\/blog\\\/wp-content\\\/uploads\\\/2024\\\/11\\\/un-policier-du-nunavik-a-fait-feu-vers-deux-freres-tuant-lun-dentre-eux.jpg\",\"articleSection\":[\"Posts Fr\u00e8res Jumeaux De L'Essonnes:\"],\"inLanguage\":\"fr-FR\"},{\"@type\":\"WebPage\",\"@id\":\"https:\\\/\\\/jumeaux91.fr\\\/blog\\\/un-policier-du-nunavik-a-fait-feu-vers-deux-freres-tuant-lun-dentre-eux\\\/\",\"url\":\"https:\\\/\\\/jumeaux91.fr\\\/blog\\\/un-policier-du-nunavik-a-fait-feu-vers-deux-freres-tuant-lun-dentre-eux\\\/\",\"name\":\"Un policier du Nunavik a fait feu vers deux fr\u00e8res, tuant l\u2019un d\u2019entre eux - JUMEAUX91\",\"isPartOf\":{\"@id\":\"https:\\\/\\\/jumeaux91.fr\\\/blog\\\/#website\"},\"primaryImageOfPage\":{\"@id\":\"https:\\\/\\\/jumeaux91.fr\\\/blog\\\/un-policier-du-nunavik-a-fait-feu-vers-deux-freres-tuant-lun-dentre-eux\\\/#primaryimage\"},\"image\":{\"@id\":\"https:\\\/\\\/jumeaux91.fr\\\/blog\\\/un-policier-du-nunavik-a-fait-feu-vers-deux-freres-tuant-lun-dentre-eux\\\/#primaryimage\"},\"thumbnailUrl\":\"https:\\\/\\\/jumeaux91.fr\\\/blog\\\/wp-content\\\/uploads\\\/2024\\\/11\\\/un-policier-du-nunavik-a-fait-feu-vers-deux-freres-tuant-lun-dentre-eux.jpg\",\"datePublished\":\"2024-11-12T14:39:00+00:00\",\"breadcrumb\":{\"@id\":\"https:\\\/\\\/jumeaux91.fr\\\/blog\\\/un-policier-du-nunavik-a-fait-feu-vers-deux-freres-tuant-lun-dentre-eux\\\/#breadcrumb\"},\"inLanguage\":\"fr-FR\",\"potentialAction\":[{\"@type\":\"ReadAction\",\"target\":[\"https:\\\/\\\/jumeaux91.fr\\\/blog\\\/un-policier-du-nunavik-a-fait-feu-vers-deux-freres-tuant-lun-dentre-eux\\\/\"]}]},{\"@type\":\"ImageObject\",\"inLanguage\":\"fr-FR\",\"@id\":\"https:\\\/\\\/jumeaux91.fr\\\/blog\\\/un-policier-du-nunavik-a-fait-feu-vers-deux-freres-tuant-lun-dentre-eux\\\/#primaryimage\",\"url\":\"https:\\\/\\\/jumeaux91.fr\\\/blog\\\/wp-content\\\/uploads\\\/2024\\\/11\\\/un-policier-du-nunavik-a-fait-feu-vers-deux-freres-tuant-lun-dentre-eux.jpg\",\"contentUrl\":\"https:\\\/\\\/jumeaux91.fr\\\/blog\\\/wp-content\\\/uploads\\\/2024\\\/11\\\/un-policier-du-nunavik-a-fait-feu-vers-deux-freres-tuant-lun-dentre-eux.jpg\",\"width\":231,\"height\":300,\"caption\":\"Un policier du Nunavik a fait feu vers deux fr\u00e8res, tuant l\u2019un d\u2019entre eux\"},{\"@type\":\"BreadcrumbList\",\"@id\":\"https:\\\/\\\/jumeaux91.fr\\\/blog\\\/un-policier-du-nunavik-a-fait-feu-vers-deux-freres-tuant-lun-dentre-eux\\\/#breadcrumb\",\"itemListElement\":[{\"@type\":\"ListItem\",\"position\":1,\"name\":\"Accueil\",\"item\":\"https:\\\/\\\/jumeaux91.fr\\\/blog\\\/\"},{\"@type\":\"ListItem\",\"position\":2,\"name\":\"Un policier du Nunavik a fait feu vers deux fr\u00e8res, tuant l\u2019un d\u2019entre eux\"}]},{\"@type\":\"WebSite\",\"@id\":\"https:\\\/\\\/jumeaux91.fr\\\/blog\\\/#website\",\"url\":\"https:\\\/\\\/jumeaux91.fr\\\/blog\\\/\",\"name\":\"JUMEAUX91\",\"description\":\"Fr\u00e8res jumeaux de l&#039;Essonnes; informations et archives, \u00e0 savoir et retenir.\",\"publisher\":{\"@id\":\"https:\\\/\\\/jumeaux91.fr\\\/blog\\\/#organization\"},\"potentialAction\":[{\"@type\":\"SearchAction\",\"target\":{\"@type\":\"EntryPoint\",\"urlTemplate\":\"https:\\\/\\\/jumeaux91.fr\\\/blog\\\/?s={search_term_string}\"},\"query-input\":{\"@type\":\"PropertyValueSpecification\",\"valueRequired\":true,\"valueName\":\"search_term_string\"}}],\"inLanguage\":\"fr-FR\"},{\"@type\":\"Organization\",\"@id\":\"https:\\\/\\\/jumeaux91.fr\\\/blog\\\/#organization\",\"name\":\"jumeaux91\",\"url\":\"https:\\\/\\\/jumeaux91.fr\\\/blog\\\/\",\"logo\":{\"@type\":\"ImageObject\",\"inLanguage\":\"fr-FR\",\"@id\":\"https:\\\/\\\/jumeaux91.fr\\\/blog\\\/#\\\/schema\\\/logo\\\/image\\\/\",\"url\":\"https:\\\/\\\/jumeaux91.fr\\\/blog\\\/wp-content\\\/uploads\\\/2023\\\/05\\\/cropped-cropped-logoJ_91.png\",\"contentUrl\":\"https:\\\/\\\/jumeaux91.fr\\\/blog\\\/wp-content\\\/uploads\\\/2023\\\/05\\\/cropped-cropped-logoJ_91.png\",\"width\":512,\"height\":512,\"caption\":\"jumeaux91\"},\"image\":{\"@id\":\"https:\\\/\\\/jumeaux91.fr\\\/blog\\\/#\\\/schema\\\/logo\\\/image\\\/\"}},{\"@type\":\"Person\",\"@id\":\"https:\\\/\\\/jumeaux91.fr\\\/blog\\\/#\\\/schema\\\/person\\\/21da06e9f119b9f64e5d45dbbd32d3fb\",\"name\":\"Claude DAYRES\",\"image\":{\"@type\":\"ImageObject\",\"inLanguage\":\"fr-FR\",\"@id\":\"https:\\\/\\\/secure.gravatar.com\\\/avatar\\\/82eb951df6110a2c48d1bfa7a67d1ee6f0cd5df3cbf9c3586dd61e82db7172a5?s=96&d=mm&r=g\",\"url\":\"https:\\\/\\\/secure.gravatar.com\\\/avatar\\\/82eb951df6110a2c48d1bfa7a67d1ee6f0cd5df3cbf9c3586dd61e82db7172a5?s=96&d=mm&r=g\",\"contentUrl\":\"https:\\\/\\\/secure.gravatar.com\\\/avatar\\\/82eb951df6110a2c48d1bfa7a67d1ee6f0cd5df3cbf9c3586dd61e82db7172a5?s=96&d=mm&r=g\",\"caption\":\"Claude DAYRES\"},\"url\":\"https:\\\/\\\/jumeaux91.fr\\\/blog\\\/author\\\/x91claude\\\/\"}]}<\/script>\n<!-- \/ Yoast SEO plugin. -->","yoast_head_json":{"title":"Un policier du Nunavik a fait feu vers deux fr\u00e8res, tuant l\u2019un d\u2019entre eux - JUMEAUX91","robots":{"index":"index","follow":"follow","max-snippet":"max-snippet:-1","max-image-preview":"max-image-preview:large","max-video-preview":"max-video-preview:-1"},"canonical":"https:\/\/jumeaux91.fr\/blog\/un-policier-du-nunavik-a-fait-feu-vers-deux-freres-tuant-lun-dentre-eux\/","og_locale":"fr_FR","og_type":"article","og_title":"Un policier du Nunavik a fait feu vers deux fr\u00e8res, tuant l\u2019un d\u2019entre eux - JUMEAUX91","og_description":"[embedded content] Une vid\u00e9o diffus\u00e9e sur les m\u00e9dias sociaux semble montrer une confrontation entre la police du Nunavik et deux fr\u00e8res jumeaux t\u00f4t lundi matin, le 4 novembre 2024. Deux coups de feu sont entendus et l\u2019un des deux fr\u00e8res succombe \u00e0 ses blessures. Cinq enqu\u00eateurs du bureau des enqu\u00eates ind\u00e9pendants sont envoy\u00e9 dans le&hellip; Poursuivre la lecture Un policier du Nunavik a fait feu vers deux fr\u00e8res, tuant l\u2019un d\u2019entre eux","og_url":"https:\/\/jumeaux91.fr\/blog\/un-policier-du-nunavik-a-fait-feu-vers-deux-freres-tuant-lun-dentre-eux\/","og_site_name":"JUMEAUX91","article_published_time":"2024-11-12T14:39:00+00:00","og_image":[{"url":"https:\/\/jumeaux91.fr\/blog\/wp-content\/uploads\/2024\/11\/un-policier-du-nunavik-a-fait-feu-vers-deux-freres-tuant-lun-dentre-eux.jpg","type":"","width":"","height":""}],"author":"Claude DAYRES","twitter_card":"summary_large_image","twitter_misc":{"\u00c9crit par":"Claude DAYRES","Dur\u00e9e de lecture estim\u00e9e":"1 minute"},"schema":{"@context":"https:\/\/schema.org","@graph":[{"@type":"Article","@id":"https:\/\/jumeaux91.fr\/blog\/un-policier-du-nunavik-a-fait-feu-vers-deux-freres-tuant-lun-dentre-eux\/#article","isPartOf":{"@id":"https:\/\/jumeaux91.fr\/blog\/un-policier-du-nunavik-a-fait-feu-vers-deux-freres-tuant-lun-dentre-eux\/"},"author":{"name":"Claude DAYRES","@id":"https:\/\/jumeaux91.fr\/blog\/#\/schema\/person\/21da06e9f119b9f64e5d45dbbd32d3fb"},"headline":"Un policier du Nunavik a fait feu vers deux fr\u00e8res, tuant l\u2019un d\u2019entre eux","datePublished":"2024-11-12T14:39:00+00:00","mainEntityOfPage":{"@id":"https:\/\/jumeaux91.fr\/blog\/un-policier-du-nunavik-a-fait-feu-vers-deux-freres-tuant-lun-dentre-eux\/"},"wordCount":234,"publisher":{"@id":"https:\/\/jumeaux91.fr\/blog\/#organization"},"image":{"@id":"https:\/\/jumeaux91.fr\/blog\/un-policier-du-nunavik-a-fait-feu-vers-deux-freres-tuant-lun-dentre-eux\/#primaryimage"},"thumbnailUrl":"https:\/\/jumeaux91.fr\/blog\/wp-content\/uploads\/2024\/11\/un-policier-du-nunavik-a-fait-feu-vers-deux-freres-tuant-lun-dentre-eux.jpg","articleSection":["Posts Fr\u00e8res Jumeaux De L'Essonnes:"],"inLanguage":"fr-FR"},{"@type":"WebPage","@id":"https:\/\/jumeaux91.fr\/blog\/un-policier-du-nunavik-a-fait-feu-vers-deux-freres-tuant-lun-dentre-eux\/","url":"https:\/\/jumeaux91.fr\/blog\/un-policier-du-nunavik-a-fait-feu-vers-deux-freres-tuant-lun-dentre-eux\/","name":"Un policier du Nunavik a fait feu vers deux fr\u00e8res, tuant l\u2019un d\u2019entre eux - JUMEAUX91","isPartOf":{"@id":"https:\/\/jumeaux91.fr\/blog\/#website"},"primaryImageOfPage":{"@id":"https:\/\/jumeaux91.fr\/blog\/un-policier-du-nunavik-a-fait-feu-vers-deux-freres-tuant-lun-dentre-eux\/#primaryimage"},"image":{"@id":"https:\/\/jumeaux91.fr\/blog\/un-policier-du-nunavik-a-fait-feu-vers-deux-freres-tuant-lun-dentre-eux\/#primaryimage"},"thumbnailUrl":"https:\/\/jumeaux91.fr\/blog\/wp-content\/uploads\/2024\/11\/un-policier-du-nunavik-a-fait-feu-vers-deux-freres-tuant-lun-dentre-eux.jpg","datePublished":"2024-11-12T14:39:00+00:00","breadcrumb":{"@id":"https:\/\/jumeaux91.fr\/blog\/un-policier-du-nunavik-a-fait-feu-vers-deux-freres-tuant-lun-dentre-eux\/#breadcrumb"},"inLanguage":"fr-FR","potentialAction":[{"@type":"ReadAction","target":["https:\/\/jumeaux91.fr\/blog\/un-policier-du-nunavik-a-fait-feu-vers-deux-freres-tuant-lun-dentre-eux\/"]}]},{"@type":"ImageObject","inLanguage":"fr-FR","@id":"https:\/\/jumeaux91.fr\/blog\/un-policier-du-nunavik-a-fait-feu-vers-deux-freres-tuant-lun-dentre-eux\/#primaryimage","url":"https:\/\/jumeaux91.fr\/blog\/wp-content\/uploads\/2024\/11\/un-policier-du-nunavik-a-fait-feu-vers-deux-freres-tuant-lun-dentre-eux.jpg","contentUrl":"https:\/\/jumeaux91.fr\/blog\/wp-content\/uploads\/2024\/11\/un-policier-du-nunavik-a-fait-feu-vers-deux-freres-tuant-lun-dentre-eux.jpg","width":231,"height":300,"caption":"Un policier du Nunavik a fait feu vers deux fr\u00e8res, tuant l\u2019un d\u2019entre eux"},{"@type":"BreadcrumbList","@id":"https:\/\/jumeaux91.fr\/blog\/un-policier-du-nunavik-a-fait-feu-vers-deux-freres-tuant-lun-dentre-eux\/#breadcrumb","itemListElement":[{"@type":"ListItem","position":1,"name":"Accueil","item":"https:\/\/jumeaux91.fr\/blog\/"},{"@type":"ListItem","position":2,"name":"Un policier du Nunavik a fait feu vers deux fr\u00e8res, tuant l\u2019un d\u2019entre eux"}]},{"@type":"WebSite","@id":"https:\/\/jumeaux91.fr\/blog\/#website","url":"https:\/\/jumeaux91.fr\/blog\/","name":"JUMEAUX91","description":"Fr\u00e8res jumeaux de l&#039;Essonnes; informations et archives, \u00e0 savoir et retenir.","publisher":{"@id":"https:\/\/jumeaux91.fr\/blog\/#organization"},"potentialAction":[{"@type":"SearchAction","target":{"@type":"EntryPoint","urlTemplate":"https:\/\/jumeaux91.fr\/blog\/?s={search_term_string}"},"query-input":{"@type":"PropertyValueSpecification","valueRequired":true,"valueName":"search_term_string"}}],"inLanguage":"fr-FR"},{"@type":"Organization","@id":"https:\/\/jumeaux91.fr\/blog\/#organization","name":"jumeaux91","url":"https:\/\/jumeaux91.fr\/blog\/","logo":{"@type":"ImageObject","inLanguage":"fr-FR","@id":"https:\/\/jumeaux91.fr\/blog\/#\/schema\/logo\/image\/","url":"https:\/\/jumeaux91.fr\/blog\/wp-content\/uploads\/2023\/05\/cropped-cropped-logoJ_91.png","contentUrl":"https:\/\/jumeaux91.fr\/blog\/wp-content\/uploads\/2023\/05\/cropped-cropped-logoJ_91.png","width":512,"height":512,"caption":"jumeaux91"},"image":{"@id":"https:\/\/jumeaux91.fr\/blog\/#\/schema\/logo\/image\/"}},{"@type":"Person","@id":"https:\/\/jumeaux91.fr\/blog\/#\/schema\/person\/21da06e9f119b9f64e5d45dbbd32d3fb","name":"Claude DAYRES","image":{"@type":"ImageObject","inLanguage":"fr-FR","@id":"https:\/\/secure.gravatar.com\/avatar\/82eb951df6110a2c48d1bfa7a67d1ee6f0cd5df3cbf9c3586dd61e82db7172a5?s=96&d=mm&r=g","url":"https:\/\/secure.gravatar.com\/avatar\/82eb951df6110a2c48d1bfa7a67d1ee6f0cd5df3cbf9c3586dd61e82db7172a5?s=96&d=mm&r=g","contentUrl":"https:\/\/secure.gravatar.com\/avatar\/82eb951df6110a2c48d1bfa7a67d1ee6f0cd5df3cbf9c3586dd61e82db7172a5?s=96&d=mm&r=g","caption":"Claude DAYRES"},"url":"https:\/\/jumeaux91.fr\/blog\/author\/x91claude\/"}]}},"_links":{"self":[{"href":"https:\/\/jumeaux91.fr\/blog\/wp-json\/wp\/v2\/posts\/933","targetHints":{"allow":["GET"]}}],"collection":[{"href":"https:\/\/jumeaux91.fr\/blog\/wp-json\/wp\/v2\/posts"}],"about":[{"href":"https:\/\/jumeaux91.fr\/blog\/wp-json\/wp\/v2\/types\/post"}],"author":[{"embeddable":true,"href":"https:\/\/jumeaux91.fr\/blog\/wp-json\/wp\/v2\/users\/2"}],"replies":[{"embeddable":true,"href":"https:\/\/jumeaux91.fr\/blog\/wp-json\/wp\/v2\/comments?post=933"}],"version-history":[{"count":0,"href":"https:\/\/jumeaux91.fr\/blog\/wp-json\/wp\/v2\/posts\/933\/revisions"}],"wp:featuredmedia":[{"embeddable":true,"href":"https:\/\/jumeaux91.fr\/blog\/wp-json\/wp\/v2\/media\/934"}],"wp:attachment":[{"href":"https:\/\/jumeaux91.fr\/blog\/wp-json\/wp\/v2\/media?parent=933"}],"wp:term":[{"taxonomy":"category","embeddable":true,"href":"https:\/\/jumeaux91.fr\/blog\/wp-json\/wp\/v2\/categories?post=933"},{"taxonomy":"post_tag","embeddable":true,"href":"https:\/\/jumeaux91.fr\/blog\/wp-json\/wp\/v2\/tags?post=933"}],"curies":[{"name":"wp","href":"https:\/\/api.w.org\/{rel}","templated":true}]}}