{"id":937,"date":"2024-11-14T02:30:00","date_gmt":"2024-11-14T01:30:00","guid":{"rendered":"https:\/\/jumeaux91.fr\/blog\/charlene-de-monaco-se-confie-sur-ses-jumeaux-comme-tous-les-parents-nous-sommes-un-peu-anxieux\/"},"modified":"2024-11-14T02:30:00","modified_gmt":"2024-11-14T01:30:00","slug":"charlene-de-monaco-se-confie-sur-ses-jumeaux-comme-tous-les-parents-nous-sommes-un-peu-anxieux","status":"publish","type":"post","link":"https:\/\/jumeaux91.fr\/blog\/charlene-de-monaco-se-confie-sur-ses-jumeaux-comme-tous-les-parents-nous-sommes-un-peu-anxieux\/","title":{"rendered":"Charl\u00e8ne de Monaco se confie sur ses jumeaux : \u00ab Comme tous les parents, nous sommes un peu anxieux"},"content":{"rendered":"<div><img decoding=\"async\" src=\"https:\/\/jumeaux91.fr\/blog\/wp-content\/uploads\/2024\/11\/charlene-de-monaco-se-confie-sur-ses-jumeaux-comme-tous-les-parents-nous-sommes-un-peu-anxieux.jpg\" class=\"ff-og-image-inserted\"><\/div>\n<p>La princesse Charl\u00e8ne de Monaco s\u2019est confi\u00e9e sur ses enfants lors d\u2019une interview pour le magazine \u00ab Gala \u00bb.<\/p>\n<p><a href=\"https:\/\/www.elle.fr\/Personnalites\/Charlene-de-Monaco\" rel=\"nofollow noopener\" target=\"_blank\" data-ylk=\"slk:Charl\u00e8ne de Monaco;elm:context_link;itc:0;sec:content-canvas\" class=\"link \">Charl\u00e8ne de Monaco<\/a> a ouvert les portes du palais princier et en a profit\u00e9 pour parler de ses jumeaux, Jacques et Gabriella, au magazine \u00ab Gala \u00bb. L\u2019ancienne nageuse olympique s\u2019est notamment exprim\u00e9e sur ses craintes quant au futur de ses enfants dans le monde d\u2019aujourd\u2019hui : \u00ab Comme tous les autres parents, nous sommes un peu anxieux en songeant aux prochaines ann\u00e9es. On imagine d\u00e9j\u00e0 \u00e0 quoi ils vont \u00eatre expos\u00e9s. \u00bb<\/p>\n<p>\u00c0 lire aussi &gt; <a href=\"https:\/\/www.elle.fr\/People\/La-vie-des-people\/News\/Quand-Charlene-de-Monaco-visait-les-Jeux-olympiques-de-Sydney-en-2000-4247681\" rel=\"nofollow noopener\" target=\"_blank\" data-ylk=\"slk:Quand Charl\u00e8ne de Monaco visait les Jeux olympiques de Sydney en 2000;elm:context_link;itc:0;sec:content-canvas\" class=\"link \">Quand Charl\u00e8ne de Monaco visait les Jeux olympiques de Sydney en 2000<\/a><\/p>\n<p>Des craintes qui sont d\u2019autant plus pr\u00e9sentes depuis quelques ann\u00e9es : \u00ab Le monde actuel est assez diff\u00e9rent de celui dans lequel nous avons grandi. Les enfants sont tellement plus au contact des m\u00e9dias, de la technologie. Ce qu\u2019ils voient et comment ils traitent les informations est tellement diff\u00e9rent de ce que nous avons connu. Je dois avouer que c\u2019est beaucoup de pression \u00bb, ajoute-t-elle.<\/p>\n<h2>Des moments privil\u00e9gi\u00e9s indispensables avec ses enfants<\/h2>\n<p>La femme d\u2019 <a href=\"https:\/\/www.elle.fr\/Personnalites\/Albert-II-de-Monaco\" rel=\"nofollow noopener\" target=\"_blank\" data-ylk=\"slk:Albert II de Monaco;elm:context_link;itc:0;sec:content-canvas\" class=\"link \">Albert II de Monaco<\/a> a aussi \u00e9voqu\u00e9 les difficult\u00e9s \u00e0 passer des moments \u00ab en t\u00eate \u00e0 t\u00eate avec eux \u00bb, ce qu\u2019elle estime \u00ab indispensable quand on est parents de jumeaux. \u00ab Les conversations que je peux avoir avec Jacques et celles avec Gabriella sont tellement diff\u00e9rentes \u00bb, dit-elle.<\/p>\n<p>\u00c0 lire aussi &gt; <a href=\"https:\/\/www.elle.fr\/People\/La-vie-des-people\/News\/Mariage-royal-Albert-et-Charlene-de-Monaco-les-larmes-d-une-princesse\" rel=\"nofollow noopener\" target=\"_blank\" data-ylk=\"slk:Mariage royal : Albert et Charl\u00e8ne de Monaco, les larmes d\u2019une princesse;elm:context_link;itc:0;sec:content-canvas\" class=\"link \">Mariage royal : Albert et Charl\u00e8ne de Monaco, les larmes d\u2019une princesse<\/a><\/p>\n<p>Elle souligne aussi les caract\u00e8res diff\u00e9rents de ses deux enfants,&#8230;<\/p>\n<p><a href=\"https:\/\/www.elle.fr\/People\/La-vie-des-people\/News\/Charlene-de-Monaco-se-confie-sur-ses-jumeaux-Comme-tous-les-parents-nous-sommes-un-peu-anxieux-4285107#xtor=AL-540\" rel=\"nofollow noopener\" target=\"_blank\" data-ylk=\"slk:Lire la suite de l'article sur Elle.fr;elm:context_link;itc:0;sec:content-canvas\" class=\"link \">Lire la suite de l&rsquo;article sur Elle.fr<\/a><\/p>\n<h3>A lire aussi<\/h3>\n<p>La chronique se veut g\u00e9n\u00e9r\u00e9e de la fa\u00e7on la plus claire que possible. Dans le cas o\u00f9 vous souhaitez pr\u00e9senter des renseignements compl\u00e9mentaires \u00e0 cet article sur le sujet \u00ab\u00a0Fr\u00e8res jumeaux de l&rsquo;Essonnes\u00a0\u00bb il vous est possible d\u2019\u00e9crire aux contacts indiqu\u00e9s sur notre website. La raison d\u2019\u00eatre de jumeaux91.fr \u00e9tant de rassembler sur le web des posts sur le sujet de Fr\u00e8res jumeaux de l&rsquo;Essonnes puis les diffuser en r\u00e9pondant au mieux aux interrogations des gens. Vous pouvez tirer profit de cet article traitant le sujet \u00ab\u00a0Fr\u00e8res jumeaux de l&rsquo;Essonnes\u00a0\u00bb. Il est concoct\u00e9 par l\u2019\u00e9quipe jumeaux91.fr. Prochainement, nous rendrons accessibles au public d&rsquo;autres informations pertinentes sur le sujet \u00ab\u00a0Fr\u00e8res jumeaux de l&rsquo;Essonnes\u00a0\u00bb. Alors, consultez syst\u00e9matiquement notre blog.<\/p>\n","protected":false},"excerpt":{"rendered":"<p>La princesse Charl\u00e8ne de Monaco s\u2019est confi\u00e9e sur ses enfants lors d\u2019une interview pour le magazine \u00ab Gala \u00bb. Charl\u00e8ne de Monaco a ouvert les portes du palais princier et en a profit\u00e9 pour parler de ses jumeaux, Jacques et Gabriella, au magazine \u00ab Gala \u00bb. L\u2019ancienne nageuse olympique s\u2019est notamment exprim\u00e9e sur ses craintes&hellip; <a class=\"more-link\" href=\"https:\/\/jumeaux91.fr\/blog\/charlene-de-monaco-se-confie-sur-ses-jumeaux-comme-tous-les-parents-nous-sommes-un-peu-anxieux\/\">Poursuivre la lecture <span class=\"screen-reader-text\">Charl\u00e8ne de Monaco se confie sur ses jumeaux : \u00ab Comme tous les parents, nous sommes un peu anxieux<\/span><\/a><\/p>\n","protected":false},"author":2,"featured_media":938,"comment_status":"closed","ping_status":"closed","sticky":false,"template":"","format":"standard","meta":{"footnotes":""},"categories":[4],"tags":[],"class_list":["post-937","post","type-post","status-publish","format-standard","has-post-thumbnail","hentry","category-posts-freres-jumeaux-de-lessonnes","entry"],"yoast_head":"<!-- This site is optimized with the Yoast SEO plugin v27.5 - https:\/\/yoast.com\/product\/yoast-seo-wordpress\/ -->\n<title>Charl\u00e8ne de Monaco se confie sur ses jumeaux : \u00ab Comme tous les parents, nous sommes un peu anxieux - JUMEAUX91<\/title>\n<meta name=\"robots\" content=\"index, follow, max-snippet:-1, max-image-preview:large, max-video-preview:-1\" \/>\n<link rel=\"canonical\" href=\"https:\/\/jumeaux91.fr\/blog\/charlene-de-monaco-se-confie-sur-ses-jumeaux-comme-tous-les-parents-nous-sommes-un-peu-anxieux\/\" \/>\n<meta property=\"og:locale\" content=\"fr_FR\" \/>\n<meta property=\"og:type\" content=\"article\" \/>\n<meta property=\"og:title\" content=\"Charl\u00e8ne de Monaco se confie sur ses jumeaux : \u00ab Comme tous les parents, nous sommes un peu anxieux - JUMEAUX91\" \/>\n<meta property=\"og:description\" content=\"La princesse Charl\u00e8ne de Monaco s\u2019est confi\u00e9e sur ses enfants lors d\u2019une interview pour le magazine \u00ab Gala \u00bb. Charl\u00e8ne de Monaco a ouvert les portes du palais princier et en a profit\u00e9 pour parler de ses jumeaux, Jacques et Gabriella, au magazine \u00ab Gala \u00bb. L\u2019ancienne nageuse olympique s\u2019est notamment exprim\u00e9e sur ses craintes&hellip; Poursuivre la lecture Charl\u00e8ne de Monaco se confie sur ses jumeaux : \u00ab Comme tous les parents, nous sommes un peu anxieux\" \/>\n<meta property=\"og:url\" content=\"https:\/\/jumeaux91.fr\/blog\/charlene-de-monaco-se-confie-sur-ses-jumeaux-comme-tous-les-parents-nous-sommes-un-peu-anxieux\/\" \/>\n<meta property=\"og:site_name\" content=\"JUMEAUX91\" \/>\n<meta property=\"article:published_time\" content=\"2024-11-14T01:30:00+00:00\" \/>\n<meta property=\"og:image\" content=\"https:\/\/jumeaux91.fr\/blog\/wp-content\/uploads\/2024\/11\/charlene-de-monaco-se-confie-sur-ses-jumeaux-comme-tous-les-parents-nous-sommes-un-peu-anxieux.jpg\" \/>\n<meta name=\"author\" content=\"Claude DAYRES\" \/>\n<meta name=\"twitter:card\" content=\"summary_large_image\" \/>\n<meta name=\"twitter:label1\" content=\"\u00c9crit par\" \/>\n\t<meta name=\"twitter:data1\" content=\"Claude DAYRES\" \/>\n\t<meta name=\"twitter:label2\" content=\"Dur\u00e9e de lecture estim\u00e9e\" \/>\n\t<meta name=\"twitter:data2\" content=\"2 minutes\" \/>\n<script type=\"application\/ld+json\" class=\"yoast-schema-graph\">{\"@context\":\"https:\\\/\\\/schema.org\",\"@graph\":[{\"@type\":\"Article\",\"@id\":\"https:\\\/\\\/jumeaux91.fr\\\/blog\\\/charlene-de-monaco-se-confie-sur-ses-jumeaux-comme-tous-les-parents-nous-sommes-un-peu-anxieux\\\/#article\",\"isPartOf\":{\"@id\":\"https:\\\/\\\/jumeaux91.fr\\\/blog\\\/charlene-de-monaco-se-confie-sur-ses-jumeaux-comme-tous-les-parents-nous-sommes-un-peu-anxieux\\\/\"},\"author\":{\"name\":\"Claude DAYRES\",\"@id\":\"https:\\\/\\\/jumeaux91.fr\\\/blog\\\/#\\\/schema\\\/person\\\/21da06e9f119b9f64e5d45dbbd32d3fb\"},\"headline\":\"Charl\u00e8ne de Monaco se confie sur ses jumeaux : \u00ab Comme tous les parents, nous sommes un peu anxieux\",\"datePublished\":\"2024-11-14T01:30:00+00:00\",\"mainEntityOfPage\":{\"@id\":\"https:\\\/\\\/jumeaux91.fr\\\/blog\\\/charlene-de-monaco-se-confie-sur-ses-jumeaux-comme-tous-les-parents-nous-sommes-un-peu-anxieux\\\/\"},\"wordCount\":438,\"publisher\":{\"@id\":\"https:\\\/\\\/jumeaux91.fr\\\/blog\\\/#organization\"},\"image\":{\"@id\":\"https:\\\/\\\/jumeaux91.fr\\\/blog\\\/charlene-de-monaco-se-confie-sur-ses-jumeaux-comme-tous-les-parents-nous-sommes-un-peu-anxieux\\\/#primaryimage\"},\"thumbnailUrl\":\"https:\\\/\\\/jumeaux91.fr\\\/blog\\\/wp-content\\\/uploads\\\/2024\\\/11\\\/charlene-de-monaco-se-confie-sur-ses-jumeaux-comme-tous-les-parents-nous-sommes-un-peu-anxieux.jpg\",\"articleSection\":[\"Posts Fr\u00e8res Jumeaux De L'Essonnes:\"],\"inLanguage\":\"fr-FR\"},{\"@type\":\"WebPage\",\"@id\":\"https:\\\/\\\/jumeaux91.fr\\\/blog\\\/charlene-de-monaco-se-confie-sur-ses-jumeaux-comme-tous-les-parents-nous-sommes-un-peu-anxieux\\\/\",\"url\":\"https:\\\/\\\/jumeaux91.fr\\\/blog\\\/charlene-de-monaco-se-confie-sur-ses-jumeaux-comme-tous-les-parents-nous-sommes-un-peu-anxieux\\\/\",\"name\":\"Charl\u00e8ne de Monaco se confie sur ses jumeaux : \u00ab Comme tous les parents, nous sommes un peu anxieux - JUMEAUX91\",\"isPartOf\":{\"@id\":\"https:\\\/\\\/jumeaux91.fr\\\/blog\\\/#website\"},\"primaryImageOfPage\":{\"@id\":\"https:\\\/\\\/jumeaux91.fr\\\/blog\\\/charlene-de-monaco-se-confie-sur-ses-jumeaux-comme-tous-les-parents-nous-sommes-un-peu-anxieux\\\/#primaryimage\"},\"image\":{\"@id\":\"https:\\\/\\\/jumeaux91.fr\\\/blog\\\/charlene-de-monaco-se-confie-sur-ses-jumeaux-comme-tous-les-parents-nous-sommes-un-peu-anxieux\\\/#primaryimage\"},\"thumbnailUrl\":\"https:\\\/\\\/jumeaux91.fr\\\/blog\\\/wp-content\\\/uploads\\\/2024\\\/11\\\/charlene-de-monaco-se-confie-sur-ses-jumeaux-comme-tous-les-parents-nous-sommes-un-peu-anxieux.jpg\",\"datePublished\":\"2024-11-14T01:30:00+00:00\",\"breadcrumb\":{\"@id\":\"https:\\\/\\\/jumeaux91.fr\\\/blog\\\/charlene-de-monaco-se-confie-sur-ses-jumeaux-comme-tous-les-parents-nous-sommes-un-peu-anxieux\\\/#breadcrumb\"},\"inLanguage\":\"fr-FR\",\"potentialAction\":[{\"@type\":\"ReadAction\",\"target\":[\"https:\\\/\\\/jumeaux91.fr\\\/blog\\\/charlene-de-monaco-se-confie-sur-ses-jumeaux-comme-tous-les-parents-nous-sommes-un-peu-anxieux\\\/\"]}]},{\"@type\":\"ImageObject\",\"inLanguage\":\"fr-FR\",\"@id\":\"https:\\\/\\\/jumeaux91.fr\\\/blog\\\/charlene-de-monaco-se-confie-sur-ses-jumeaux-comme-tous-les-parents-nous-sommes-un-peu-anxieux\\\/#primaryimage\",\"url\":\"https:\\\/\\\/jumeaux91.fr\\\/blog\\\/wp-content\\\/uploads\\\/2024\\\/11\\\/charlene-de-monaco-se-confie-sur-ses-jumeaux-comme-tous-les-parents-nous-sommes-un-peu-anxieux.jpg\",\"contentUrl\":\"https:\\\/\\\/jumeaux91.fr\\\/blog\\\/wp-content\\\/uploads\\\/2024\\\/11\\\/charlene-de-monaco-se-confie-sur-ses-jumeaux-comme-tous-les-parents-nous-sommes-un-peu-anxieux.jpg\",\"width\":1200,\"height\":800,\"caption\":\"Charl\u00e8ne de Monaco se confie sur ses jumeaux : \u00ab Comme tous les parents, nous sommes un peu anxieux\"},{\"@type\":\"BreadcrumbList\",\"@id\":\"https:\\\/\\\/jumeaux91.fr\\\/blog\\\/charlene-de-monaco-se-confie-sur-ses-jumeaux-comme-tous-les-parents-nous-sommes-un-peu-anxieux\\\/#breadcrumb\",\"itemListElement\":[{\"@type\":\"ListItem\",\"position\":1,\"name\":\"Accueil\",\"item\":\"https:\\\/\\\/jumeaux91.fr\\\/blog\\\/\"},{\"@type\":\"ListItem\",\"position\":2,\"name\":\"Charl\u00e8ne de Monaco se confie sur ses jumeaux : \u00ab Comme tous les parents, nous sommes un peu anxieux\"}]},{\"@type\":\"WebSite\",\"@id\":\"https:\\\/\\\/jumeaux91.fr\\\/blog\\\/#website\",\"url\":\"https:\\\/\\\/jumeaux91.fr\\\/blog\\\/\",\"name\":\"JUMEAUX91\",\"description\":\"Fr\u00e8res jumeaux de l&#039;Essonnes; informations et archives, \u00e0 savoir et retenir.\",\"publisher\":{\"@id\":\"https:\\\/\\\/jumeaux91.fr\\\/blog\\\/#organization\"},\"potentialAction\":[{\"@type\":\"SearchAction\",\"target\":{\"@type\":\"EntryPoint\",\"urlTemplate\":\"https:\\\/\\\/jumeaux91.fr\\\/blog\\\/?s={search_term_string}\"},\"query-input\":{\"@type\":\"PropertyValueSpecification\",\"valueRequired\":true,\"valueName\":\"search_term_string\"}}],\"inLanguage\":\"fr-FR\"},{\"@type\":\"Organization\",\"@id\":\"https:\\\/\\\/jumeaux91.fr\\\/blog\\\/#organization\",\"name\":\"jumeaux91\",\"url\":\"https:\\\/\\\/jumeaux91.fr\\\/blog\\\/\",\"logo\":{\"@type\":\"ImageObject\",\"inLanguage\":\"fr-FR\",\"@id\":\"https:\\\/\\\/jumeaux91.fr\\\/blog\\\/#\\\/schema\\\/logo\\\/image\\\/\",\"url\":\"https:\\\/\\\/jumeaux91.fr\\\/blog\\\/wp-content\\\/uploads\\\/2023\\\/05\\\/cropped-cropped-logoJ_91.png\",\"contentUrl\":\"https:\\\/\\\/jumeaux91.fr\\\/blog\\\/wp-content\\\/uploads\\\/2023\\\/05\\\/cropped-cropped-logoJ_91.png\",\"width\":512,\"height\":512,\"caption\":\"jumeaux91\"},\"image\":{\"@id\":\"https:\\\/\\\/jumeaux91.fr\\\/blog\\\/#\\\/schema\\\/logo\\\/image\\\/\"}},{\"@type\":\"Person\",\"@id\":\"https:\\\/\\\/jumeaux91.fr\\\/blog\\\/#\\\/schema\\\/person\\\/21da06e9f119b9f64e5d45dbbd32d3fb\",\"name\":\"Claude DAYRES\",\"image\":{\"@type\":\"ImageObject\",\"inLanguage\":\"fr-FR\",\"@id\":\"https:\\\/\\\/secure.gravatar.com\\\/avatar\\\/82eb951df6110a2c48d1bfa7a67d1ee6f0cd5df3cbf9c3586dd61e82db7172a5?s=96&d=mm&r=g\",\"url\":\"https:\\\/\\\/secure.gravatar.com\\\/avatar\\\/82eb951df6110a2c48d1bfa7a67d1ee6f0cd5df3cbf9c3586dd61e82db7172a5?s=96&d=mm&r=g\",\"contentUrl\":\"https:\\\/\\\/secure.gravatar.com\\\/avatar\\\/82eb951df6110a2c48d1bfa7a67d1ee6f0cd5df3cbf9c3586dd61e82db7172a5?s=96&d=mm&r=g\",\"caption\":\"Claude DAYRES\"},\"url\":\"https:\\\/\\\/jumeaux91.fr\\\/blog\\\/author\\\/x91claude\\\/\"}]}<\/script>\n<!-- \/ Yoast SEO plugin. -->","yoast_head_json":{"title":"Charl\u00e8ne de Monaco se confie sur ses jumeaux : \u00ab Comme tous les parents, nous sommes un peu anxieux - JUMEAUX91","robots":{"index":"index","follow":"follow","max-snippet":"max-snippet:-1","max-image-preview":"max-image-preview:large","max-video-preview":"max-video-preview:-1"},"canonical":"https:\/\/jumeaux91.fr\/blog\/charlene-de-monaco-se-confie-sur-ses-jumeaux-comme-tous-les-parents-nous-sommes-un-peu-anxieux\/","og_locale":"fr_FR","og_type":"article","og_title":"Charl\u00e8ne de Monaco se confie sur ses jumeaux : \u00ab Comme tous les parents, nous sommes un peu anxieux - JUMEAUX91","og_description":"La princesse Charl\u00e8ne de Monaco s\u2019est confi\u00e9e sur ses enfants lors d\u2019une interview pour le magazine \u00ab Gala \u00bb. Charl\u00e8ne de Monaco a ouvert les portes du palais princier et en a profit\u00e9 pour parler de ses jumeaux, Jacques et Gabriella, au magazine \u00ab Gala \u00bb. L\u2019ancienne nageuse olympique s\u2019est notamment exprim\u00e9e sur ses craintes&hellip; Poursuivre la lecture Charl\u00e8ne de Monaco se confie sur ses jumeaux : \u00ab Comme tous les parents, nous sommes un peu anxieux","og_url":"https:\/\/jumeaux91.fr\/blog\/charlene-de-monaco-se-confie-sur-ses-jumeaux-comme-tous-les-parents-nous-sommes-un-peu-anxieux\/","og_site_name":"JUMEAUX91","article_published_time":"2024-11-14T01:30:00+00:00","og_image":[{"url":"https:\/\/jumeaux91.fr\/blog\/wp-content\/uploads\/2024\/11\/charlene-de-monaco-se-confie-sur-ses-jumeaux-comme-tous-les-parents-nous-sommes-un-peu-anxieux.jpg","type":"","width":"","height":""}],"author":"Claude DAYRES","twitter_card":"summary_large_image","twitter_misc":{"\u00c9crit par":"Claude DAYRES","Dur\u00e9e de lecture estim\u00e9e":"2 minutes"},"schema":{"@context":"https:\/\/schema.org","@graph":[{"@type":"Article","@id":"https:\/\/jumeaux91.fr\/blog\/charlene-de-monaco-se-confie-sur-ses-jumeaux-comme-tous-les-parents-nous-sommes-un-peu-anxieux\/#article","isPartOf":{"@id":"https:\/\/jumeaux91.fr\/blog\/charlene-de-monaco-se-confie-sur-ses-jumeaux-comme-tous-les-parents-nous-sommes-un-peu-anxieux\/"},"author":{"name":"Claude DAYRES","@id":"https:\/\/jumeaux91.fr\/blog\/#\/schema\/person\/21da06e9f119b9f64e5d45dbbd32d3fb"},"headline":"Charl\u00e8ne de Monaco se confie sur ses jumeaux : \u00ab Comme tous les parents, nous sommes un peu anxieux","datePublished":"2024-11-14T01:30:00+00:00","mainEntityOfPage":{"@id":"https:\/\/jumeaux91.fr\/blog\/charlene-de-monaco-se-confie-sur-ses-jumeaux-comme-tous-les-parents-nous-sommes-un-peu-anxieux\/"},"wordCount":438,"publisher":{"@id":"https:\/\/jumeaux91.fr\/blog\/#organization"},"image":{"@id":"https:\/\/jumeaux91.fr\/blog\/charlene-de-monaco-se-confie-sur-ses-jumeaux-comme-tous-les-parents-nous-sommes-un-peu-anxieux\/#primaryimage"},"thumbnailUrl":"https:\/\/jumeaux91.fr\/blog\/wp-content\/uploads\/2024\/11\/charlene-de-monaco-se-confie-sur-ses-jumeaux-comme-tous-les-parents-nous-sommes-un-peu-anxieux.jpg","articleSection":["Posts Fr\u00e8res Jumeaux De L'Essonnes:"],"inLanguage":"fr-FR"},{"@type":"WebPage","@id":"https:\/\/jumeaux91.fr\/blog\/charlene-de-monaco-se-confie-sur-ses-jumeaux-comme-tous-les-parents-nous-sommes-un-peu-anxieux\/","url":"https:\/\/jumeaux91.fr\/blog\/charlene-de-monaco-se-confie-sur-ses-jumeaux-comme-tous-les-parents-nous-sommes-un-peu-anxieux\/","name":"Charl\u00e8ne de Monaco se confie sur ses jumeaux : \u00ab Comme tous les parents, nous sommes un peu anxieux - JUMEAUX91","isPartOf":{"@id":"https:\/\/jumeaux91.fr\/blog\/#website"},"primaryImageOfPage":{"@id":"https:\/\/jumeaux91.fr\/blog\/charlene-de-monaco-se-confie-sur-ses-jumeaux-comme-tous-les-parents-nous-sommes-un-peu-anxieux\/#primaryimage"},"image":{"@id":"https:\/\/jumeaux91.fr\/blog\/charlene-de-monaco-se-confie-sur-ses-jumeaux-comme-tous-les-parents-nous-sommes-un-peu-anxieux\/#primaryimage"},"thumbnailUrl":"https:\/\/jumeaux91.fr\/blog\/wp-content\/uploads\/2024\/11\/charlene-de-monaco-se-confie-sur-ses-jumeaux-comme-tous-les-parents-nous-sommes-un-peu-anxieux.jpg","datePublished":"2024-11-14T01:30:00+00:00","breadcrumb":{"@id":"https:\/\/jumeaux91.fr\/blog\/charlene-de-monaco-se-confie-sur-ses-jumeaux-comme-tous-les-parents-nous-sommes-un-peu-anxieux\/#breadcrumb"},"inLanguage":"fr-FR","potentialAction":[{"@type":"ReadAction","target":["https:\/\/jumeaux91.fr\/blog\/charlene-de-monaco-se-confie-sur-ses-jumeaux-comme-tous-les-parents-nous-sommes-un-peu-anxieux\/"]}]},{"@type":"ImageObject","inLanguage":"fr-FR","@id":"https:\/\/jumeaux91.fr\/blog\/charlene-de-monaco-se-confie-sur-ses-jumeaux-comme-tous-les-parents-nous-sommes-un-peu-anxieux\/#primaryimage","url":"https:\/\/jumeaux91.fr\/blog\/wp-content\/uploads\/2024\/11\/charlene-de-monaco-se-confie-sur-ses-jumeaux-comme-tous-les-parents-nous-sommes-un-peu-anxieux.jpg","contentUrl":"https:\/\/jumeaux91.fr\/blog\/wp-content\/uploads\/2024\/11\/charlene-de-monaco-se-confie-sur-ses-jumeaux-comme-tous-les-parents-nous-sommes-un-peu-anxieux.jpg","width":1200,"height":800,"caption":"Charl\u00e8ne de Monaco se confie sur ses jumeaux : \u00ab Comme tous les parents, nous sommes un peu anxieux"},{"@type":"BreadcrumbList","@id":"https:\/\/jumeaux91.fr\/blog\/charlene-de-monaco-se-confie-sur-ses-jumeaux-comme-tous-les-parents-nous-sommes-un-peu-anxieux\/#breadcrumb","itemListElement":[{"@type":"ListItem","position":1,"name":"Accueil","item":"https:\/\/jumeaux91.fr\/blog\/"},{"@type":"ListItem","position":2,"name":"Charl\u00e8ne de Monaco se confie sur ses jumeaux : \u00ab Comme tous les parents, nous sommes un peu anxieux"}]},{"@type":"WebSite","@id":"https:\/\/jumeaux91.fr\/blog\/#website","url":"https:\/\/jumeaux91.fr\/blog\/","name":"JUMEAUX91","description":"Fr\u00e8res jumeaux de l&#039;Essonnes; informations et archives, \u00e0 savoir et retenir.","publisher":{"@id":"https:\/\/jumeaux91.fr\/blog\/#organization"},"potentialAction":[{"@type":"SearchAction","target":{"@type":"EntryPoint","urlTemplate":"https:\/\/jumeaux91.fr\/blog\/?s={search_term_string}"},"query-input":{"@type":"PropertyValueSpecification","valueRequired":true,"valueName":"search_term_string"}}],"inLanguage":"fr-FR"},{"@type":"Organization","@id":"https:\/\/jumeaux91.fr\/blog\/#organization","name":"jumeaux91","url":"https:\/\/jumeaux91.fr\/blog\/","logo":{"@type":"ImageObject","inLanguage":"fr-FR","@id":"https:\/\/jumeaux91.fr\/blog\/#\/schema\/logo\/image\/","url":"https:\/\/jumeaux91.fr\/blog\/wp-content\/uploads\/2023\/05\/cropped-cropped-logoJ_91.png","contentUrl":"https:\/\/jumeaux91.fr\/blog\/wp-content\/uploads\/2023\/05\/cropped-cropped-logoJ_91.png","width":512,"height":512,"caption":"jumeaux91"},"image":{"@id":"https:\/\/jumeaux91.fr\/blog\/#\/schema\/logo\/image\/"}},{"@type":"Person","@id":"https:\/\/jumeaux91.fr\/blog\/#\/schema\/person\/21da06e9f119b9f64e5d45dbbd32d3fb","name":"Claude DAYRES","image":{"@type":"ImageObject","inLanguage":"fr-FR","@id":"https:\/\/secure.gravatar.com\/avatar\/82eb951df6110a2c48d1bfa7a67d1ee6f0cd5df3cbf9c3586dd61e82db7172a5?s=96&d=mm&r=g","url":"https:\/\/secure.gravatar.com\/avatar\/82eb951df6110a2c48d1bfa7a67d1ee6f0cd5df3cbf9c3586dd61e82db7172a5?s=96&d=mm&r=g","contentUrl":"https:\/\/secure.gravatar.com\/avatar\/82eb951df6110a2c48d1bfa7a67d1ee6f0cd5df3cbf9c3586dd61e82db7172a5?s=96&d=mm&r=g","caption":"Claude DAYRES"},"url":"https:\/\/jumeaux91.fr\/blog\/author\/x91claude\/"}]}},"_links":{"self":[{"href":"https:\/\/jumeaux91.fr\/blog\/wp-json\/wp\/v2\/posts\/937","targetHints":{"allow":["GET"]}}],"collection":[{"href":"https:\/\/jumeaux91.fr\/blog\/wp-json\/wp\/v2\/posts"}],"about":[{"href":"https:\/\/jumeaux91.fr\/blog\/wp-json\/wp\/v2\/types\/post"}],"author":[{"embeddable":true,"href":"https:\/\/jumeaux91.fr\/blog\/wp-json\/wp\/v2\/users\/2"}],"replies":[{"embeddable":true,"href":"https:\/\/jumeaux91.fr\/blog\/wp-json\/wp\/v2\/comments?post=937"}],"version-history":[{"count":0,"href":"https:\/\/jumeaux91.fr\/blog\/wp-json\/wp\/v2\/posts\/937\/revisions"}],"wp:featuredmedia":[{"embeddable":true,"href":"https:\/\/jumeaux91.fr\/blog\/wp-json\/wp\/v2\/media\/938"}],"wp:attachment":[{"href":"https:\/\/jumeaux91.fr\/blog\/wp-json\/wp\/v2\/media?parent=937"}],"wp:term":[{"taxonomy":"category","embeddable":true,"href":"https:\/\/jumeaux91.fr\/blog\/wp-json\/wp\/v2\/categories?post=937"},{"taxonomy":"post_tag","embeddable":true,"href":"https:\/\/jumeaux91.fr\/blog\/wp-json\/wp\/v2\/tags?post=937"}],"curies":[{"name":"wp","href":"https:\/\/api.w.org\/{rel}","templated":true}]}}