{"id":948,"date":"2024-12-04T00:16:00","date_gmt":"2024-12-03T23:16:00","guid":{"rendered":"https:\/\/jumeaux91.fr\/blog\/ludovic-et-zoran-boukherma-et-leurs-enfants-apres-eux-le-roman-nous-a-parle-parce-quil-traite-de-la-france-dans-laquelle-on-a-grandi\/"},"modified":"2024-12-04T00:16:00","modified_gmt":"2024-12-03T23:16:00","slug":"ludovic-et-zoran-boukherma-et-leurs-enfants-apres-eux-le-roman-nous-a-parle-parce-quil-traite-de-la-france-dans-laquelle-on-a-grandi","status":"publish","type":"post","link":"https:\/\/jumeaux91.fr\/blog\/ludovic-et-zoran-boukherma-et-leurs-enfants-apres-eux-le-roman-nous-a-parle-parce-quil-traite-de-la-france-dans-laquelle-on-a-grandi\/","title":{"rendered":"Ludovic et Zoran Boukherma, et \u00ab\u00a0Leurs enfants apr\u00e8s eux\u00a0\u00bb : \u00ab\u00a0Le roman nous a parl\u00e9 parce qu&rsquo;il traite de la France dans laquelle on a grandi\u00a0\u00bb"},"content":{"rendered":"<div><img decoding=\"async\" src=\"https:\/\/jumeaux91.fr\/blog\/wp-content\/uploads\/2024\/12\/ludovic-et-zoran-boukherma-et-leurs-enfants-apres-eux-le-roman-nous-a-parle-parce-quil-traite-de-la-france-dans-laquelle-on-a-grandi.jpg\" class=\"ff-og-image-inserted\"><\/div>\n<div data-elbcontext=\"area:link\" data-elb-navigation=\"url:#href\">\n<p><span><span><span><span>Les fr\u00e8res jumeaux Ludovic et Zoran Boukherma, jusqu\u2019ici r\u00e9alisateurs de films de genre (\u00ab\u00a0Teddy\u00a0\u00bb, \u00ab\u00a0L\u2019ann\u00e9e du requin\u00a0\u00bb), ont h\u00e9rit\u00e9 du projet apr\u00e8s l\u2019abandon de Gilles Lellouche, qui a pr\u00e9f\u00e9r\u00e9 se concentrer sur \u00ab\u00a0L\u2019amour ouf\u00a0\u00bb. Mais \u00e0 la diff\u00e9rence de \u00ab\u00a0L\u2019amour ouf\u00a0\u00bb, qui se d\u00e9roule dans le m\u00eame microcosme social, \u00ab\u00a0Leurs enfants apr\u00e8s eux\u00a0\u00bb ne flirte pas avec un romantisme artificiel&nbsp;: Anthony est amoureux de St\u00e9phanie, mais leur diff\u00e9rence de milieu social reste un gouffre infranchissable.<\/span><\/span><\/span><\/span><\/p>\n<p><span><span><span><span>Fresque sociale dans la France d\u2019\u00a0\u00bben bas\u00a0\u00bb, roman d\u2019apprentissage \u2013 on va suivre le personnage principal pendant plusieurs \u00e9t\u00e9s, jusqu\u2019\u00e0 l\u2019\u00e2ge adulte, histoire d\u2019un amour impossible, chronique familiale (avec les rapports houleux entre le jeune gar\u00e7on et son p\u00e8re), portrait du racisme ordinaire, \u00ab\u00a0Leurs enfants apr\u00e8s eux\u00a0\u00bb&nbsp;est tout cela \u00e0 la fois et les&nbsp;<\/span><\/span><\/span><\/span><span><span><span><span>fr\u00e8res Boukherma, qui livrent un long-m\u00e9trage sinc\u00e8re \u00e0 d\u00e9faut d\u2019\u00eatre r\u00e9ellement novateur.<\/span><\/span><\/span><\/span><\/p>\n<\/div>\n<p>La chronique se veut g\u00e9n\u00e9r\u00e9e de la fa\u00e7on la plus claire que possible. Dans le cas o\u00f9 vous souhaitez pr\u00e9senter des renseignements compl\u00e9mentaires \u00e0 cet article sur le sujet \u00ab\u00a0Fr\u00e8res jumeaux de l&rsquo;Essonnes\u00a0\u00bb il vous est possible d\u2019\u00e9crire aux contacts indiqu\u00e9s sur notre website. La raison d\u2019\u00eatre de jumeaux91.fr \u00e9tant de rassembler sur le web des posts sur le sujet de Fr\u00e8res jumeaux de l&rsquo;Essonnes puis les diffuser en r\u00e9pondant au mieux aux interrogations des gens. Vous pouvez tirer profit de cet article traitant le sujet \u00ab\u00a0Fr\u00e8res jumeaux de l&rsquo;Essonnes\u00a0\u00bb. Il est concoct\u00e9 par l\u2019\u00e9quipe jumeaux91.fr. Prochainement, nous rendrons accessibles au public d&rsquo;autres informations pertinentes sur le sujet \u00ab\u00a0Fr\u00e8res jumeaux de l&rsquo;Essonnes\u00a0\u00bb. Alors, consultez syst\u00e9matiquement notre blog.<\/p>\n","protected":false},"excerpt":{"rendered":"<p>Les fr\u00e8res jumeaux Ludovic et Zoran Boukherma, jusqu\u2019ici r\u00e9alisateurs de films de genre (\u00ab\u00a0Teddy\u00a0\u00bb, \u00ab\u00a0L\u2019ann\u00e9e du requin\u00a0\u00bb), ont h\u00e9rit\u00e9 du projet apr\u00e8s l\u2019abandon de Gilles Lellouche, qui a pr\u00e9f\u00e9r\u00e9 se concentrer sur \u00ab\u00a0L\u2019amour ouf\u00a0\u00bb. Mais \u00e0 la diff\u00e9rence de \u00ab\u00a0L\u2019amour ouf\u00a0\u00bb, qui se d\u00e9roule dans le m\u00eame microcosme social, \u00ab\u00a0Leurs enfants apr\u00e8s eux\u00a0\u00bb ne flirte&hellip; <a class=\"more-link\" href=\"https:\/\/jumeaux91.fr\/blog\/ludovic-et-zoran-boukherma-et-leurs-enfants-apres-eux-le-roman-nous-a-parle-parce-quil-traite-de-la-france-dans-laquelle-on-a-grandi\/\">Poursuivre la lecture <span class=\"screen-reader-text\">Ludovic et Zoran Boukherma, et \u00ab\u00a0Leurs enfants apr\u00e8s eux\u00a0\u00bb : \u00ab\u00a0Le roman nous a parl\u00e9 parce qu&rsquo;il traite de la France dans laquelle on a grandi\u00a0\u00bb<\/span><\/a><\/p>\n","protected":false},"author":2,"featured_media":949,"comment_status":"closed","ping_status":"closed","sticky":false,"template":"","format":"standard","meta":{"footnotes":""},"categories":[4],"tags":[],"class_list":["post-948","post","type-post","status-publish","format-standard","has-post-thumbnail","hentry","category-posts-freres-jumeaux-de-lessonnes","entry"],"yoast_head":"<!-- This site is optimized with the Yoast SEO plugin v27.5 - https:\/\/yoast.com\/product\/yoast-seo-wordpress\/ -->\n<title>Ludovic et Zoran Boukherma, et &quot;Leurs enfants apr\u00e8s eux&quot; : &quot;Le roman nous a parl\u00e9 parce qu&#039;il traite de la France dans laquelle on a grandi&quot; - JUMEAUX91<\/title>\n<meta name=\"robots\" content=\"index, follow, max-snippet:-1, max-image-preview:large, max-video-preview:-1\" \/>\n<link rel=\"canonical\" href=\"https:\/\/jumeaux91.fr\/blog\/ludovic-et-zoran-boukherma-et-leurs-enfants-apres-eux-le-roman-nous-a-parle-parce-quil-traite-de-la-france-dans-laquelle-on-a-grandi\/\" \/>\n<meta property=\"og:locale\" content=\"fr_FR\" \/>\n<meta property=\"og:type\" content=\"article\" \/>\n<meta property=\"og:title\" content=\"Ludovic et Zoran Boukherma, et &quot;Leurs enfants apr\u00e8s eux&quot; : &quot;Le roman nous a parl\u00e9 parce qu&#039;il traite de la France dans laquelle on a grandi&quot; - JUMEAUX91\" \/>\n<meta property=\"og:description\" content=\"Les fr\u00e8res jumeaux Ludovic et Zoran Boukherma, jusqu\u2019ici r\u00e9alisateurs de films de genre (\u00ab\u00a0Teddy\u00a0\u00bb, \u00ab\u00a0L\u2019ann\u00e9e du requin\u00a0\u00bb), ont h\u00e9rit\u00e9 du projet apr\u00e8s l\u2019abandon de Gilles Lellouche, qui a pr\u00e9f\u00e9r\u00e9 se concentrer sur \u00ab\u00a0L\u2019amour ouf\u00a0\u00bb. Mais \u00e0 la diff\u00e9rence de \u00ab\u00a0L\u2019amour ouf\u00a0\u00bb, qui se d\u00e9roule dans le m\u00eame microcosme social, \u00ab\u00a0Leurs enfants apr\u00e8s eux\u00a0\u00bb ne flirte&hellip; Poursuivre la lecture Ludovic et Zoran Boukherma, et \u00ab\u00a0Leurs enfants apr\u00e8s eux\u00a0\u00bb : \u00ab\u00a0Le roman nous a parl\u00e9 parce qu&rsquo;il traite de la France dans laquelle on a grandi\u00a0\u00bb\" \/>\n<meta property=\"og:url\" content=\"https:\/\/jumeaux91.fr\/blog\/ludovic-et-zoran-boukherma-et-leurs-enfants-apres-eux-le-roman-nous-a-parle-parce-quil-traite-de-la-france-dans-laquelle-on-a-grandi\/\" \/>\n<meta property=\"og:site_name\" content=\"JUMEAUX91\" \/>\n<meta property=\"article:published_time\" content=\"2024-12-03T23:16:00+00:00\" \/>\n<meta property=\"og:image\" content=\"https:\/\/jumeaux91.fr\/blog\/wp-content\/uploads\/2024\/12\/ludovic-et-zoran-boukherma-et-leurs-enfants-apres-eux-le-roman-nous-a-parle-parce-quil-traite-de-la-france-dans-laquelle-on-a-grandi.jpg\" \/>\n<meta name=\"author\" content=\"Claude DAYRES\" \/>\n<meta name=\"twitter:card\" content=\"summary_large_image\" \/>\n<meta name=\"twitter:label1\" content=\"\u00c9crit par\" \/>\n\t<meta name=\"twitter:data1\" content=\"Claude DAYRES\" \/>\n\t<meta name=\"twitter:label2\" content=\"Dur\u00e9e de lecture estim\u00e9e\" \/>\n\t<meta name=\"twitter:data2\" content=\"2 minutes\" \/>\n<script type=\"application\/ld+json\" class=\"yoast-schema-graph\">{\"@context\":\"https:\\\/\\\/schema.org\",\"@graph\":[{\"@type\":\"Article\",\"@id\":\"https:\\\/\\\/jumeaux91.fr\\\/blog\\\/ludovic-et-zoran-boukherma-et-leurs-enfants-apres-eux-le-roman-nous-a-parle-parce-quil-traite-de-la-france-dans-laquelle-on-a-grandi\\\/#article\",\"isPartOf\":{\"@id\":\"https:\\\/\\\/jumeaux91.fr\\\/blog\\\/ludovic-et-zoran-boukherma-et-leurs-enfants-apres-eux-le-roman-nous-a-parle-parce-quil-traite-de-la-france-dans-laquelle-on-a-grandi\\\/\"},\"author\":{\"name\":\"Claude DAYRES\",\"@id\":\"https:\\\/\\\/jumeaux91.fr\\\/blog\\\/#\\\/schema\\\/person\\\/21da06e9f119b9f64e5d45dbbd32d3fb\"},\"headline\":\"Ludovic et Zoran Boukherma, et \u00ab\u00a0Leurs enfants apr\u00e8s eux\u00a0\u00bb : \u00ab\u00a0Le roman nous a parl\u00e9 parce qu&rsquo;il traite de la France dans laquelle on a grandi\u00a0\u00bb\",\"datePublished\":\"2024-12-03T23:16:00+00:00\",\"mainEntityOfPage\":{\"@id\":\"https:\\\/\\\/jumeaux91.fr\\\/blog\\\/ludovic-et-zoran-boukherma-et-leurs-enfants-apres-eux-le-roman-nous-a-parle-parce-quil-traite-de-la-france-dans-laquelle-on-a-grandi\\\/\"},\"wordCount\":339,\"publisher\":{\"@id\":\"https:\\\/\\\/jumeaux91.fr\\\/blog\\\/#organization\"},\"image\":{\"@id\":\"https:\\\/\\\/jumeaux91.fr\\\/blog\\\/ludovic-et-zoran-boukherma-et-leurs-enfants-apres-eux-le-roman-nous-a-parle-parce-quil-traite-de-la-france-dans-laquelle-on-a-grandi\\\/#primaryimage\"},\"thumbnailUrl\":\"https:\\\/\\\/jumeaux91.fr\\\/blog\\\/wp-content\\\/uploads\\\/2024\\\/12\\\/ludovic-et-zoran-boukherma-et-leurs-enfants-apres-eux-le-roman-nous-a-parle-parce-quil-traite-de-la-france-dans-laquelle-on-a-grandi.jpg\",\"articleSection\":[\"Posts Fr\u00e8res Jumeaux De L'Essonnes:\"],\"inLanguage\":\"fr-FR\"},{\"@type\":\"WebPage\",\"@id\":\"https:\\\/\\\/jumeaux91.fr\\\/blog\\\/ludovic-et-zoran-boukherma-et-leurs-enfants-apres-eux-le-roman-nous-a-parle-parce-quil-traite-de-la-france-dans-laquelle-on-a-grandi\\\/\",\"url\":\"https:\\\/\\\/jumeaux91.fr\\\/blog\\\/ludovic-et-zoran-boukherma-et-leurs-enfants-apres-eux-le-roman-nous-a-parle-parce-quil-traite-de-la-france-dans-laquelle-on-a-grandi\\\/\",\"name\":\"Ludovic et Zoran Boukherma, et \\\"Leurs enfants apr\u00e8s eux\\\" : \\\"Le roman nous a parl\u00e9 parce qu'il traite de la France dans laquelle on a grandi\\\" - JUMEAUX91\",\"isPartOf\":{\"@id\":\"https:\\\/\\\/jumeaux91.fr\\\/blog\\\/#website\"},\"primaryImageOfPage\":{\"@id\":\"https:\\\/\\\/jumeaux91.fr\\\/blog\\\/ludovic-et-zoran-boukherma-et-leurs-enfants-apres-eux-le-roman-nous-a-parle-parce-quil-traite-de-la-france-dans-laquelle-on-a-grandi\\\/#primaryimage\"},\"image\":{\"@id\":\"https:\\\/\\\/jumeaux91.fr\\\/blog\\\/ludovic-et-zoran-boukherma-et-leurs-enfants-apres-eux-le-roman-nous-a-parle-parce-quil-traite-de-la-france-dans-laquelle-on-a-grandi\\\/#primaryimage\"},\"thumbnailUrl\":\"https:\\\/\\\/jumeaux91.fr\\\/blog\\\/wp-content\\\/uploads\\\/2024\\\/12\\\/ludovic-et-zoran-boukherma-et-leurs-enfants-apres-eux-le-roman-nous-a-parle-parce-quil-traite-de-la-france-dans-laquelle-on-a-grandi.jpg\",\"datePublished\":\"2024-12-03T23:16:00+00:00\",\"breadcrumb\":{\"@id\":\"https:\\\/\\\/jumeaux91.fr\\\/blog\\\/ludovic-et-zoran-boukherma-et-leurs-enfants-apres-eux-le-roman-nous-a-parle-parce-quil-traite-de-la-france-dans-laquelle-on-a-grandi\\\/#breadcrumb\"},\"inLanguage\":\"fr-FR\",\"potentialAction\":[{\"@type\":\"ReadAction\",\"target\":[\"https:\\\/\\\/jumeaux91.fr\\\/blog\\\/ludovic-et-zoran-boukherma-et-leurs-enfants-apres-eux-le-roman-nous-a-parle-parce-quil-traite-de-la-france-dans-laquelle-on-a-grandi\\\/\"]}]},{\"@type\":\"ImageObject\",\"inLanguage\":\"fr-FR\",\"@id\":\"https:\\\/\\\/jumeaux91.fr\\\/blog\\\/ludovic-et-zoran-boukherma-et-leurs-enfants-apres-eux-le-roman-nous-a-parle-parce-quil-traite-de-la-france-dans-laquelle-on-a-grandi\\\/#primaryimage\",\"url\":\"https:\\\/\\\/jumeaux91.fr\\\/blog\\\/wp-content\\\/uploads\\\/2024\\\/12\\\/ludovic-et-zoran-boukherma-et-leurs-enfants-apres-eux-le-roman-nous-a-parle-parce-quil-traite-de-la-france-dans-laquelle-on-a-grandi.jpg\",\"contentUrl\":\"https:\\\/\\\/jumeaux91.fr\\\/blog\\\/wp-content\\\/uploads\\\/2024\\\/12\\\/ludovic-et-zoran-boukherma-et-leurs-enfants-apres-eux-le-roman-nous-a-parle-parce-quil-traite-de-la-france-dans-laquelle-on-a-grandi.jpg\",\"width\":1920,\"height\":1080,\"caption\":\"Ludovic et Zoran Boukherma, et \\\"Leurs enfants apr\u00e8s eux\\\" : \\\"Le roman nous a parl\u00e9 parce qu'il traite de la France dans laquelle on a grandi\\\"\"},{\"@type\":\"BreadcrumbList\",\"@id\":\"https:\\\/\\\/jumeaux91.fr\\\/blog\\\/ludovic-et-zoran-boukherma-et-leurs-enfants-apres-eux-le-roman-nous-a-parle-parce-quil-traite-de-la-france-dans-laquelle-on-a-grandi\\\/#breadcrumb\",\"itemListElement\":[{\"@type\":\"ListItem\",\"position\":1,\"name\":\"Accueil\",\"item\":\"https:\\\/\\\/jumeaux91.fr\\\/blog\\\/\"},{\"@type\":\"ListItem\",\"position\":2,\"name\":\"Ludovic et Zoran Boukherma, et \u00ab\u00a0Leurs enfants apr\u00e8s eux\u00a0\u00bb : \u00ab\u00a0Le roman nous a parl\u00e9 parce qu&rsquo;il traite de la France dans laquelle on a grandi\u00a0\u00bb\"}]},{\"@type\":\"WebSite\",\"@id\":\"https:\\\/\\\/jumeaux91.fr\\\/blog\\\/#website\",\"url\":\"https:\\\/\\\/jumeaux91.fr\\\/blog\\\/\",\"name\":\"JUMEAUX91\",\"description\":\"Fr\u00e8res jumeaux de l&#039;Essonnes; informations et archives, \u00e0 savoir et retenir.\",\"publisher\":{\"@id\":\"https:\\\/\\\/jumeaux91.fr\\\/blog\\\/#organization\"},\"potentialAction\":[{\"@type\":\"SearchAction\",\"target\":{\"@type\":\"EntryPoint\",\"urlTemplate\":\"https:\\\/\\\/jumeaux91.fr\\\/blog\\\/?s={search_term_string}\"},\"query-input\":{\"@type\":\"PropertyValueSpecification\",\"valueRequired\":true,\"valueName\":\"search_term_string\"}}],\"inLanguage\":\"fr-FR\"},{\"@type\":\"Organization\",\"@id\":\"https:\\\/\\\/jumeaux91.fr\\\/blog\\\/#organization\",\"name\":\"jumeaux91\",\"url\":\"https:\\\/\\\/jumeaux91.fr\\\/blog\\\/\",\"logo\":{\"@type\":\"ImageObject\",\"inLanguage\":\"fr-FR\",\"@id\":\"https:\\\/\\\/jumeaux91.fr\\\/blog\\\/#\\\/schema\\\/logo\\\/image\\\/\",\"url\":\"https:\\\/\\\/jumeaux91.fr\\\/blog\\\/wp-content\\\/uploads\\\/2023\\\/05\\\/cropped-cropped-logoJ_91.png\",\"contentUrl\":\"https:\\\/\\\/jumeaux91.fr\\\/blog\\\/wp-content\\\/uploads\\\/2023\\\/05\\\/cropped-cropped-logoJ_91.png\",\"width\":512,\"height\":512,\"caption\":\"jumeaux91\"},\"image\":{\"@id\":\"https:\\\/\\\/jumeaux91.fr\\\/blog\\\/#\\\/schema\\\/logo\\\/image\\\/\"}},{\"@type\":\"Person\",\"@id\":\"https:\\\/\\\/jumeaux91.fr\\\/blog\\\/#\\\/schema\\\/person\\\/21da06e9f119b9f64e5d45dbbd32d3fb\",\"name\":\"Claude DAYRES\",\"image\":{\"@type\":\"ImageObject\",\"inLanguage\":\"fr-FR\",\"@id\":\"https:\\\/\\\/secure.gravatar.com\\\/avatar\\\/82eb951df6110a2c48d1bfa7a67d1ee6f0cd5df3cbf9c3586dd61e82db7172a5?s=96&d=mm&r=g\",\"url\":\"https:\\\/\\\/secure.gravatar.com\\\/avatar\\\/82eb951df6110a2c48d1bfa7a67d1ee6f0cd5df3cbf9c3586dd61e82db7172a5?s=96&d=mm&r=g\",\"contentUrl\":\"https:\\\/\\\/secure.gravatar.com\\\/avatar\\\/82eb951df6110a2c48d1bfa7a67d1ee6f0cd5df3cbf9c3586dd61e82db7172a5?s=96&d=mm&r=g\",\"caption\":\"Claude DAYRES\"},\"url\":\"https:\\\/\\\/jumeaux91.fr\\\/blog\\\/author\\\/x91claude\\\/\"}]}<\/script>\n<!-- \/ Yoast SEO plugin. -->","yoast_head_json":{"title":"Ludovic et Zoran Boukherma, et \"Leurs enfants apr\u00e8s eux\" : \"Le roman nous a parl\u00e9 parce qu'il traite de la France dans laquelle on a grandi\" - JUMEAUX91","robots":{"index":"index","follow":"follow","max-snippet":"max-snippet:-1","max-image-preview":"max-image-preview:large","max-video-preview":"max-video-preview:-1"},"canonical":"https:\/\/jumeaux91.fr\/blog\/ludovic-et-zoran-boukherma-et-leurs-enfants-apres-eux-le-roman-nous-a-parle-parce-quil-traite-de-la-france-dans-laquelle-on-a-grandi\/","og_locale":"fr_FR","og_type":"article","og_title":"Ludovic et Zoran Boukherma, et \"Leurs enfants apr\u00e8s eux\" : \"Le roman nous a parl\u00e9 parce qu'il traite de la France dans laquelle on a grandi\" - JUMEAUX91","og_description":"Les fr\u00e8res jumeaux Ludovic et Zoran Boukherma, jusqu\u2019ici r\u00e9alisateurs de films de genre (\u00ab\u00a0Teddy\u00a0\u00bb, \u00ab\u00a0L\u2019ann\u00e9e du requin\u00a0\u00bb), ont h\u00e9rit\u00e9 du projet apr\u00e8s l\u2019abandon de Gilles Lellouche, qui a pr\u00e9f\u00e9r\u00e9 se concentrer sur \u00ab\u00a0L\u2019amour ouf\u00a0\u00bb. Mais \u00e0 la diff\u00e9rence de \u00ab\u00a0L\u2019amour ouf\u00a0\u00bb, qui se d\u00e9roule dans le m\u00eame microcosme social, \u00ab\u00a0Leurs enfants apr\u00e8s eux\u00a0\u00bb ne flirte&hellip; Poursuivre la lecture Ludovic et Zoran Boukherma, et \u00ab\u00a0Leurs enfants apr\u00e8s eux\u00a0\u00bb : \u00ab\u00a0Le roman nous a parl\u00e9 parce qu&rsquo;il traite de la France dans laquelle on a grandi\u00a0\u00bb","og_url":"https:\/\/jumeaux91.fr\/blog\/ludovic-et-zoran-boukherma-et-leurs-enfants-apres-eux-le-roman-nous-a-parle-parce-quil-traite-de-la-france-dans-laquelle-on-a-grandi\/","og_site_name":"JUMEAUX91","article_published_time":"2024-12-03T23:16:00+00:00","og_image":[{"url":"https:\/\/jumeaux91.fr\/blog\/wp-content\/uploads\/2024\/12\/ludovic-et-zoran-boukherma-et-leurs-enfants-apres-eux-le-roman-nous-a-parle-parce-quil-traite-de-la-france-dans-laquelle-on-a-grandi.jpg","type":"","width":"","height":""}],"author":"Claude DAYRES","twitter_card":"summary_large_image","twitter_misc":{"\u00c9crit par":"Claude DAYRES","Dur\u00e9e de lecture estim\u00e9e":"2 minutes"},"schema":{"@context":"https:\/\/schema.org","@graph":[{"@type":"Article","@id":"https:\/\/jumeaux91.fr\/blog\/ludovic-et-zoran-boukherma-et-leurs-enfants-apres-eux-le-roman-nous-a-parle-parce-quil-traite-de-la-france-dans-laquelle-on-a-grandi\/#article","isPartOf":{"@id":"https:\/\/jumeaux91.fr\/blog\/ludovic-et-zoran-boukherma-et-leurs-enfants-apres-eux-le-roman-nous-a-parle-parce-quil-traite-de-la-france-dans-laquelle-on-a-grandi\/"},"author":{"name":"Claude DAYRES","@id":"https:\/\/jumeaux91.fr\/blog\/#\/schema\/person\/21da06e9f119b9f64e5d45dbbd32d3fb"},"headline":"Ludovic et Zoran Boukherma, et \u00ab\u00a0Leurs enfants apr\u00e8s eux\u00a0\u00bb : \u00ab\u00a0Le roman nous a parl\u00e9 parce qu&rsquo;il traite de la France dans laquelle on a grandi\u00a0\u00bb","datePublished":"2024-12-03T23:16:00+00:00","mainEntityOfPage":{"@id":"https:\/\/jumeaux91.fr\/blog\/ludovic-et-zoran-boukherma-et-leurs-enfants-apres-eux-le-roman-nous-a-parle-parce-quil-traite-de-la-france-dans-laquelle-on-a-grandi\/"},"wordCount":339,"publisher":{"@id":"https:\/\/jumeaux91.fr\/blog\/#organization"},"image":{"@id":"https:\/\/jumeaux91.fr\/blog\/ludovic-et-zoran-boukherma-et-leurs-enfants-apres-eux-le-roman-nous-a-parle-parce-quil-traite-de-la-france-dans-laquelle-on-a-grandi\/#primaryimage"},"thumbnailUrl":"https:\/\/jumeaux91.fr\/blog\/wp-content\/uploads\/2024\/12\/ludovic-et-zoran-boukherma-et-leurs-enfants-apres-eux-le-roman-nous-a-parle-parce-quil-traite-de-la-france-dans-laquelle-on-a-grandi.jpg","articleSection":["Posts Fr\u00e8res Jumeaux De L'Essonnes:"],"inLanguage":"fr-FR"},{"@type":"WebPage","@id":"https:\/\/jumeaux91.fr\/blog\/ludovic-et-zoran-boukherma-et-leurs-enfants-apres-eux-le-roman-nous-a-parle-parce-quil-traite-de-la-france-dans-laquelle-on-a-grandi\/","url":"https:\/\/jumeaux91.fr\/blog\/ludovic-et-zoran-boukherma-et-leurs-enfants-apres-eux-le-roman-nous-a-parle-parce-quil-traite-de-la-france-dans-laquelle-on-a-grandi\/","name":"Ludovic et Zoran Boukherma, et \"Leurs enfants apr\u00e8s eux\" : \"Le roman nous a parl\u00e9 parce qu'il traite de la France dans laquelle on a grandi\" - JUMEAUX91","isPartOf":{"@id":"https:\/\/jumeaux91.fr\/blog\/#website"},"primaryImageOfPage":{"@id":"https:\/\/jumeaux91.fr\/blog\/ludovic-et-zoran-boukherma-et-leurs-enfants-apres-eux-le-roman-nous-a-parle-parce-quil-traite-de-la-france-dans-laquelle-on-a-grandi\/#primaryimage"},"image":{"@id":"https:\/\/jumeaux91.fr\/blog\/ludovic-et-zoran-boukherma-et-leurs-enfants-apres-eux-le-roman-nous-a-parle-parce-quil-traite-de-la-france-dans-laquelle-on-a-grandi\/#primaryimage"},"thumbnailUrl":"https:\/\/jumeaux91.fr\/blog\/wp-content\/uploads\/2024\/12\/ludovic-et-zoran-boukherma-et-leurs-enfants-apres-eux-le-roman-nous-a-parle-parce-quil-traite-de-la-france-dans-laquelle-on-a-grandi.jpg","datePublished":"2024-12-03T23:16:00+00:00","breadcrumb":{"@id":"https:\/\/jumeaux91.fr\/blog\/ludovic-et-zoran-boukherma-et-leurs-enfants-apres-eux-le-roman-nous-a-parle-parce-quil-traite-de-la-france-dans-laquelle-on-a-grandi\/#breadcrumb"},"inLanguage":"fr-FR","potentialAction":[{"@type":"ReadAction","target":["https:\/\/jumeaux91.fr\/blog\/ludovic-et-zoran-boukherma-et-leurs-enfants-apres-eux-le-roman-nous-a-parle-parce-quil-traite-de-la-france-dans-laquelle-on-a-grandi\/"]}]},{"@type":"ImageObject","inLanguage":"fr-FR","@id":"https:\/\/jumeaux91.fr\/blog\/ludovic-et-zoran-boukherma-et-leurs-enfants-apres-eux-le-roman-nous-a-parle-parce-quil-traite-de-la-france-dans-laquelle-on-a-grandi\/#primaryimage","url":"https:\/\/jumeaux91.fr\/blog\/wp-content\/uploads\/2024\/12\/ludovic-et-zoran-boukherma-et-leurs-enfants-apres-eux-le-roman-nous-a-parle-parce-quil-traite-de-la-france-dans-laquelle-on-a-grandi.jpg","contentUrl":"https:\/\/jumeaux91.fr\/blog\/wp-content\/uploads\/2024\/12\/ludovic-et-zoran-boukherma-et-leurs-enfants-apres-eux-le-roman-nous-a-parle-parce-quil-traite-de-la-france-dans-laquelle-on-a-grandi.jpg","width":1920,"height":1080,"caption":"Ludovic et Zoran Boukherma, et \"Leurs enfants apr\u00e8s eux\" : \"Le roman nous a parl\u00e9 parce qu'il traite de la France dans laquelle on a grandi\""},{"@type":"BreadcrumbList","@id":"https:\/\/jumeaux91.fr\/blog\/ludovic-et-zoran-boukherma-et-leurs-enfants-apres-eux-le-roman-nous-a-parle-parce-quil-traite-de-la-france-dans-laquelle-on-a-grandi\/#breadcrumb","itemListElement":[{"@type":"ListItem","position":1,"name":"Accueil","item":"https:\/\/jumeaux91.fr\/blog\/"},{"@type":"ListItem","position":2,"name":"Ludovic et Zoran Boukherma, et \u00ab\u00a0Leurs enfants apr\u00e8s eux\u00a0\u00bb : \u00ab\u00a0Le roman nous a parl\u00e9 parce qu&rsquo;il traite de la France dans laquelle on a grandi\u00a0\u00bb"}]},{"@type":"WebSite","@id":"https:\/\/jumeaux91.fr\/blog\/#website","url":"https:\/\/jumeaux91.fr\/blog\/","name":"JUMEAUX91","description":"Fr\u00e8res jumeaux de l&#039;Essonnes; informations et archives, \u00e0 savoir et retenir.","publisher":{"@id":"https:\/\/jumeaux91.fr\/blog\/#organization"},"potentialAction":[{"@type":"SearchAction","target":{"@type":"EntryPoint","urlTemplate":"https:\/\/jumeaux91.fr\/blog\/?s={search_term_string}"},"query-input":{"@type":"PropertyValueSpecification","valueRequired":true,"valueName":"search_term_string"}}],"inLanguage":"fr-FR"},{"@type":"Organization","@id":"https:\/\/jumeaux91.fr\/blog\/#organization","name":"jumeaux91","url":"https:\/\/jumeaux91.fr\/blog\/","logo":{"@type":"ImageObject","inLanguage":"fr-FR","@id":"https:\/\/jumeaux91.fr\/blog\/#\/schema\/logo\/image\/","url":"https:\/\/jumeaux91.fr\/blog\/wp-content\/uploads\/2023\/05\/cropped-cropped-logoJ_91.png","contentUrl":"https:\/\/jumeaux91.fr\/blog\/wp-content\/uploads\/2023\/05\/cropped-cropped-logoJ_91.png","width":512,"height":512,"caption":"jumeaux91"},"image":{"@id":"https:\/\/jumeaux91.fr\/blog\/#\/schema\/logo\/image\/"}},{"@type":"Person","@id":"https:\/\/jumeaux91.fr\/blog\/#\/schema\/person\/21da06e9f119b9f64e5d45dbbd32d3fb","name":"Claude DAYRES","image":{"@type":"ImageObject","inLanguage":"fr-FR","@id":"https:\/\/secure.gravatar.com\/avatar\/82eb951df6110a2c48d1bfa7a67d1ee6f0cd5df3cbf9c3586dd61e82db7172a5?s=96&d=mm&r=g","url":"https:\/\/secure.gravatar.com\/avatar\/82eb951df6110a2c48d1bfa7a67d1ee6f0cd5df3cbf9c3586dd61e82db7172a5?s=96&d=mm&r=g","contentUrl":"https:\/\/secure.gravatar.com\/avatar\/82eb951df6110a2c48d1bfa7a67d1ee6f0cd5df3cbf9c3586dd61e82db7172a5?s=96&d=mm&r=g","caption":"Claude DAYRES"},"url":"https:\/\/jumeaux91.fr\/blog\/author\/x91claude\/"}]}},"_links":{"self":[{"href":"https:\/\/jumeaux91.fr\/blog\/wp-json\/wp\/v2\/posts\/948","targetHints":{"allow":["GET"]}}],"collection":[{"href":"https:\/\/jumeaux91.fr\/blog\/wp-json\/wp\/v2\/posts"}],"about":[{"href":"https:\/\/jumeaux91.fr\/blog\/wp-json\/wp\/v2\/types\/post"}],"author":[{"embeddable":true,"href":"https:\/\/jumeaux91.fr\/blog\/wp-json\/wp\/v2\/users\/2"}],"replies":[{"embeddable":true,"href":"https:\/\/jumeaux91.fr\/blog\/wp-json\/wp\/v2\/comments?post=948"}],"version-history":[{"count":0,"href":"https:\/\/jumeaux91.fr\/blog\/wp-json\/wp\/v2\/posts\/948\/revisions"}],"wp:featuredmedia":[{"embeddable":true,"href":"https:\/\/jumeaux91.fr\/blog\/wp-json\/wp\/v2\/media\/949"}],"wp:attachment":[{"href":"https:\/\/jumeaux91.fr\/blog\/wp-json\/wp\/v2\/media?parent=948"}],"wp:term":[{"taxonomy":"category","embeddable":true,"href":"https:\/\/jumeaux91.fr\/blog\/wp-json\/wp\/v2\/categories?post=948"},{"taxonomy":"post_tag","embeddable":true,"href":"https:\/\/jumeaux91.fr\/blog\/wp-json\/wp\/v2\/tags?post=948"}],"curies":[{"name":"wp","href":"https:\/\/api.w.org\/{rel}","templated":true}]}}