{"id":979,"date":"2025-01-09T07:37:00","date_gmt":"2025-01-09T06:37:00","guid":{"rendered":"https:\/\/jumeaux91.fr\/blog\/la-cote-et-larete-investit-4-millions-deuros-dans-la-construction-de-son-nouveau-siege\/"},"modified":"2025-01-09T07:37:00","modified_gmt":"2025-01-09T06:37:00","slug":"la-cote-et-larete-investit-4-millions-deuros-dans-la-construction-de-son-nouveau-siege","status":"publish","type":"post","link":"https:\/\/jumeaux91.fr\/blog\/la-cote-et-larete-investit-4-millions-deuros-dans-la-construction-de-son-nouveau-siege\/","title":{"rendered":"La C\u00f4te et l\u2019Ar\u00eate investit 4 millions d\u2019euros dans la construction de son nouveau si\u00e8ge"},"content":{"rendered":"<div><img decoding=\"async\" src=\"https:\/\/jumeaux91.fr\/blog\/wp-content\/uploads\/2025\/01\/la-cote-et-larete-investit-4-millions-deuros-dans-la-construction-de-son-nouveau-siege.jpg\" class=\"ff-og-image-inserted\"><\/div>\n<p>Cr\u00e9\u00e9e \u00e0 Toulouse par les fr\u00e8res jumeaux Beno\u00eet et Ivan Chambon, qui se revendiquent \u00ab\u00a0fils de commer\u00e7ants\u00a0\u00bb, l\u2019enseigne de restauration bistronomique La C\u00f4te et l\u2019Ar\u00eate (250 collaborateurs, CA : 30 M\u20ac), d\u00e9tenue par la soci\u00e9t\u00e9 2C Gestion, investit 4 millions d\u2019euros dans l\u2019acquisition d\u2019un terrain et la construction d\u2019un b\u00e2timent de 1 100 m\u00b2 \u00e0 Balma (Haute-Garonne). Celui-ci abritera son si\u00e8ge social et un laboratoire de production qui permettra d\u2019apporter davantage de vari\u00e9t\u00e9s aux plats servis dans ses diff\u00e9rents \u00e9tablissements.<\/p>\n<p>\u00ab\u00a0Chez nous, tout est frais et fait maison, explique Beno\u00eet Chambon, 44 ans. Et tout ce qui est produit en cuisine est issu d\u2019une fiche technique. C\u2019est ainsi que nous avons r\u00e9ussi \u00e0 b\u00e2tir notre carte. Nous avons toujours cru en la capacit\u00e9 de nos cuisiniers \u00e0 pouvoir reproduire nos recettes. Mais parfois, on se bride un peu nous-m\u00eames. L\u00e0, nous aurons un s\u00e9choir, un fumoir, des sauteuses avec des machines en bain-marie, gr\u00e2ce auxquels nous pourrons cuisiner d\u2019autres types de plats.\u00a0\u00bb<\/p>\n<h3>Nouvelles installations pour La Pyr\u00e9n\u00e9enne des Viandes<\/h3>\n<p>Dans ce nouveau b\u00e2timent sera aussi rapatri\u00e9 le si\u00e8ge social et les installations frigorifiques de La Pyr\u00e9n\u00e9enne de Viandes (8 collaborateurs), une entreprise r\u00e9gionale sp\u00e9cialis\u00e9e dans le n\u00e9goce de viandes aujourd\u2019hui bas\u00e9e \u00e0 Pinsaguel (Haute-Garonne), et que les fr\u00e8res Chambon ont acquis \u00e0 100 % en juillet 2024 (ils en poss\u00e9daient 50 % depuis une dizaine d\u2019ann\u00e9es).<\/p>\n<p>\u00ab\u00a0Sur le march\u00e9 de la viande de qualit\u00e9, il est important de verrouiller ses achats, estime le dirigeant, qui s\u2019investit personnellement dans le sourcing des viandes. Nous avons souhait\u00e9 internationaliser cette branche de nos approvisionnements. Cette acquisition s\u2019inscrit parfaitement dans notre vision de transparence et de responsabilit\u00e9, et c\u2019est un v\u00e9ritable gage de confiance pour nos clients.\u00a0\u00bb La C\u00f4te et l\u2019Ar\u00eate g\u00e9n\u00e8re 70 % du chiffre d\u2019affaires de La Pyr\u00e9n\u00e9enne des Viandes, qui livre l\u2019ensemble des restaurants de l\u2019enseigne, et qui travaille par ailleurs pour d\u2019autres restaurants et des bouchers.<\/p>\n<h3>Bient\u00f4t au Mans et pr\u00e8s de Valenciennes<\/h3>\n<p>Depuis l\u2019ouverture de leur premier restaurant en 2010 dans la r\u00e9gion toulousaine, les fr\u00e8res Chambon sont parvenus \u00e0 d\u00e9cliner leur concept en franchise. L\u2019enseigne compte 9 succursales et 11 franchises en France, dont 6 \u00e9tablissements en r\u00e9gion toulousaine, et une acc\u00e9l\u00e9ration du d\u00e9ploiement du r\u00e9seau est en cours. Trois restaurants ont d\u00e9j\u00e0 ouvert en 2024, \u00e0 Brest (Finist\u00e8re), Serris (Seine-et-Marne) et Englos (Nord).<\/p>\n<p>\u00ab\u00a0Nous avons investi environ 500 000 euros sur le d\u00e9veloppement de notre franchise l\u2019ann\u00e9e derni\u00e8re, d\u00e9taille Beno\u00eet Chambon. Nous estimons maintenant \u00eatre arriv\u00e9s \u00e0 maturit\u00e9 pour y parvenir. L\u2019id\u00e9e est d\u2019\u00e9tendre notre maillage du territoire. Nous devrions ouvrir cinq nouveaux restaurants en 2025, notamment au Mans (Sarthe) et \u00e0 Saint-Amand-les-Eaux (Nord), et cinq autres en 2026, dont un vers Bordeaux. Nous aimerions aussi nous implanter par exemple \u00e0 Nantes ou \u00e0 Strasbourg.\u00a0\u00bb<\/p>\n<p> La chronique se veut g\u00e9n\u00e9r\u00e9e de la fa\u00e7on la plus claire que possible. Dans le cas o\u00f9 vous souhaitez pr\u00e9senter des renseignements compl\u00e9mentaires \u00e0 cet article sur le sujet \u00ab\u00a0Fr\u00e8res jumeaux de l&rsquo;Essonnes\u00a0\u00bb il vous est possible d\u2019\u00e9crire aux contacts indiqu\u00e9s sur notre website. La raison d\u2019\u00eatre de jumeaux91.fr \u00e9tant de rassembler sur le web des posts sur le sujet de Fr\u00e8res jumeaux de l&rsquo;Essonnes puis les diffuser en r\u00e9pondant au mieux aux interrogations des gens. Vous pouvez tirer profit de cet article traitant le sujet \u00ab\u00a0Fr\u00e8res jumeaux de l&rsquo;Essonnes\u00a0\u00bb. Il est concoct\u00e9 par l\u2019\u00e9quipe jumeaux91.fr. Prochainement, nous rendrons accessibles au public d&rsquo;autres informations pertinentes sur le sujet \u00ab\u00a0Fr\u00e8res jumeaux de l&rsquo;Essonnes\u00a0\u00bb. Alors, consultez syst\u00e9matiquement notre blog.<\/p>\n","protected":false},"excerpt":{"rendered":"<p>Cr\u00e9\u00e9e \u00e0 Toulouse par les fr\u00e8res jumeaux Beno\u00eet et Ivan Chambon, qui se revendiquent \u00ab\u00a0fils de commer\u00e7ants\u00a0\u00bb, l\u2019enseigne de restauration bistronomique La C\u00f4te et l\u2019Ar\u00eate (250 collaborateurs, CA : 30 M\u20ac), d\u00e9tenue par la soci\u00e9t\u00e9 2C Gestion, investit 4 millions d\u2019euros dans l\u2019acquisition d\u2019un terrain et la construction d\u2019un b\u00e2timent de 1 100 m\u00b2 \u00e0&hellip; <a class=\"more-link\" href=\"https:\/\/jumeaux91.fr\/blog\/la-cote-et-larete-investit-4-millions-deuros-dans-la-construction-de-son-nouveau-siege\/\">Poursuivre la lecture <span class=\"screen-reader-text\">La C\u00f4te et l\u2019Ar\u00eate investit 4 millions d\u2019euros dans la construction de son nouveau si\u00e8ge<\/span><\/a><\/p>\n","protected":false},"author":2,"featured_media":980,"comment_status":"closed","ping_status":"closed","sticky":false,"template":"","format":"standard","meta":{"footnotes":""},"categories":[4],"tags":[],"class_list":["post-979","post","type-post","status-publish","format-standard","has-post-thumbnail","hentry","category-posts-freres-jumeaux-de-lessonnes","entry"],"yoast_head":"<!-- This site is optimized with the Yoast SEO plugin v27.5 - https:\/\/yoast.com\/product\/yoast-seo-wordpress\/ -->\n<title>La C\u00f4te et l\u2019Ar\u00eate investit 4 millions d\u2019euros dans la construction de son nouveau si\u00e8ge - JUMEAUX91<\/title>\n<meta name=\"robots\" content=\"index, follow, max-snippet:-1, max-image-preview:large, max-video-preview:-1\" \/>\n<link rel=\"canonical\" href=\"https:\/\/jumeaux91.fr\/blog\/la-cote-et-larete-investit-4-millions-deuros-dans-la-construction-de-son-nouveau-siege\/\" \/>\n<meta property=\"og:locale\" content=\"fr_FR\" \/>\n<meta property=\"og:type\" content=\"article\" \/>\n<meta property=\"og:title\" content=\"La C\u00f4te et l\u2019Ar\u00eate investit 4 millions d\u2019euros dans la construction de son nouveau si\u00e8ge - JUMEAUX91\" \/>\n<meta property=\"og:description\" content=\"Cr\u00e9\u00e9e \u00e0 Toulouse par les fr\u00e8res jumeaux Beno\u00eet et Ivan Chambon, qui se revendiquent \u00ab\u00a0fils de commer\u00e7ants\u00a0\u00bb, l\u2019enseigne de restauration bistronomique La C\u00f4te et l\u2019Ar\u00eate (250 collaborateurs, CA : 30 M\u20ac), d\u00e9tenue par la soci\u00e9t\u00e9 2C Gestion, investit 4 millions d\u2019euros dans l\u2019acquisition d\u2019un terrain et la construction d\u2019un b\u00e2timent de 1 100 m\u00b2 \u00e0&hellip; Poursuivre la lecture La C\u00f4te et l\u2019Ar\u00eate investit 4 millions d\u2019euros dans la construction de son nouveau si\u00e8ge\" \/>\n<meta property=\"og:url\" content=\"https:\/\/jumeaux91.fr\/blog\/la-cote-et-larete-investit-4-millions-deuros-dans-la-construction-de-son-nouveau-siege\/\" \/>\n<meta property=\"og:site_name\" content=\"JUMEAUX91\" \/>\n<meta property=\"article:published_time\" content=\"2025-01-09T06:37:00+00:00\" \/>\n<meta property=\"og:image\" content=\"https:\/\/jumeaux91.fr\/blog\/wp-content\/uploads\/2025\/01\/la-cote-et-larete-investit-4-millions-deuros-dans-la-construction-de-son-nouveau-siege.jpg\" \/>\n<meta name=\"author\" content=\"Claude DAYRES\" \/>\n<meta name=\"twitter:card\" content=\"summary_large_image\" \/>\n<meta name=\"twitter:label1\" content=\"\u00c9crit par\" \/>\n\t<meta name=\"twitter:data1\" content=\"Claude DAYRES\" \/>\n\t<meta name=\"twitter:label2\" content=\"Dur\u00e9e de lecture estim\u00e9e\" \/>\n\t<meta name=\"twitter:data2\" content=\"3 minutes\" \/>\n<script type=\"application\/ld+json\" class=\"yoast-schema-graph\">{\"@context\":\"https:\\\/\\\/schema.org\",\"@graph\":[{\"@type\":\"Article\",\"@id\":\"https:\\\/\\\/jumeaux91.fr\\\/blog\\\/la-cote-et-larete-investit-4-millions-deuros-dans-la-construction-de-son-nouveau-siege\\\/#article\",\"isPartOf\":{\"@id\":\"https:\\\/\\\/jumeaux91.fr\\\/blog\\\/la-cote-et-larete-investit-4-millions-deuros-dans-la-construction-de-son-nouveau-siege\\\/\"},\"author\":{\"name\":\"Claude DAYRES\",\"@id\":\"https:\\\/\\\/jumeaux91.fr\\\/blog\\\/#\\\/schema\\\/person\\\/21da06e9f119b9f64e5d45dbbd32d3fb\"},\"headline\":\"La C\u00f4te et l\u2019Ar\u00eate investit 4 millions d\u2019euros dans la construction de son nouveau si\u00e8ge\",\"datePublished\":\"2025-01-09T06:37:00+00:00\",\"mainEntityOfPage\":{\"@id\":\"https:\\\/\\\/jumeaux91.fr\\\/blog\\\/la-cote-et-larete-investit-4-millions-deuros-dans-la-construction-de-son-nouveau-siege\\\/\"},\"wordCount\":664,\"publisher\":{\"@id\":\"https:\\\/\\\/jumeaux91.fr\\\/blog\\\/#organization\"},\"image\":{\"@id\":\"https:\\\/\\\/jumeaux91.fr\\\/blog\\\/la-cote-et-larete-investit-4-millions-deuros-dans-la-construction-de-son-nouveau-siege\\\/#primaryimage\"},\"thumbnailUrl\":\"https:\\\/\\\/jumeaux91.fr\\\/blog\\\/wp-content\\\/uploads\\\/2025\\\/01\\\/la-cote-et-larete-investit-4-millions-deuros-dans-la-construction-de-son-nouveau-siege.jpg\",\"articleSection\":[\"Posts Fr\u00e8res Jumeaux De L'Essonnes:\"],\"inLanguage\":\"fr-FR\"},{\"@type\":\"WebPage\",\"@id\":\"https:\\\/\\\/jumeaux91.fr\\\/blog\\\/la-cote-et-larete-investit-4-millions-deuros-dans-la-construction-de-son-nouveau-siege\\\/\",\"url\":\"https:\\\/\\\/jumeaux91.fr\\\/blog\\\/la-cote-et-larete-investit-4-millions-deuros-dans-la-construction-de-son-nouveau-siege\\\/\",\"name\":\"La C\u00f4te et l\u2019Ar\u00eate investit 4 millions d\u2019euros dans la construction de son nouveau si\u00e8ge - JUMEAUX91\",\"isPartOf\":{\"@id\":\"https:\\\/\\\/jumeaux91.fr\\\/blog\\\/#website\"},\"primaryImageOfPage\":{\"@id\":\"https:\\\/\\\/jumeaux91.fr\\\/blog\\\/la-cote-et-larete-investit-4-millions-deuros-dans-la-construction-de-son-nouveau-siege\\\/#primaryimage\"},\"image\":{\"@id\":\"https:\\\/\\\/jumeaux91.fr\\\/blog\\\/la-cote-et-larete-investit-4-millions-deuros-dans-la-construction-de-son-nouveau-siege\\\/#primaryimage\"},\"thumbnailUrl\":\"https:\\\/\\\/jumeaux91.fr\\\/blog\\\/wp-content\\\/uploads\\\/2025\\\/01\\\/la-cote-et-larete-investit-4-millions-deuros-dans-la-construction-de-son-nouveau-siege.jpg\",\"datePublished\":\"2025-01-09T06:37:00+00:00\",\"breadcrumb\":{\"@id\":\"https:\\\/\\\/jumeaux91.fr\\\/blog\\\/la-cote-et-larete-investit-4-millions-deuros-dans-la-construction-de-son-nouveau-siege\\\/#breadcrumb\"},\"inLanguage\":\"fr-FR\",\"potentialAction\":[{\"@type\":\"ReadAction\",\"target\":[\"https:\\\/\\\/jumeaux91.fr\\\/blog\\\/la-cote-et-larete-investit-4-millions-deuros-dans-la-construction-de-son-nouveau-siege\\\/\"]}]},{\"@type\":\"ImageObject\",\"inLanguage\":\"fr-FR\",\"@id\":\"https:\\\/\\\/jumeaux91.fr\\\/blog\\\/la-cote-et-larete-investit-4-millions-deuros-dans-la-construction-de-son-nouveau-siege\\\/#primaryimage\",\"url\":\"https:\\\/\\\/jumeaux91.fr\\\/blog\\\/wp-content\\\/uploads\\\/2025\\\/01\\\/la-cote-et-larete-investit-4-millions-deuros-dans-la-construction-de-son-nouveau-siege.jpg\",\"contentUrl\":\"https:\\\/\\\/jumeaux91.fr\\\/blog\\\/wp-content\\\/uploads\\\/2025\\\/01\\\/la-cote-et-larete-investit-4-millions-deuros-dans-la-construction-de-son-nouveau-siege.jpg\",\"width\":1200,\"height\":630,\"caption\":\"La C\u00f4te et l\u2019Ar\u00eate investit 4 millions d\u2019euros dans la construction de son nouveau si\u00e8ge\"},{\"@type\":\"BreadcrumbList\",\"@id\":\"https:\\\/\\\/jumeaux91.fr\\\/blog\\\/la-cote-et-larete-investit-4-millions-deuros-dans-la-construction-de-son-nouveau-siege\\\/#breadcrumb\",\"itemListElement\":[{\"@type\":\"ListItem\",\"position\":1,\"name\":\"Accueil\",\"item\":\"https:\\\/\\\/jumeaux91.fr\\\/blog\\\/\"},{\"@type\":\"ListItem\",\"position\":2,\"name\":\"La C\u00f4te et l\u2019Ar\u00eate investit 4 millions d\u2019euros dans la construction de son nouveau si\u00e8ge\"}]},{\"@type\":\"WebSite\",\"@id\":\"https:\\\/\\\/jumeaux91.fr\\\/blog\\\/#website\",\"url\":\"https:\\\/\\\/jumeaux91.fr\\\/blog\\\/\",\"name\":\"JUMEAUX91\",\"description\":\"Fr\u00e8res jumeaux de l&#039;Essonnes; informations et archives, \u00e0 savoir et retenir.\",\"publisher\":{\"@id\":\"https:\\\/\\\/jumeaux91.fr\\\/blog\\\/#organization\"},\"potentialAction\":[{\"@type\":\"SearchAction\",\"target\":{\"@type\":\"EntryPoint\",\"urlTemplate\":\"https:\\\/\\\/jumeaux91.fr\\\/blog\\\/?s={search_term_string}\"},\"query-input\":{\"@type\":\"PropertyValueSpecification\",\"valueRequired\":true,\"valueName\":\"search_term_string\"}}],\"inLanguage\":\"fr-FR\"},{\"@type\":\"Organization\",\"@id\":\"https:\\\/\\\/jumeaux91.fr\\\/blog\\\/#organization\",\"name\":\"jumeaux91\",\"url\":\"https:\\\/\\\/jumeaux91.fr\\\/blog\\\/\",\"logo\":{\"@type\":\"ImageObject\",\"inLanguage\":\"fr-FR\",\"@id\":\"https:\\\/\\\/jumeaux91.fr\\\/blog\\\/#\\\/schema\\\/logo\\\/image\\\/\",\"url\":\"https:\\\/\\\/jumeaux91.fr\\\/blog\\\/wp-content\\\/uploads\\\/2023\\\/05\\\/cropped-cropped-logoJ_91.png\",\"contentUrl\":\"https:\\\/\\\/jumeaux91.fr\\\/blog\\\/wp-content\\\/uploads\\\/2023\\\/05\\\/cropped-cropped-logoJ_91.png\",\"width\":512,\"height\":512,\"caption\":\"jumeaux91\"},\"image\":{\"@id\":\"https:\\\/\\\/jumeaux91.fr\\\/blog\\\/#\\\/schema\\\/logo\\\/image\\\/\"}},{\"@type\":\"Person\",\"@id\":\"https:\\\/\\\/jumeaux91.fr\\\/blog\\\/#\\\/schema\\\/person\\\/21da06e9f119b9f64e5d45dbbd32d3fb\",\"name\":\"Claude DAYRES\",\"image\":{\"@type\":\"ImageObject\",\"inLanguage\":\"fr-FR\",\"@id\":\"https:\\\/\\\/secure.gravatar.com\\\/avatar\\\/82eb951df6110a2c48d1bfa7a67d1ee6f0cd5df3cbf9c3586dd61e82db7172a5?s=96&d=mm&r=g\",\"url\":\"https:\\\/\\\/secure.gravatar.com\\\/avatar\\\/82eb951df6110a2c48d1bfa7a67d1ee6f0cd5df3cbf9c3586dd61e82db7172a5?s=96&d=mm&r=g\",\"contentUrl\":\"https:\\\/\\\/secure.gravatar.com\\\/avatar\\\/82eb951df6110a2c48d1bfa7a67d1ee6f0cd5df3cbf9c3586dd61e82db7172a5?s=96&d=mm&r=g\",\"caption\":\"Claude DAYRES\"},\"url\":\"https:\\\/\\\/jumeaux91.fr\\\/blog\\\/author\\\/x91claude\\\/\"}]}<\/script>\n<!-- \/ Yoast SEO plugin. -->","yoast_head_json":{"title":"La C\u00f4te et l\u2019Ar\u00eate investit 4 millions d\u2019euros dans la construction de son nouveau si\u00e8ge - JUMEAUX91","robots":{"index":"index","follow":"follow","max-snippet":"max-snippet:-1","max-image-preview":"max-image-preview:large","max-video-preview":"max-video-preview:-1"},"canonical":"https:\/\/jumeaux91.fr\/blog\/la-cote-et-larete-investit-4-millions-deuros-dans-la-construction-de-son-nouveau-siege\/","og_locale":"fr_FR","og_type":"article","og_title":"La C\u00f4te et l\u2019Ar\u00eate investit 4 millions d\u2019euros dans la construction de son nouveau si\u00e8ge - JUMEAUX91","og_description":"Cr\u00e9\u00e9e \u00e0 Toulouse par les fr\u00e8res jumeaux Beno\u00eet et Ivan Chambon, qui se revendiquent \u00ab\u00a0fils de commer\u00e7ants\u00a0\u00bb, l\u2019enseigne de restauration bistronomique La C\u00f4te et l\u2019Ar\u00eate (250 collaborateurs, CA : 30 M\u20ac), d\u00e9tenue par la soci\u00e9t\u00e9 2C Gestion, investit 4 millions d\u2019euros dans l\u2019acquisition d\u2019un terrain et la construction d\u2019un b\u00e2timent de 1 100 m\u00b2 \u00e0&hellip; Poursuivre la lecture La C\u00f4te et l\u2019Ar\u00eate investit 4 millions d\u2019euros dans la construction de son nouveau si\u00e8ge","og_url":"https:\/\/jumeaux91.fr\/blog\/la-cote-et-larete-investit-4-millions-deuros-dans-la-construction-de-son-nouveau-siege\/","og_site_name":"JUMEAUX91","article_published_time":"2025-01-09T06:37:00+00:00","og_image":[{"url":"https:\/\/jumeaux91.fr\/blog\/wp-content\/uploads\/2025\/01\/la-cote-et-larete-investit-4-millions-deuros-dans-la-construction-de-son-nouveau-siege.jpg","type":"","width":"","height":""}],"author":"Claude DAYRES","twitter_card":"summary_large_image","twitter_misc":{"\u00c9crit par":"Claude DAYRES","Dur\u00e9e de lecture estim\u00e9e":"3 minutes"},"schema":{"@context":"https:\/\/schema.org","@graph":[{"@type":"Article","@id":"https:\/\/jumeaux91.fr\/blog\/la-cote-et-larete-investit-4-millions-deuros-dans-la-construction-de-son-nouveau-siege\/#article","isPartOf":{"@id":"https:\/\/jumeaux91.fr\/blog\/la-cote-et-larete-investit-4-millions-deuros-dans-la-construction-de-son-nouveau-siege\/"},"author":{"name":"Claude DAYRES","@id":"https:\/\/jumeaux91.fr\/blog\/#\/schema\/person\/21da06e9f119b9f64e5d45dbbd32d3fb"},"headline":"La C\u00f4te et l\u2019Ar\u00eate investit 4 millions d\u2019euros dans la construction de son nouveau si\u00e8ge","datePublished":"2025-01-09T06:37:00+00:00","mainEntityOfPage":{"@id":"https:\/\/jumeaux91.fr\/blog\/la-cote-et-larete-investit-4-millions-deuros-dans-la-construction-de-son-nouveau-siege\/"},"wordCount":664,"publisher":{"@id":"https:\/\/jumeaux91.fr\/blog\/#organization"},"image":{"@id":"https:\/\/jumeaux91.fr\/blog\/la-cote-et-larete-investit-4-millions-deuros-dans-la-construction-de-son-nouveau-siege\/#primaryimage"},"thumbnailUrl":"https:\/\/jumeaux91.fr\/blog\/wp-content\/uploads\/2025\/01\/la-cote-et-larete-investit-4-millions-deuros-dans-la-construction-de-son-nouveau-siege.jpg","articleSection":["Posts Fr\u00e8res Jumeaux De L'Essonnes:"],"inLanguage":"fr-FR"},{"@type":"WebPage","@id":"https:\/\/jumeaux91.fr\/blog\/la-cote-et-larete-investit-4-millions-deuros-dans-la-construction-de-son-nouveau-siege\/","url":"https:\/\/jumeaux91.fr\/blog\/la-cote-et-larete-investit-4-millions-deuros-dans-la-construction-de-son-nouveau-siege\/","name":"La C\u00f4te et l\u2019Ar\u00eate investit 4 millions d\u2019euros dans la construction de son nouveau si\u00e8ge - JUMEAUX91","isPartOf":{"@id":"https:\/\/jumeaux91.fr\/blog\/#website"},"primaryImageOfPage":{"@id":"https:\/\/jumeaux91.fr\/blog\/la-cote-et-larete-investit-4-millions-deuros-dans-la-construction-de-son-nouveau-siege\/#primaryimage"},"image":{"@id":"https:\/\/jumeaux91.fr\/blog\/la-cote-et-larete-investit-4-millions-deuros-dans-la-construction-de-son-nouveau-siege\/#primaryimage"},"thumbnailUrl":"https:\/\/jumeaux91.fr\/blog\/wp-content\/uploads\/2025\/01\/la-cote-et-larete-investit-4-millions-deuros-dans-la-construction-de-son-nouveau-siege.jpg","datePublished":"2025-01-09T06:37:00+00:00","breadcrumb":{"@id":"https:\/\/jumeaux91.fr\/blog\/la-cote-et-larete-investit-4-millions-deuros-dans-la-construction-de-son-nouveau-siege\/#breadcrumb"},"inLanguage":"fr-FR","potentialAction":[{"@type":"ReadAction","target":["https:\/\/jumeaux91.fr\/blog\/la-cote-et-larete-investit-4-millions-deuros-dans-la-construction-de-son-nouveau-siege\/"]}]},{"@type":"ImageObject","inLanguage":"fr-FR","@id":"https:\/\/jumeaux91.fr\/blog\/la-cote-et-larete-investit-4-millions-deuros-dans-la-construction-de-son-nouveau-siege\/#primaryimage","url":"https:\/\/jumeaux91.fr\/blog\/wp-content\/uploads\/2025\/01\/la-cote-et-larete-investit-4-millions-deuros-dans-la-construction-de-son-nouveau-siege.jpg","contentUrl":"https:\/\/jumeaux91.fr\/blog\/wp-content\/uploads\/2025\/01\/la-cote-et-larete-investit-4-millions-deuros-dans-la-construction-de-son-nouveau-siege.jpg","width":1200,"height":630,"caption":"La C\u00f4te et l\u2019Ar\u00eate investit 4 millions d\u2019euros dans la construction de son nouveau si\u00e8ge"},{"@type":"BreadcrumbList","@id":"https:\/\/jumeaux91.fr\/blog\/la-cote-et-larete-investit-4-millions-deuros-dans-la-construction-de-son-nouveau-siege\/#breadcrumb","itemListElement":[{"@type":"ListItem","position":1,"name":"Accueil","item":"https:\/\/jumeaux91.fr\/blog\/"},{"@type":"ListItem","position":2,"name":"La C\u00f4te et l\u2019Ar\u00eate investit 4 millions d\u2019euros dans la construction de son nouveau si\u00e8ge"}]},{"@type":"WebSite","@id":"https:\/\/jumeaux91.fr\/blog\/#website","url":"https:\/\/jumeaux91.fr\/blog\/","name":"JUMEAUX91","description":"Fr\u00e8res jumeaux de l&#039;Essonnes; informations et archives, \u00e0 savoir et retenir.","publisher":{"@id":"https:\/\/jumeaux91.fr\/blog\/#organization"},"potentialAction":[{"@type":"SearchAction","target":{"@type":"EntryPoint","urlTemplate":"https:\/\/jumeaux91.fr\/blog\/?s={search_term_string}"},"query-input":{"@type":"PropertyValueSpecification","valueRequired":true,"valueName":"search_term_string"}}],"inLanguage":"fr-FR"},{"@type":"Organization","@id":"https:\/\/jumeaux91.fr\/blog\/#organization","name":"jumeaux91","url":"https:\/\/jumeaux91.fr\/blog\/","logo":{"@type":"ImageObject","inLanguage":"fr-FR","@id":"https:\/\/jumeaux91.fr\/blog\/#\/schema\/logo\/image\/","url":"https:\/\/jumeaux91.fr\/blog\/wp-content\/uploads\/2023\/05\/cropped-cropped-logoJ_91.png","contentUrl":"https:\/\/jumeaux91.fr\/blog\/wp-content\/uploads\/2023\/05\/cropped-cropped-logoJ_91.png","width":512,"height":512,"caption":"jumeaux91"},"image":{"@id":"https:\/\/jumeaux91.fr\/blog\/#\/schema\/logo\/image\/"}},{"@type":"Person","@id":"https:\/\/jumeaux91.fr\/blog\/#\/schema\/person\/21da06e9f119b9f64e5d45dbbd32d3fb","name":"Claude DAYRES","image":{"@type":"ImageObject","inLanguage":"fr-FR","@id":"https:\/\/secure.gravatar.com\/avatar\/82eb951df6110a2c48d1bfa7a67d1ee6f0cd5df3cbf9c3586dd61e82db7172a5?s=96&d=mm&r=g","url":"https:\/\/secure.gravatar.com\/avatar\/82eb951df6110a2c48d1bfa7a67d1ee6f0cd5df3cbf9c3586dd61e82db7172a5?s=96&d=mm&r=g","contentUrl":"https:\/\/secure.gravatar.com\/avatar\/82eb951df6110a2c48d1bfa7a67d1ee6f0cd5df3cbf9c3586dd61e82db7172a5?s=96&d=mm&r=g","caption":"Claude DAYRES"},"url":"https:\/\/jumeaux91.fr\/blog\/author\/x91claude\/"}]}},"_links":{"self":[{"href":"https:\/\/jumeaux91.fr\/blog\/wp-json\/wp\/v2\/posts\/979","targetHints":{"allow":["GET"]}}],"collection":[{"href":"https:\/\/jumeaux91.fr\/blog\/wp-json\/wp\/v2\/posts"}],"about":[{"href":"https:\/\/jumeaux91.fr\/blog\/wp-json\/wp\/v2\/types\/post"}],"author":[{"embeddable":true,"href":"https:\/\/jumeaux91.fr\/blog\/wp-json\/wp\/v2\/users\/2"}],"replies":[{"embeddable":true,"href":"https:\/\/jumeaux91.fr\/blog\/wp-json\/wp\/v2\/comments?post=979"}],"version-history":[{"count":0,"href":"https:\/\/jumeaux91.fr\/blog\/wp-json\/wp\/v2\/posts\/979\/revisions"}],"wp:featuredmedia":[{"embeddable":true,"href":"https:\/\/jumeaux91.fr\/blog\/wp-json\/wp\/v2\/media\/980"}],"wp:attachment":[{"href":"https:\/\/jumeaux91.fr\/blog\/wp-json\/wp\/v2\/media?parent=979"}],"wp:term":[{"taxonomy":"category","embeddable":true,"href":"https:\/\/jumeaux91.fr\/blog\/wp-json\/wp\/v2\/categories?post=979"},{"taxonomy":"post_tag","embeddable":true,"href":"https:\/\/jumeaux91.fr\/blog\/wp-json\/wp\/v2\/tags?post=979"}],"curies":[{"name":"wp","href":"https:\/\/api.w.org\/{rel}","templated":true}]}}