{"id":981,"date":"2025-01-07T00:29:00","date_gmt":"2025-01-06T23:29:00","guid":{"rendered":"https:\/\/jumeaux91.fr\/blog\/attentat-de-charlie-hebdo-une-douleur-ravivee-chaque-annee-confie-le-policier-qui-a-perdu-son-frere-jumeau\/"},"modified":"2025-01-07T00:29:00","modified_gmt":"2025-01-06T23:29:00","slug":"attentat-de-charlie-hebdo-une-douleur-ravivee-chaque-annee-confie-le-policier-qui-a-perdu-son-frere-jumeau","status":"publish","type":"post","link":"https:\/\/jumeaux91.fr\/blog\/attentat-de-charlie-hebdo-une-douleur-ravivee-chaque-annee-confie-le-policier-qui-a-perdu-son-frere-jumeau\/","title":{"rendered":"Attentat de Charlie Hebdo : \u00ab\u00a0Une douleur raviv\u00e9e chaque ann\u00e9e\u00a0\u00bb, confie le policier qui a perdu son fr\u00e8re jumeau"},"content":{"rendered":"<div><img decoding=\"async\" src=\"https:\/\/jumeaux91.fr\/blog\/wp-content\/uploads\/2025\/01\/attentat-de-charlie-hebdo-une-douleur-ravivee-chaque-annee-confie-le-policier-qui-a-perdu-son-frere-jumeau.jpg\" class=\"ff-og-image-inserted\"><\/div>\n<p>Philippe Brinsolaro, d\u00e9sormais adjoint au commissaire en charge de la s\u00e9curit\u00e9 publique \u00e0 la division centre, \u00e0 <a href=\"https:\/\/www.laprovence.com\/region\/Edition-marseille\" target=\"_self\" rel=\"nofollow\">Marseille<\/a>,&nbsp; a accord\u00e9 une interview \u00e0 <a href=\"https:\/\/www.laprovence.com\/\" target=\"_self\" rel=\"nofollow\"><em>La Provence<\/em><\/a>. Son fr\u00e8re jumeau, Franck, \u00e9tait charg\u00e9 de la protection de Charb qui \u00e9tait le directeur de <a href=\"https:\/\/www.laprovence.com\/article\/societe\/1830474833680115\/10-ans-apres-sommes-nous-encore-tous-charlie\" target=\"_self\" rel=\"nofollow\">la r\u00e9daction de <em>Charlie Hebdo<\/em><\/a>. Il fait partie des victimes tu\u00e9es lors de <a href=\"https:\/\/www.laprovence.com\/article\/societe\/183519557994215\/attentat-de-charlie-hebdo-en-quelques-minutes-12-morts-le-deroule-du-7-janvier-2015\" target=\"_self\" rel=\"nofollow\">l&rsquo;attentat islamiste commis le 7 janvier 2015<\/a> dans les locaux du journal satirique.&nbsp;<\/p>\n<p>La chronique se veut g\u00e9n\u00e9r\u00e9e de la fa\u00e7on la plus claire que possible. Dans le cas o\u00f9 vous souhaitez pr\u00e9senter des renseignements compl\u00e9mentaires \u00e0 cet article sur le sujet \u00ab\u00a0Fr\u00e8res jumeaux de l&rsquo;Essonnes\u00a0\u00bb il vous est possible d\u2019\u00e9crire aux contacts indiqu\u00e9s sur notre website. La raison d\u2019\u00eatre de jumeaux91.fr \u00e9tant de rassembler sur le web des posts sur le sujet de Fr\u00e8res jumeaux de l&rsquo;Essonnes puis les diffuser en r\u00e9pondant au mieux aux interrogations des gens. Vous pouvez tirer profit de cet article traitant le sujet \u00ab\u00a0Fr\u00e8res jumeaux de l&rsquo;Essonnes\u00a0\u00bb. Il est concoct\u00e9 par l\u2019\u00e9quipe jumeaux91.fr. Prochainement, nous rendrons accessibles au public d&rsquo;autres informations pertinentes sur le sujet \u00ab\u00a0Fr\u00e8res jumeaux de l&rsquo;Essonnes\u00a0\u00bb. Alors, consultez syst\u00e9matiquement notre blog.<\/p>\n","protected":false},"excerpt":{"rendered":"<p>Philippe Brinsolaro, d\u00e9sormais adjoint au commissaire en charge de la s\u00e9curit\u00e9 publique \u00e0 la division centre, \u00e0 Marseille,&nbsp; a accord\u00e9 une interview \u00e0 La Provence. Son fr\u00e8re jumeau, Franck, \u00e9tait charg\u00e9 de la protection de Charb qui \u00e9tait le directeur de la r\u00e9daction de Charlie Hebdo. Il fait partie des victimes tu\u00e9es lors de l&rsquo;attentat&hellip; <a class=\"more-link\" href=\"https:\/\/jumeaux91.fr\/blog\/attentat-de-charlie-hebdo-une-douleur-ravivee-chaque-annee-confie-le-policier-qui-a-perdu-son-frere-jumeau\/\">Poursuivre la lecture <span class=\"screen-reader-text\">Attentat de Charlie Hebdo : \u00ab\u00a0Une douleur raviv\u00e9e chaque ann\u00e9e\u00a0\u00bb, confie le policier qui a perdu son fr\u00e8re jumeau<\/span><\/a><\/p>\n","protected":false},"author":2,"featured_media":982,"comment_status":"closed","ping_status":"closed","sticky":false,"template":"","format":"standard","meta":{"footnotes":""},"categories":[4],"tags":[],"class_list":["post-981","post","type-post","status-publish","format-standard","has-post-thumbnail","hentry","category-posts-freres-jumeaux-de-lessonnes","entry"],"yoast_head":"<!-- This site is optimized with the Yoast SEO plugin v27.5 - https:\/\/yoast.com\/product\/yoast-seo-wordpress\/ -->\n<title>Attentat de Charlie Hebdo : &quot;Une douleur raviv\u00e9e chaque ann\u00e9e&quot;, confie le policier qui a perdu son fr\u00e8re jumeau - JUMEAUX91<\/title>\n<meta name=\"robots\" content=\"index, follow, max-snippet:-1, max-image-preview:large, max-video-preview:-1\" \/>\n<link rel=\"canonical\" href=\"https:\/\/jumeaux91.fr\/blog\/attentat-de-charlie-hebdo-une-douleur-ravivee-chaque-annee-confie-le-policier-qui-a-perdu-son-frere-jumeau\/\" \/>\n<meta property=\"og:locale\" content=\"fr_FR\" \/>\n<meta property=\"og:type\" content=\"article\" \/>\n<meta property=\"og:title\" content=\"Attentat de Charlie Hebdo : &quot;Une douleur raviv\u00e9e chaque ann\u00e9e&quot;, confie le policier qui a perdu son fr\u00e8re jumeau - JUMEAUX91\" \/>\n<meta property=\"og:description\" content=\"Philippe Brinsolaro, d\u00e9sormais adjoint au commissaire en charge de la s\u00e9curit\u00e9 publique \u00e0 la division centre, \u00e0 Marseille,&nbsp; a accord\u00e9 une interview \u00e0 La Provence. Son fr\u00e8re jumeau, Franck, \u00e9tait charg\u00e9 de la protection de Charb qui \u00e9tait le directeur de la r\u00e9daction de Charlie Hebdo. Il fait partie des victimes tu\u00e9es lors de l&rsquo;attentat&hellip; Poursuivre la lecture Attentat de Charlie Hebdo : \u00ab\u00a0Une douleur raviv\u00e9e chaque ann\u00e9e\u00a0\u00bb, confie le policier qui a perdu son fr\u00e8re jumeau\" \/>\n<meta property=\"og:url\" content=\"https:\/\/jumeaux91.fr\/blog\/attentat-de-charlie-hebdo-une-douleur-ravivee-chaque-annee-confie-le-policier-qui-a-perdu-son-frere-jumeau\/\" \/>\n<meta property=\"og:site_name\" content=\"JUMEAUX91\" \/>\n<meta property=\"article:published_time\" content=\"2025-01-06T23:29:00+00:00\" \/>\n<meta property=\"og:image\" content=\"https:\/\/jumeaux91.fr\/blog\/wp-content\/uploads\/2025\/01\/attentat-de-charlie-hebdo-une-douleur-ravivee-chaque-annee-confie-le-policier-qui-a-perdu-son-frere-jumeau.jpg\" \/>\n<meta name=\"author\" content=\"Claude DAYRES\" \/>\n<meta name=\"twitter:card\" content=\"summary_large_image\" \/>\n<meta name=\"twitter:label1\" content=\"\u00c9crit par\" \/>\n\t<meta name=\"twitter:data1\" content=\"Claude DAYRES\" \/>\n\t<meta name=\"twitter:label2\" content=\"Dur\u00e9e de lecture estim\u00e9e\" \/>\n\t<meta name=\"twitter:data2\" content=\"1 minute\" \/>\n<script type=\"application\/ld+json\" class=\"yoast-schema-graph\">{\"@context\":\"https:\\\/\\\/schema.org\",\"@graph\":[{\"@type\":\"Article\",\"@id\":\"https:\\\/\\\/jumeaux91.fr\\\/blog\\\/attentat-de-charlie-hebdo-une-douleur-ravivee-chaque-annee-confie-le-policier-qui-a-perdu-son-frere-jumeau\\\/#article\",\"isPartOf\":{\"@id\":\"https:\\\/\\\/jumeaux91.fr\\\/blog\\\/attentat-de-charlie-hebdo-une-douleur-ravivee-chaque-annee-confie-le-policier-qui-a-perdu-son-frere-jumeau\\\/\"},\"author\":{\"name\":\"Claude DAYRES\",\"@id\":\"https:\\\/\\\/jumeaux91.fr\\\/blog\\\/#\\\/schema\\\/person\\\/21da06e9f119b9f64e5d45dbbd32d3fb\"},\"headline\":\"Attentat de Charlie Hebdo : \u00ab\u00a0Une douleur raviv\u00e9e chaque ann\u00e9e\u00a0\u00bb, confie le policier qui a perdu son fr\u00e8re jumeau\",\"datePublished\":\"2025-01-06T23:29:00+00:00\",\"mainEntityOfPage\":{\"@id\":\"https:\\\/\\\/jumeaux91.fr\\\/blog\\\/attentat-de-charlie-hebdo-une-douleur-ravivee-chaque-annee-confie-le-policier-qui-a-perdu-son-frere-jumeau\\\/\"},\"wordCount\":230,\"publisher\":{\"@id\":\"https:\\\/\\\/jumeaux91.fr\\\/blog\\\/#organization\"},\"image\":{\"@id\":\"https:\\\/\\\/jumeaux91.fr\\\/blog\\\/attentat-de-charlie-hebdo-une-douleur-ravivee-chaque-annee-confie-le-policier-qui-a-perdu-son-frere-jumeau\\\/#primaryimage\"},\"thumbnailUrl\":\"https:\\\/\\\/jumeaux91.fr\\\/blog\\\/wp-content\\\/uploads\\\/2025\\\/01\\\/attentat-de-charlie-hebdo-une-douleur-ravivee-chaque-annee-confie-le-policier-qui-a-perdu-son-frere-jumeau.jpg\",\"articleSection\":[\"Posts Fr\u00e8res Jumeaux De L'Essonnes:\"],\"inLanguage\":\"fr-FR\"},{\"@type\":\"WebPage\",\"@id\":\"https:\\\/\\\/jumeaux91.fr\\\/blog\\\/attentat-de-charlie-hebdo-une-douleur-ravivee-chaque-annee-confie-le-policier-qui-a-perdu-son-frere-jumeau\\\/\",\"url\":\"https:\\\/\\\/jumeaux91.fr\\\/blog\\\/attentat-de-charlie-hebdo-une-douleur-ravivee-chaque-annee-confie-le-policier-qui-a-perdu-son-frere-jumeau\\\/\",\"name\":\"Attentat de Charlie Hebdo : \\\"Une douleur raviv\u00e9e chaque ann\u00e9e\\\", confie le policier qui a perdu son fr\u00e8re jumeau - JUMEAUX91\",\"isPartOf\":{\"@id\":\"https:\\\/\\\/jumeaux91.fr\\\/blog\\\/#website\"},\"primaryImageOfPage\":{\"@id\":\"https:\\\/\\\/jumeaux91.fr\\\/blog\\\/attentat-de-charlie-hebdo-une-douleur-ravivee-chaque-annee-confie-le-policier-qui-a-perdu-son-frere-jumeau\\\/#primaryimage\"},\"image\":{\"@id\":\"https:\\\/\\\/jumeaux91.fr\\\/blog\\\/attentat-de-charlie-hebdo-une-douleur-ravivee-chaque-annee-confie-le-policier-qui-a-perdu-son-frere-jumeau\\\/#primaryimage\"},\"thumbnailUrl\":\"https:\\\/\\\/jumeaux91.fr\\\/blog\\\/wp-content\\\/uploads\\\/2025\\\/01\\\/attentat-de-charlie-hebdo-une-douleur-ravivee-chaque-annee-confie-le-policier-qui-a-perdu-son-frere-jumeau.jpg\",\"datePublished\":\"2025-01-06T23:29:00+00:00\",\"breadcrumb\":{\"@id\":\"https:\\\/\\\/jumeaux91.fr\\\/blog\\\/attentat-de-charlie-hebdo-une-douleur-ravivee-chaque-annee-confie-le-policier-qui-a-perdu-son-frere-jumeau\\\/#breadcrumb\"},\"inLanguage\":\"fr-FR\",\"potentialAction\":[{\"@type\":\"ReadAction\",\"target\":[\"https:\\\/\\\/jumeaux91.fr\\\/blog\\\/attentat-de-charlie-hebdo-une-douleur-ravivee-chaque-annee-confie-le-policier-qui-a-perdu-son-frere-jumeau\\\/\"]}]},{\"@type\":\"ImageObject\",\"inLanguage\":\"fr-FR\",\"@id\":\"https:\\\/\\\/jumeaux91.fr\\\/blog\\\/attentat-de-charlie-hebdo-une-douleur-ravivee-chaque-annee-confie-le-policier-qui-a-perdu-son-frere-jumeau\\\/#primaryimage\",\"url\":\"https:\\\/\\\/jumeaux91.fr\\\/blog\\\/wp-content\\\/uploads\\\/2025\\\/01\\\/attentat-de-charlie-hebdo-une-douleur-ravivee-chaque-annee-confie-le-policier-qui-a-perdu-son-frere-jumeau.jpg\",\"contentUrl\":\"https:\\\/\\\/jumeaux91.fr\\\/blog\\\/wp-content\\\/uploads\\\/2025\\\/01\\\/attentat-de-charlie-hebdo-une-douleur-ravivee-chaque-annee-confie-le-policier-qui-a-perdu-son-frere-jumeau.jpg\",\"width\":1000,\"height\":563,\"caption\":\"Attentat de Charlie Hebdo : \\\"Une douleur raviv\u00e9e chaque ann\u00e9e\\\", confie le policier qui a perdu son fr\u00e8re jumeau\"},{\"@type\":\"BreadcrumbList\",\"@id\":\"https:\\\/\\\/jumeaux91.fr\\\/blog\\\/attentat-de-charlie-hebdo-une-douleur-ravivee-chaque-annee-confie-le-policier-qui-a-perdu-son-frere-jumeau\\\/#breadcrumb\",\"itemListElement\":[{\"@type\":\"ListItem\",\"position\":1,\"name\":\"Accueil\",\"item\":\"https:\\\/\\\/jumeaux91.fr\\\/blog\\\/\"},{\"@type\":\"ListItem\",\"position\":2,\"name\":\"Attentat de Charlie Hebdo : \u00ab\u00a0Une douleur raviv\u00e9e chaque ann\u00e9e\u00a0\u00bb, confie le policier qui a perdu son fr\u00e8re jumeau\"}]},{\"@type\":\"WebSite\",\"@id\":\"https:\\\/\\\/jumeaux91.fr\\\/blog\\\/#website\",\"url\":\"https:\\\/\\\/jumeaux91.fr\\\/blog\\\/\",\"name\":\"JUMEAUX91\",\"description\":\"Fr\u00e8res jumeaux de l&#039;Essonnes; informations et archives, \u00e0 savoir et retenir.\",\"publisher\":{\"@id\":\"https:\\\/\\\/jumeaux91.fr\\\/blog\\\/#organization\"},\"potentialAction\":[{\"@type\":\"SearchAction\",\"target\":{\"@type\":\"EntryPoint\",\"urlTemplate\":\"https:\\\/\\\/jumeaux91.fr\\\/blog\\\/?s={search_term_string}\"},\"query-input\":{\"@type\":\"PropertyValueSpecification\",\"valueRequired\":true,\"valueName\":\"search_term_string\"}}],\"inLanguage\":\"fr-FR\"},{\"@type\":\"Organization\",\"@id\":\"https:\\\/\\\/jumeaux91.fr\\\/blog\\\/#organization\",\"name\":\"jumeaux91\",\"url\":\"https:\\\/\\\/jumeaux91.fr\\\/blog\\\/\",\"logo\":{\"@type\":\"ImageObject\",\"inLanguage\":\"fr-FR\",\"@id\":\"https:\\\/\\\/jumeaux91.fr\\\/blog\\\/#\\\/schema\\\/logo\\\/image\\\/\",\"url\":\"https:\\\/\\\/jumeaux91.fr\\\/blog\\\/wp-content\\\/uploads\\\/2023\\\/05\\\/cropped-cropped-logoJ_91.png\",\"contentUrl\":\"https:\\\/\\\/jumeaux91.fr\\\/blog\\\/wp-content\\\/uploads\\\/2023\\\/05\\\/cropped-cropped-logoJ_91.png\",\"width\":512,\"height\":512,\"caption\":\"jumeaux91\"},\"image\":{\"@id\":\"https:\\\/\\\/jumeaux91.fr\\\/blog\\\/#\\\/schema\\\/logo\\\/image\\\/\"}},{\"@type\":\"Person\",\"@id\":\"https:\\\/\\\/jumeaux91.fr\\\/blog\\\/#\\\/schema\\\/person\\\/21da06e9f119b9f64e5d45dbbd32d3fb\",\"name\":\"Claude DAYRES\",\"image\":{\"@type\":\"ImageObject\",\"inLanguage\":\"fr-FR\",\"@id\":\"https:\\\/\\\/secure.gravatar.com\\\/avatar\\\/82eb951df6110a2c48d1bfa7a67d1ee6f0cd5df3cbf9c3586dd61e82db7172a5?s=96&d=mm&r=g\",\"url\":\"https:\\\/\\\/secure.gravatar.com\\\/avatar\\\/82eb951df6110a2c48d1bfa7a67d1ee6f0cd5df3cbf9c3586dd61e82db7172a5?s=96&d=mm&r=g\",\"contentUrl\":\"https:\\\/\\\/secure.gravatar.com\\\/avatar\\\/82eb951df6110a2c48d1bfa7a67d1ee6f0cd5df3cbf9c3586dd61e82db7172a5?s=96&d=mm&r=g\",\"caption\":\"Claude DAYRES\"},\"url\":\"https:\\\/\\\/jumeaux91.fr\\\/blog\\\/author\\\/x91claude\\\/\"}]}<\/script>\n<!-- \/ Yoast SEO plugin. -->","yoast_head_json":{"title":"Attentat de Charlie Hebdo : \"Une douleur raviv\u00e9e chaque ann\u00e9e\", confie le policier qui a perdu son fr\u00e8re jumeau - JUMEAUX91","robots":{"index":"index","follow":"follow","max-snippet":"max-snippet:-1","max-image-preview":"max-image-preview:large","max-video-preview":"max-video-preview:-1"},"canonical":"https:\/\/jumeaux91.fr\/blog\/attentat-de-charlie-hebdo-une-douleur-ravivee-chaque-annee-confie-le-policier-qui-a-perdu-son-frere-jumeau\/","og_locale":"fr_FR","og_type":"article","og_title":"Attentat de Charlie Hebdo : \"Une douleur raviv\u00e9e chaque ann\u00e9e\", confie le policier qui a perdu son fr\u00e8re jumeau - JUMEAUX91","og_description":"Philippe Brinsolaro, d\u00e9sormais adjoint au commissaire en charge de la s\u00e9curit\u00e9 publique \u00e0 la division centre, \u00e0 Marseille,&nbsp; a accord\u00e9 une interview \u00e0 La Provence. Son fr\u00e8re jumeau, Franck, \u00e9tait charg\u00e9 de la protection de Charb qui \u00e9tait le directeur de la r\u00e9daction de Charlie Hebdo. Il fait partie des victimes tu\u00e9es lors de l&rsquo;attentat&hellip; Poursuivre la lecture Attentat de Charlie Hebdo : \u00ab\u00a0Une douleur raviv\u00e9e chaque ann\u00e9e\u00a0\u00bb, confie le policier qui a perdu son fr\u00e8re jumeau","og_url":"https:\/\/jumeaux91.fr\/blog\/attentat-de-charlie-hebdo-une-douleur-ravivee-chaque-annee-confie-le-policier-qui-a-perdu-son-frere-jumeau\/","og_site_name":"JUMEAUX91","article_published_time":"2025-01-06T23:29:00+00:00","og_image":[{"url":"https:\/\/jumeaux91.fr\/blog\/wp-content\/uploads\/2025\/01\/attentat-de-charlie-hebdo-une-douleur-ravivee-chaque-annee-confie-le-policier-qui-a-perdu-son-frere-jumeau.jpg","type":"","width":"","height":""}],"author":"Claude DAYRES","twitter_card":"summary_large_image","twitter_misc":{"\u00c9crit par":"Claude DAYRES","Dur\u00e9e de lecture estim\u00e9e":"1 minute"},"schema":{"@context":"https:\/\/schema.org","@graph":[{"@type":"Article","@id":"https:\/\/jumeaux91.fr\/blog\/attentat-de-charlie-hebdo-une-douleur-ravivee-chaque-annee-confie-le-policier-qui-a-perdu-son-frere-jumeau\/#article","isPartOf":{"@id":"https:\/\/jumeaux91.fr\/blog\/attentat-de-charlie-hebdo-une-douleur-ravivee-chaque-annee-confie-le-policier-qui-a-perdu-son-frere-jumeau\/"},"author":{"name":"Claude DAYRES","@id":"https:\/\/jumeaux91.fr\/blog\/#\/schema\/person\/21da06e9f119b9f64e5d45dbbd32d3fb"},"headline":"Attentat de Charlie Hebdo : \u00ab\u00a0Une douleur raviv\u00e9e chaque ann\u00e9e\u00a0\u00bb, confie le policier qui a perdu son fr\u00e8re jumeau","datePublished":"2025-01-06T23:29:00+00:00","mainEntityOfPage":{"@id":"https:\/\/jumeaux91.fr\/blog\/attentat-de-charlie-hebdo-une-douleur-ravivee-chaque-annee-confie-le-policier-qui-a-perdu-son-frere-jumeau\/"},"wordCount":230,"publisher":{"@id":"https:\/\/jumeaux91.fr\/blog\/#organization"},"image":{"@id":"https:\/\/jumeaux91.fr\/blog\/attentat-de-charlie-hebdo-une-douleur-ravivee-chaque-annee-confie-le-policier-qui-a-perdu-son-frere-jumeau\/#primaryimage"},"thumbnailUrl":"https:\/\/jumeaux91.fr\/blog\/wp-content\/uploads\/2025\/01\/attentat-de-charlie-hebdo-une-douleur-ravivee-chaque-annee-confie-le-policier-qui-a-perdu-son-frere-jumeau.jpg","articleSection":["Posts Fr\u00e8res Jumeaux De L'Essonnes:"],"inLanguage":"fr-FR"},{"@type":"WebPage","@id":"https:\/\/jumeaux91.fr\/blog\/attentat-de-charlie-hebdo-une-douleur-ravivee-chaque-annee-confie-le-policier-qui-a-perdu-son-frere-jumeau\/","url":"https:\/\/jumeaux91.fr\/blog\/attentat-de-charlie-hebdo-une-douleur-ravivee-chaque-annee-confie-le-policier-qui-a-perdu-son-frere-jumeau\/","name":"Attentat de Charlie Hebdo : \"Une douleur raviv\u00e9e chaque ann\u00e9e\", confie le policier qui a perdu son fr\u00e8re jumeau - JUMEAUX91","isPartOf":{"@id":"https:\/\/jumeaux91.fr\/blog\/#website"},"primaryImageOfPage":{"@id":"https:\/\/jumeaux91.fr\/blog\/attentat-de-charlie-hebdo-une-douleur-ravivee-chaque-annee-confie-le-policier-qui-a-perdu-son-frere-jumeau\/#primaryimage"},"image":{"@id":"https:\/\/jumeaux91.fr\/blog\/attentat-de-charlie-hebdo-une-douleur-ravivee-chaque-annee-confie-le-policier-qui-a-perdu-son-frere-jumeau\/#primaryimage"},"thumbnailUrl":"https:\/\/jumeaux91.fr\/blog\/wp-content\/uploads\/2025\/01\/attentat-de-charlie-hebdo-une-douleur-ravivee-chaque-annee-confie-le-policier-qui-a-perdu-son-frere-jumeau.jpg","datePublished":"2025-01-06T23:29:00+00:00","breadcrumb":{"@id":"https:\/\/jumeaux91.fr\/blog\/attentat-de-charlie-hebdo-une-douleur-ravivee-chaque-annee-confie-le-policier-qui-a-perdu-son-frere-jumeau\/#breadcrumb"},"inLanguage":"fr-FR","potentialAction":[{"@type":"ReadAction","target":["https:\/\/jumeaux91.fr\/blog\/attentat-de-charlie-hebdo-une-douleur-ravivee-chaque-annee-confie-le-policier-qui-a-perdu-son-frere-jumeau\/"]}]},{"@type":"ImageObject","inLanguage":"fr-FR","@id":"https:\/\/jumeaux91.fr\/blog\/attentat-de-charlie-hebdo-une-douleur-ravivee-chaque-annee-confie-le-policier-qui-a-perdu-son-frere-jumeau\/#primaryimage","url":"https:\/\/jumeaux91.fr\/blog\/wp-content\/uploads\/2025\/01\/attentat-de-charlie-hebdo-une-douleur-ravivee-chaque-annee-confie-le-policier-qui-a-perdu-son-frere-jumeau.jpg","contentUrl":"https:\/\/jumeaux91.fr\/blog\/wp-content\/uploads\/2025\/01\/attentat-de-charlie-hebdo-une-douleur-ravivee-chaque-annee-confie-le-policier-qui-a-perdu-son-frere-jumeau.jpg","width":1000,"height":563,"caption":"Attentat de Charlie Hebdo : \"Une douleur raviv\u00e9e chaque ann\u00e9e\", confie le policier qui a perdu son fr\u00e8re jumeau"},{"@type":"BreadcrumbList","@id":"https:\/\/jumeaux91.fr\/blog\/attentat-de-charlie-hebdo-une-douleur-ravivee-chaque-annee-confie-le-policier-qui-a-perdu-son-frere-jumeau\/#breadcrumb","itemListElement":[{"@type":"ListItem","position":1,"name":"Accueil","item":"https:\/\/jumeaux91.fr\/blog\/"},{"@type":"ListItem","position":2,"name":"Attentat de Charlie Hebdo : \u00ab\u00a0Une douleur raviv\u00e9e chaque ann\u00e9e\u00a0\u00bb, confie le policier qui a perdu son fr\u00e8re jumeau"}]},{"@type":"WebSite","@id":"https:\/\/jumeaux91.fr\/blog\/#website","url":"https:\/\/jumeaux91.fr\/blog\/","name":"JUMEAUX91","description":"Fr\u00e8res jumeaux de l&#039;Essonnes; informations et archives, \u00e0 savoir et retenir.","publisher":{"@id":"https:\/\/jumeaux91.fr\/blog\/#organization"},"potentialAction":[{"@type":"SearchAction","target":{"@type":"EntryPoint","urlTemplate":"https:\/\/jumeaux91.fr\/blog\/?s={search_term_string}"},"query-input":{"@type":"PropertyValueSpecification","valueRequired":true,"valueName":"search_term_string"}}],"inLanguage":"fr-FR"},{"@type":"Organization","@id":"https:\/\/jumeaux91.fr\/blog\/#organization","name":"jumeaux91","url":"https:\/\/jumeaux91.fr\/blog\/","logo":{"@type":"ImageObject","inLanguage":"fr-FR","@id":"https:\/\/jumeaux91.fr\/blog\/#\/schema\/logo\/image\/","url":"https:\/\/jumeaux91.fr\/blog\/wp-content\/uploads\/2023\/05\/cropped-cropped-logoJ_91.png","contentUrl":"https:\/\/jumeaux91.fr\/blog\/wp-content\/uploads\/2023\/05\/cropped-cropped-logoJ_91.png","width":512,"height":512,"caption":"jumeaux91"},"image":{"@id":"https:\/\/jumeaux91.fr\/blog\/#\/schema\/logo\/image\/"}},{"@type":"Person","@id":"https:\/\/jumeaux91.fr\/blog\/#\/schema\/person\/21da06e9f119b9f64e5d45dbbd32d3fb","name":"Claude DAYRES","image":{"@type":"ImageObject","inLanguage":"fr-FR","@id":"https:\/\/secure.gravatar.com\/avatar\/82eb951df6110a2c48d1bfa7a67d1ee6f0cd5df3cbf9c3586dd61e82db7172a5?s=96&d=mm&r=g","url":"https:\/\/secure.gravatar.com\/avatar\/82eb951df6110a2c48d1bfa7a67d1ee6f0cd5df3cbf9c3586dd61e82db7172a5?s=96&d=mm&r=g","contentUrl":"https:\/\/secure.gravatar.com\/avatar\/82eb951df6110a2c48d1bfa7a67d1ee6f0cd5df3cbf9c3586dd61e82db7172a5?s=96&d=mm&r=g","caption":"Claude DAYRES"},"url":"https:\/\/jumeaux91.fr\/blog\/author\/x91claude\/"}]}},"_links":{"self":[{"href":"https:\/\/jumeaux91.fr\/blog\/wp-json\/wp\/v2\/posts\/981","targetHints":{"allow":["GET"]}}],"collection":[{"href":"https:\/\/jumeaux91.fr\/blog\/wp-json\/wp\/v2\/posts"}],"about":[{"href":"https:\/\/jumeaux91.fr\/blog\/wp-json\/wp\/v2\/types\/post"}],"author":[{"embeddable":true,"href":"https:\/\/jumeaux91.fr\/blog\/wp-json\/wp\/v2\/users\/2"}],"replies":[{"embeddable":true,"href":"https:\/\/jumeaux91.fr\/blog\/wp-json\/wp\/v2\/comments?post=981"}],"version-history":[{"count":0,"href":"https:\/\/jumeaux91.fr\/blog\/wp-json\/wp\/v2\/posts\/981\/revisions"}],"wp:featuredmedia":[{"embeddable":true,"href":"https:\/\/jumeaux91.fr\/blog\/wp-json\/wp\/v2\/media\/982"}],"wp:attachment":[{"href":"https:\/\/jumeaux91.fr\/blog\/wp-json\/wp\/v2\/media?parent=981"}],"wp:term":[{"taxonomy":"category","embeddable":true,"href":"https:\/\/jumeaux91.fr\/blog\/wp-json\/wp\/v2\/categories?post=981"},{"taxonomy":"post_tag","embeddable":true,"href":"https:\/\/jumeaux91.fr\/blog\/wp-json\/wp\/v2\/tags?post=981"}],"curies":[{"name":"wp","href":"https:\/\/api.w.org\/{rel}","templated":true}]}}