{"id":987,"date":"2025-01-07T01:02:00","date_gmt":"2025-01-07T00:02:00","guid":{"rendered":"https:\/\/jumeaux91.fr\/blog\/charlie-hebdo-il-voulait-servir-son-pays-se-souvient-philippe-le-frere-de-franck-brinsolaro\/"},"modified":"2025-01-07T01:02:00","modified_gmt":"2025-01-07T00:02:00","slug":"charlie-hebdo-il-voulait-servir-son-pays-se-souvient-philippe-le-frere-de-franck-brinsolaro","status":"publish","type":"post","link":"https:\/\/jumeaux91.fr\/blog\/charlie-hebdo-il-voulait-servir-son-pays-se-souvient-philippe-le-frere-de-franck-brinsolaro\/","title":{"rendered":"Charlie Hebdo : \u00ab\u00a0Il voulait servir son pays\u00a0\u00bb se souvient Philippe, le fr\u00e8re de Franck Brinsolaro"},"content":{"rendered":"<p><!-- HTML_TAG_START -->Dix ans apr\u00e8s l&rsquo;attentat de Charlie Hebdo, le commandant divisionnaire de la s\u00e9curit\u00e9 publique Philippe Brinsolaro accepte de t\u00e9moigner sur \u00ab\u00a0ici Provence\u00a0\u00bb ce mardi 7 janvier. Le policier marseillais est <strong>le fr\u00e8re jumeau de Franck Brinsolaro,&nbsp;<\/strong><!-- HTML_TAG_END --> <a target=\"_blank\" rel=\"external nofollow\" class=\"Link g-label-link svelte-13d32k1\" href=\"https:\/\/www.francebleu.fr\/infos\/societe\/on-y-pense-tout-le-temps-un-peu-dix-ans-apres-les-attentats-les-survivants-de-charlie-hebdo-se-confient-8208131\"><!-- HTML_TAG_START --><strong>l&rsquo;une des douze victimes des fr\u00e8res Kouachi<\/strong><!-- HTML_TAG_END --><\/a><!-- HTML_TAG_START --><strong><\/strong>. Il \u00e9tait policier \u00e9galement, charg\u00e9 de la protection du r\u00e9dacteur en chef du journal satirique.&nbsp;<em>\u00ab\u00a0Il a donn\u00e9 sa vie pour prot\u00e9ger la libert\u00e9 d&rsquo;expression, l&rsquo;un des fondements de notre d\u00e9mocratie\u00a0\u00bb<\/em>, d\u00e9clare-t-il, rendant hommage \u00e0 l&rsquo;engagement de son fr\u00e8re.<!-- HTML_TAG_END --><\/p>\n<div class=\"EmbedInread svelte-18lc864\">\n<div class=\"AdsSlot svelte-d523tf inread forceDisplay\"> <img decoding=\"async\" src=\"https:\/\/www.francebleu.fr\/client\/immutable\/assets\/logo-ici-sad.C8Ts0-h1.svg\" alt width=\"50\" height=\"41\" class=\"svelte-d523tf\"> <\/div>\n<\/p><\/div>\n<p><!-- HTML_TAG_START --><em>\u00ab\u00a0Je pense qu&rsquo;avec le temps, on a tendance \u00e0 oublier des moments qui ont \u00e9t\u00e9 des tournants dans notre histoire. Et je pense que Charlie Hebdo a \u00e9t\u00e9 un tournant dans notre histoire\u00a0\u00bb<\/em> estime le policier. Pour Philippe Brinsolaro, les comm\u00e9morations sont essentielles pour rappeler <strong>l&rsquo;importance de la libert\u00e9 d&rsquo;expression et l&rsquo;existence permanente de la menace terroriste<\/strong>.&nbsp;<em>\u00ab\u00a0On est toujours en Vigipirate, la menace terroriste existe. On voit ce qu&rsquo;il se passe dans les pays \u00e9trangers, on a des appels \u00e0 la haine par des influenceurs sur les r\u00e9seaux sociaux. Je pense qu&rsquo;il faut le devoir de m\u00e9moire et le rappel de ces \u00e9v\u00e9nements, de ces moments o\u00f9 la France a connu des virages\u00a0\u00bb<\/em> consid\u00e8re-t-il.<!-- HTML_TAG_END --><\/p>\n<p><!-- HTML_TAG_START --><strong>Une place \u00e0 Marseille porte le nom de Franck Brinsolaro<\/strong>. Mort \u00e0 l&rsquo;\u00e2ge de 48 ans, il est toujours pr\u00e9sent dans la m\u00e9moire de ses proches, et reste un <em>\u00ab\u00a0rep\u00e8re\u00a0\u00bb<\/em>. Il a fait <em>\u00ab\u00a0beaucoup de missions dans des services \u00e0 l&rsquo;\u00e9tranger, dans des pays en guerre, dans des conditions tr\u00e8s difficiles\u00a0\u00bb<\/em>, cela faisait partie de lui, <em>\u00ab\u00a0\u00e7a le motivait\u00a0\u00bb<\/em>, t\u00e9moigne son fr\u00e8re Philippe, <em>\u00ab\u00a0on est inspir\u00e9 par les valeurs qu&rsquo;il d\u00e9fendait\u00a0\u00bb<\/em>, poursuit-il. <em>\u00ab\u00a0Il faut trouver dans toute la force qu&rsquo;il a mis dans l&rsquo;accomplissement de ses missions, la force pour nous de continuer \u00e0 accomplir \u00e9galement ces missions\u00a0\u00bb<\/em> ajoute-t-il.<!-- HTML_TAG_END --><\/p>\n<h2><!-- HTML_TAG_START -->\u00ab\u00a0Nous sommes tous Charlie, nous sommes tous Franck\u00a0\u00bb<!-- HTML_TAG_END --><\/h2>\n<p><!-- HTML_TAG_START -->Le d\u00e9put\u00e9 LFI des Bouches-du-Rh\u00f4ne <strong>Manuel Bompard explique ne pas vouloir reprendre le slogan \u00ab\u00a0Je suis Charlie\u00a0\u00bb<\/strong> en 2025. Selon lui, <em>\u00ab\u00a0la formule veut dire tout et son contraire maintenant\u00a0\u00bb<\/em>. Le commandant Philippe Brinsolaro ne commente pas les propos politiques, \u00e9tant soumis \u00e0 un droit de r\u00e9serve. <em>\u00ab\u00a0Je&nbsp;pense qu&rsquo;en des moments comme aujourd&rsquo;hui, nous sommes tous Charlie, et nous sommes tous Franck pour les policiers et pour ceux qui d\u00e9fendent les valeurs de la nation. Apr\u00e8s, chacun est engag\u00e9 par ses propos\u00a0\u00bb<\/em>.<!-- HTML_TAG_END --><\/p>\n<aside class=\"BounceArticle svelte-1gepnk9\">\n<p>\u00c0 \u00e9couter<\/p>\n<div class=\"BounceArticle-wrapper svelte-1gepnk9\"><a class=\"Link g-link-m svelte-13d32k1\" href=\"https:\/\/www.francebleu.fr\/emissions\/l-invite-de-7h45-d-ici-provence\/philippe-brinsolaro-commandant-divisionnaire-et-frere-de-franck-brinsolaro-tue-lors-de-l-attentat-de-charlie-hebdo-8899534\" target=\"_blank\" rel=\"nofollow\"><\/p>\n<div class=\"container svelte-1gepnk9\">\n<div class=\"infos svelte-1gepnk9\">\n<p>Diffusion du 07\/01\/2025<\/p>\n<p>Philippe Brinsolaro, commandant divisionnaire et fr\u00e8re de Franck Brinsolaro, tu\u00e9 lors de l&rsquo;attentat de Charlie Hebdo<\/p>\n<\/div>\n<\/div>\n<p><\/a> <\/div>\n<hr class=\"svelte-1gepnk9\"> <\/aside>\n<aside class=\"BounceArticle svelte-1gepnk9\">\n<p>\u00c0 \u00e9couter<\/p>\n<div class=\"BounceArticle-wrapper svelte-1gepnk9\"><a class=\"Link g-link-m svelte-13d32k1\" href=\"https:\/\/www.francebleu.fr\/emissions\/l-invite-d-ici-matin-limousin\/attaque-de-charlie-hebdo-francois-hollande-alors-president-de-la-republique-se-souvient-3454000\" target=\"_blank\" rel=\"nofollow\"><\/p>\n<div class=\"container svelte-1gepnk9\">\n<div class=\"infos svelte-1gepnk9\">\n<p>Diffusion du 07\/01\/2025<\/p>\n<p>Dix ans de l&rsquo;attentat visant Charlie Hebdo&nbsp;: \u00ab\u00a0Ces images-l\u00e0 ne m&rsquo;ont jamais quitt\u00e9\u00a0\u00bb, confie Fran\u00e7ois Hollande<\/p>\n<\/div>\n<\/div>\n<p><\/a> <\/div>\n<hr class=\"svelte-1gepnk9\"> <\/aside>\n<p>La chronique se veut g\u00e9n\u00e9r\u00e9e de la fa\u00e7on la plus claire que possible. Dans le cas o\u00f9 vous souhaitez pr\u00e9senter des renseignements compl\u00e9mentaires \u00e0 cet article sur le sujet \u00ab\u00a0Fr\u00e8res jumeaux de l&rsquo;Essonnes\u00a0\u00bb il vous est possible d\u2019\u00e9crire aux contacts indiqu\u00e9s sur notre website. La raison d\u2019\u00eatre de jumeaux91.fr \u00e9tant de rassembler sur le web des posts sur le sujet de Fr\u00e8res jumeaux de l&rsquo;Essonnes puis les diffuser en r\u00e9pondant au mieux aux interrogations des gens. Vous pouvez tirer profit de cet article traitant le sujet \u00ab\u00a0Fr\u00e8res jumeaux de l&rsquo;Essonnes\u00a0\u00bb. Il est concoct\u00e9 par l\u2019\u00e9quipe jumeaux91.fr. Prochainement, nous rendrons accessibles au public d&rsquo;autres informations pertinentes sur le sujet \u00ab\u00a0Fr\u00e8res jumeaux de l&rsquo;Essonnes\u00a0\u00bb. Alors, consultez syst\u00e9matiquement notre blog.<\/p>\n","protected":false},"excerpt":{"rendered":"<p>Dix ans apr\u00e8s l&rsquo;attentat de Charlie Hebdo, le commandant divisionnaire de la s\u00e9curit\u00e9 publique Philippe Brinsolaro accepte de t\u00e9moigner sur \u00ab\u00a0ici Provence\u00a0\u00bb ce mardi 7 janvier. Le policier marseillais est le fr\u00e8re jumeau de Franck Brinsolaro,&nbsp; l&rsquo;une des douze victimes des fr\u00e8res Kouachi. Il \u00e9tait policier \u00e9galement, charg\u00e9 de la protection du r\u00e9dacteur en chef&hellip; <a class=\"more-link\" href=\"https:\/\/jumeaux91.fr\/blog\/charlie-hebdo-il-voulait-servir-son-pays-se-souvient-philippe-le-frere-de-franck-brinsolaro\/\">Poursuivre la lecture <span class=\"screen-reader-text\">Charlie Hebdo : \u00ab\u00a0Il voulait servir son pays\u00a0\u00bb se souvient Philippe, le fr\u00e8re de Franck Brinsolaro<\/span><\/a><\/p>\n","protected":false},"author":2,"featured_media":0,"comment_status":"closed","ping_status":"closed","sticky":false,"template":"","format":"standard","meta":{"footnotes":""},"categories":[4],"tags":[],"class_list":["post-987","post","type-post","status-publish","format-standard","hentry","category-posts-freres-jumeaux-de-lessonnes","entry"],"yoast_head":"<!-- This site is optimized with the Yoast SEO plugin v27.5 - https:\/\/yoast.com\/product\/yoast-seo-wordpress\/ -->\n<title>Charlie Hebdo : &quot;Il voulait servir son pays&quot; se souvient Philippe, le fr\u00e8re de Franck Brinsolaro - JUMEAUX91<\/title>\n<meta name=\"robots\" content=\"index, follow, max-snippet:-1, max-image-preview:large, max-video-preview:-1\" \/>\n<link rel=\"canonical\" href=\"https:\/\/jumeaux91.fr\/blog\/charlie-hebdo-il-voulait-servir-son-pays-se-souvient-philippe-le-frere-de-franck-brinsolaro\/\" \/>\n<meta property=\"og:locale\" content=\"fr_FR\" \/>\n<meta property=\"og:type\" content=\"article\" \/>\n<meta property=\"og:title\" content=\"Charlie Hebdo : &quot;Il voulait servir son pays&quot; se souvient Philippe, le fr\u00e8re de Franck Brinsolaro - JUMEAUX91\" \/>\n<meta property=\"og:description\" content=\"Dix ans apr\u00e8s l&rsquo;attentat de Charlie Hebdo, le commandant divisionnaire de la s\u00e9curit\u00e9 publique Philippe Brinsolaro accepte de t\u00e9moigner sur \u00ab\u00a0ici Provence\u00a0\u00bb ce mardi 7 janvier. Le policier marseillais est le fr\u00e8re jumeau de Franck Brinsolaro,&nbsp; l&rsquo;une des douze victimes des fr\u00e8res Kouachi. Il \u00e9tait policier \u00e9galement, charg\u00e9 de la protection du r\u00e9dacteur en chef&hellip; Poursuivre la lecture Charlie Hebdo : \u00ab\u00a0Il voulait servir son pays\u00a0\u00bb se souvient Philippe, le fr\u00e8re de Franck Brinsolaro\" \/>\n<meta property=\"og:url\" content=\"https:\/\/jumeaux91.fr\/blog\/charlie-hebdo-il-voulait-servir-son-pays-se-souvient-philippe-le-frere-de-franck-brinsolaro\/\" \/>\n<meta property=\"og:site_name\" content=\"JUMEAUX91\" \/>\n<meta property=\"article:published_time\" content=\"2025-01-07T00:02:00+00:00\" \/>\n<meta property=\"og:image\" content=\"https:\/\/www.francebleu.fr\/client\/immutable\/assets\/logo-ici-sad.C8Ts0-h1.svg\" \/>\n<meta name=\"author\" content=\"Claude DAYRES\" \/>\n<meta name=\"twitter:card\" content=\"summary_large_image\" \/>\n<meta name=\"twitter:label1\" content=\"\u00c9crit par\" \/>\n\t<meta name=\"twitter:data1\" content=\"Claude DAYRES\" \/>\n\t<meta name=\"twitter:label2\" content=\"Dur\u00e9e de lecture estim\u00e9e\" \/>\n\t<meta name=\"twitter:data2\" content=\"3 minutes\" \/>\n<script type=\"application\/ld+json\" class=\"yoast-schema-graph\">{\"@context\":\"https:\\\/\\\/schema.org\",\"@graph\":[{\"@type\":\"Article\",\"@id\":\"https:\\\/\\\/jumeaux91.fr\\\/blog\\\/charlie-hebdo-il-voulait-servir-son-pays-se-souvient-philippe-le-frere-de-franck-brinsolaro\\\/#article\",\"isPartOf\":{\"@id\":\"https:\\\/\\\/jumeaux91.fr\\\/blog\\\/charlie-hebdo-il-voulait-servir-son-pays-se-souvient-philippe-le-frere-de-franck-brinsolaro\\\/\"},\"author\":{\"name\":\"Claude DAYRES\",\"@id\":\"https:\\\/\\\/jumeaux91.fr\\\/blog\\\/#\\\/schema\\\/person\\\/21da06e9f119b9f64e5d45dbbd32d3fb\"},\"headline\":\"Charlie Hebdo : \u00ab\u00a0Il voulait servir son pays\u00a0\u00bb se souvient Philippe, le fr\u00e8re de Franck Brinsolaro\",\"datePublished\":\"2025-01-07T00:02:00+00:00\",\"mainEntityOfPage\":{\"@id\":\"https:\\\/\\\/jumeaux91.fr\\\/blog\\\/charlie-hebdo-il-voulait-servir-son-pays-se-souvient-philippe-le-frere-de-franck-brinsolaro\\\/\"},\"wordCount\":624,\"publisher\":{\"@id\":\"https:\\\/\\\/jumeaux91.fr\\\/blog\\\/#organization\"},\"image\":{\"@id\":\"https:\\\/\\\/jumeaux91.fr\\\/blog\\\/charlie-hebdo-il-voulait-servir-son-pays-se-souvient-philippe-le-frere-de-franck-brinsolaro\\\/#primaryimage\"},\"thumbnailUrl\":\"https:\\\/\\\/www.francebleu.fr\\\/client\\\/immutable\\\/assets\\\/logo-ici-sad.C8Ts0-h1.svg\",\"articleSection\":[\"Posts Fr\u00e8res Jumeaux De L'Essonnes:\"],\"inLanguage\":\"fr-FR\"},{\"@type\":\"WebPage\",\"@id\":\"https:\\\/\\\/jumeaux91.fr\\\/blog\\\/charlie-hebdo-il-voulait-servir-son-pays-se-souvient-philippe-le-frere-de-franck-brinsolaro\\\/\",\"url\":\"https:\\\/\\\/jumeaux91.fr\\\/blog\\\/charlie-hebdo-il-voulait-servir-son-pays-se-souvient-philippe-le-frere-de-franck-brinsolaro\\\/\",\"name\":\"Charlie Hebdo : \\\"Il voulait servir son pays\\\" se souvient Philippe, le fr\u00e8re de Franck Brinsolaro - JUMEAUX91\",\"isPartOf\":{\"@id\":\"https:\\\/\\\/jumeaux91.fr\\\/blog\\\/#website\"},\"primaryImageOfPage\":{\"@id\":\"https:\\\/\\\/jumeaux91.fr\\\/blog\\\/charlie-hebdo-il-voulait-servir-son-pays-se-souvient-philippe-le-frere-de-franck-brinsolaro\\\/#primaryimage\"},\"image\":{\"@id\":\"https:\\\/\\\/jumeaux91.fr\\\/blog\\\/charlie-hebdo-il-voulait-servir-son-pays-se-souvient-philippe-le-frere-de-franck-brinsolaro\\\/#primaryimage\"},\"thumbnailUrl\":\"https:\\\/\\\/www.francebleu.fr\\\/client\\\/immutable\\\/assets\\\/logo-ici-sad.C8Ts0-h1.svg\",\"datePublished\":\"2025-01-07T00:02:00+00:00\",\"breadcrumb\":{\"@id\":\"https:\\\/\\\/jumeaux91.fr\\\/blog\\\/charlie-hebdo-il-voulait-servir-son-pays-se-souvient-philippe-le-frere-de-franck-brinsolaro\\\/#breadcrumb\"},\"inLanguage\":\"fr-FR\",\"potentialAction\":[{\"@type\":\"ReadAction\",\"target\":[\"https:\\\/\\\/jumeaux91.fr\\\/blog\\\/charlie-hebdo-il-voulait-servir-son-pays-se-souvient-philippe-le-frere-de-franck-brinsolaro\\\/\"]}]},{\"@type\":\"ImageObject\",\"inLanguage\":\"fr-FR\",\"@id\":\"https:\\\/\\\/jumeaux91.fr\\\/blog\\\/charlie-hebdo-il-voulait-servir-son-pays-se-souvient-philippe-le-frere-de-franck-brinsolaro\\\/#primaryimage\",\"url\":\"https:\\\/\\\/www.francebleu.fr\\\/client\\\/immutable\\\/assets\\\/logo-ici-sad.C8Ts0-h1.svg\",\"contentUrl\":\"https:\\\/\\\/www.francebleu.fr\\\/client\\\/immutable\\\/assets\\\/logo-ici-sad.C8Ts0-h1.svg\"},{\"@type\":\"BreadcrumbList\",\"@id\":\"https:\\\/\\\/jumeaux91.fr\\\/blog\\\/charlie-hebdo-il-voulait-servir-son-pays-se-souvient-philippe-le-frere-de-franck-brinsolaro\\\/#breadcrumb\",\"itemListElement\":[{\"@type\":\"ListItem\",\"position\":1,\"name\":\"Accueil\",\"item\":\"https:\\\/\\\/jumeaux91.fr\\\/blog\\\/\"},{\"@type\":\"ListItem\",\"position\":2,\"name\":\"Charlie Hebdo : \u00ab\u00a0Il voulait servir son pays\u00a0\u00bb se souvient Philippe, le fr\u00e8re de Franck Brinsolaro\"}]},{\"@type\":\"WebSite\",\"@id\":\"https:\\\/\\\/jumeaux91.fr\\\/blog\\\/#website\",\"url\":\"https:\\\/\\\/jumeaux91.fr\\\/blog\\\/\",\"name\":\"JUMEAUX91\",\"description\":\"Fr\u00e8res jumeaux de l&#039;Essonnes; informations et archives, \u00e0 savoir et retenir.\",\"publisher\":{\"@id\":\"https:\\\/\\\/jumeaux91.fr\\\/blog\\\/#organization\"},\"potentialAction\":[{\"@type\":\"SearchAction\",\"target\":{\"@type\":\"EntryPoint\",\"urlTemplate\":\"https:\\\/\\\/jumeaux91.fr\\\/blog\\\/?s={search_term_string}\"},\"query-input\":{\"@type\":\"PropertyValueSpecification\",\"valueRequired\":true,\"valueName\":\"search_term_string\"}}],\"inLanguage\":\"fr-FR\"},{\"@type\":\"Organization\",\"@id\":\"https:\\\/\\\/jumeaux91.fr\\\/blog\\\/#organization\",\"name\":\"jumeaux91\",\"url\":\"https:\\\/\\\/jumeaux91.fr\\\/blog\\\/\",\"logo\":{\"@type\":\"ImageObject\",\"inLanguage\":\"fr-FR\",\"@id\":\"https:\\\/\\\/jumeaux91.fr\\\/blog\\\/#\\\/schema\\\/logo\\\/image\\\/\",\"url\":\"https:\\\/\\\/jumeaux91.fr\\\/blog\\\/wp-content\\\/uploads\\\/2023\\\/05\\\/cropped-cropped-logoJ_91.png\",\"contentUrl\":\"https:\\\/\\\/jumeaux91.fr\\\/blog\\\/wp-content\\\/uploads\\\/2023\\\/05\\\/cropped-cropped-logoJ_91.png\",\"width\":512,\"height\":512,\"caption\":\"jumeaux91\"},\"image\":{\"@id\":\"https:\\\/\\\/jumeaux91.fr\\\/blog\\\/#\\\/schema\\\/logo\\\/image\\\/\"}},{\"@type\":\"Person\",\"@id\":\"https:\\\/\\\/jumeaux91.fr\\\/blog\\\/#\\\/schema\\\/person\\\/21da06e9f119b9f64e5d45dbbd32d3fb\",\"name\":\"Claude DAYRES\",\"image\":{\"@type\":\"ImageObject\",\"inLanguage\":\"fr-FR\",\"@id\":\"https:\\\/\\\/secure.gravatar.com\\\/avatar\\\/82eb951df6110a2c48d1bfa7a67d1ee6f0cd5df3cbf9c3586dd61e82db7172a5?s=96&d=mm&r=g\",\"url\":\"https:\\\/\\\/secure.gravatar.com\\\/avatar\\\/82eb951df6110a2c48d1bfa7a67d1ee6f0cd5df3cbf9c3586dd61e82db7172a5?s=96&d=mm&r=g\",\"contentUrl\":\"https:\\\/\\\/secure.gravatar.com\\\/avatar\\\/82eb951df6110a2c48d1bfa7a67d1ee6f0cd5df3cbf9c3586dd61e82db7172a5?s=96&d=mm&r=g\",\"caption\":\"Claude DAYRES\"},\"url\":\"https:\\\/\\\/jumeaux91.fr\\\/blog\\\/author\\\/x91claude\\\/\"}]}<\/script>\n<!-- \/ Yoast SEO plugin. -->","yoast_head_json":{"title":"Charlie Hebdo : \"Il voulait servir son pays\" se souvient Philippe, le fr\u00e8re de Franck Brinsolaro - JUMEAUX91","robots":{"index":"index","follow":"follow","max-snippet":"max-snippet:-1","max-image-preview":"max-image-preview:large","max-video-preview":"max-video-preview:-1"},"canonical":"https:\/\/jumeaux91.fr\/blog\/charlie-hebdo-il-voulait-servir-son-pays-se-souvient-philippe-le-frere-de-franck-brinsolaro\/","og_locale":"fr_FR","og_type":"article","og_title":"Charlie Hebdo : \"Il voulait servir son pays\" se souvient Philippe, le fr\u00e8re de Franck Brinsolaro - JUMEAUX91","og_description":"Dix ans apr\u00e8s l&rsquo;attentat de Charlie Hebdo, le commandant divisionnaire de la s\u00e9curit\u00e9 publique Philippe Brinsolaro accepte de t\u00e9moigner sur \u00ab\u00a0ici Provence\u00a0\u00bb ce mardi 7 janvier. Le policier marseillais est le fr\u00e8re jumeau de Franck Brinsolaro,&nbsp; l&rsquo;une des douze victimes des fr\u00e8res Kouachi. Il \u00e9tait policier \u00e9galement, charg\u00e9 de la protection du r\u00e9dacteur en chef&hellip; Poursuivre la lecture Charlie Hebdo : \u00ab\u00a0Il voulait servir son pays\u00a0\u00bb se souvient Philippe, le fr\u00e8re de Franck Brinsolaro","og_url":"https:\/\/jumeaux91.fr\/blog\/charlie-hebdo-il-voulait-servir-son-pays-se-souvient-philippe-le-frere-de-franck-brinsolaro\/","og_site_name":"JUMEAUX91","article_published_time":"2025-01-07T00:02:00+00:00","og_image":[{"url":"https:\/\/www.francebleu.fr\/client\/immutable\/assets\/logo-ici-sad.C8Ts0-h1.svg","type":"","width":"","height":""}],"author":"Claude DAYRES","twitter_card":"summary_large_image","twitter_misc":{"\u00c9crit par":"Claude DAYRES","Dur\u00e9e de lecture estim\u00e9e":"3 minutes"},"schema":{"@context":"https:\/\/schema.org","@graph":[{"@type":"Article","@id":"https:\/\/jumeaux91.fr\/blog\/charlie-hebdo-il-voulait-servir-son-pays-se-souvient-philippe-le-frere-de-franck-brinsolaro\/#article","isPartOf":{"@id":"https:\/\/jumeaux91.fr\/blog\/charlie-hebdo-il-voulait-servir-son-pays-se-souvient-philippe-le-frere-de-franck-brinsolaro\/"},"author":{"name":"Claude DAYRES","@id":"https:\/\/jumeaux91.fr\/blog\/#\/schema\/person\/21da06e9f119b9f64e5d45dbbd32d3fb"},"headline":"Charlie Hebdo : \u00ab\u00a0Il voulait servir son pays\u00a0\u00bb se souvient Philippe, le fr\u00e8re de Franck Brinsolaro","datePublished":"2025-01-07T00:02:00+00:00","mainEntityOfPage":{"@id":"https:\/\/jumeaux91.fr\/blog\/charlie-hebdo-il-voulait-servir-son-pays-se-souvient-philippe-le-frere-de-franck-brinsolaro\/"},"wordCount":624,"publisher":{"@id":"https:\/\/jumeaux91.fr\/blog\/#organization"},"image":{"@id":"https:\/\/jumeaux91.fr\/blog\/charlie-hebdo-il-voulait-servir-son-pays-se-souvient-philippe-le-frere-de-franck-brinsolaro\/#primaryimage"},"thumbnailUrl":"https:\/\/www.francebleu.fr\/client\/immutable\/assets\/logo-ici-sad.C8Ts0-h1.svg","articleSection":["Posts Fr\u00e8res Jumeaux De L'Essonnes:"],"inLanguage":"fr-FR"},{"@type":"WebPage","@id":"https:\/\/jumeaux91.fr\/blog\/charlie-hebdo-il-voulait-servir-son-pays-se-souvient-philippe-le-frere-de-franck-brinsolaro\/","url":"https:\/\/jumeaux91.fr\/blog\/charlie-hebdo-il-voulait-servir-son-pays-se-souvient-philippe-le-frere-de-franck-brinsolaro\/","name":"Charlie Hebdo : \"Il voulait servir son pays\" se souvient Philippe, le fr\u00e8re de Franck Brinsolaro - JUMEAUX91","isPartOf":{"@id":"https:\/\/jumeaux91.fr\/blog\/#website"},"primaryImageOfPage":{"@id":"https:\/\/jumeaux91.fr\/blog\/charlie-hebdo-il-voulait-servir-son-pays-se-souvient-philippe-le-frere-de-franck-brinsolaro\/#primaryimage"},"image":{"@id":"https:\/\/jumeaux91.fr\/blog\/charlie-hebdo-il-voulait-servir-son-pays-se-souvient-philippe-le-frere-de-franck-brinsolaro\/#primaryimage"},"thumbnailUrl":"https:\/\/www.francebleu.fr\/client\/immutable\/assets\/logo-ici-sad.C8Ts0-h1.svg","datePublished":"2025-01-07T00:02:00+00:00","breadcrumb":{"@id":"https:\/\/jumeaux91.fr\/blog\/charlie-hebdo-il-voulait-servir-son-pays-se-souvient-philippe-le-frere-de-franck-brinsolaro\/#breadcrumb"},"inLanguage":"fr-FR","potentialAction":[{"@type":"ReadAction","target":["https:\/\/jumeaux91.fr\/blog\/charlie-hebdo-il-voulait-servir-son-pays-se-souvient-philippe-le-frere-de-franck-brinsolaro\/"]}]},{"@type":"ImageObject","inLanguage":"fr-FR","@id":"https:\/\/jumeaux91.fr\/blog\/charlie-hebdo-il-voulait-servir-son-pays-se-souvient-philippe-le-frere-de-franck-brinsolaro\/#primaryimage","url":"https:\/\/www.francebleu.fr\/client\/immutable\/assets\/logo-ici-sad.C8Ts0-h1.svg","contentUrl":"https:\/\/www.francebleu.fr\/client\/immutable\/assets\/logo-ici-sad.C8Ts0-h1.svg"},{"@type":"BreadcrumbList","@id":"https:\/\/jumeaux91.fr\/blog\/charlie-hebdo-il-voulait-servir-son-pays-se-souvient-philippe-le-frere-de-franck-brinsolaro\/#breadcrumb","itemListElement":[{"@type":"ListItem","position":1,"name":"Accueil","item":"https:\/\/jumeaux91.fr\/blog\/"},{"@type":"ListItem","position":2,"name":"Charlie Hebdo : \u00ab\u00a0Il voulait servir son pays\u00a0\u00bb se souvient Philippe, le fr\u00e8re de Franck Brinsolaro"}]},{"@type":"WebSite","@id":"https:\/\/jumeaux91.fr\/blog\/#website","url":"https:\/\/jumeaux91.fr\/blog\/","name":"JUMEAUX91","description":"Fr\u00e8res jumeaux de l&#039;Essonnes; informations et archives, \u00e0 savoir et retenir.","publisher":{"@id":"https:\/\/jumeaux91.fr\/blog\/#organization"},"potentialAction":[{"@type":"SearchAction","target":{"@type":"EntryPoint","urlTemplate":"https:\/\/jumeaux91.fr\/blog\/?s={search_term_string}"},"query-input":{"@type":"PropertyValueSpecification","valueRequired":true,"valueName":"search_term_string"}}],"inLanguage":"fr-FR"},{"@type":"Organization","@id":"https:\/\/jumeaux91.fr\/blog\/#organization","name":"jumeaux91","url":"https:\/\/jumeaux91.fr\/blog\/","logo":{"@type":"ImageObject","inLanguage":"fr-FR","@id":"https:\/\/jumeaux91.fr\/blog\/#\/schema\/logo\/image\/","url":"https:\/\/jumeaux91.fr\/blog\/wp-content\/uploads\/2023\/05\/cropped-cropped-logoJ_91.png","contentUrl":"https:\/\/jumeaux91.fr\/blog\/wp-content\/uploads\/2023\/05\/cropped-cropped-logoJ_91.png","width":512,"height":512,"caption":"jumeaux91"},"image":{"@id":"https:\/\/jumeaux91.fr\/blog\/#\/schema\/logo\/image\/"}},{"@type":"Person","@id":"https:\/\/jumeaux91.fr\/blog\/#\/schema\/person\/21da06e9f119b9f64e5d45dbbd32d3fb","name":"Claude DAYRES","image":{"@type":"ImageObject","inLanguage":"fr-FR","@id":"https:\/\/secure.gravatar.com\/avatar\/82eb951df6110a2c48d1bfa7a67d1ee6f0cd5df3cbf9c3586dd61e82db7172a5?s=96&d=mm&r=g","url":"https:\/\/secure.gravatar.com\/avatar\/82eb951df6110a2c48d1bfa7a67d1ee6f0cd5df3cbf9c3586dd61e82db7172a5?s=96&d=mm&r=g","contentUrl":"https:\/\/secure.gravatar.com\/avatar\/82eb951df6110a2c48d1bfa7a67d1ee6f0cd5df3cbf9c3586dd61e82db7172a5?s=96&d=mm&r=g","caption":"Claude DAYRES"},"url":"https:\/\/jumeaux91.fr\/blog\/author\/x91claude\/"}]}},"_links":{"self":[{"href":"https:\/\/jumeaux91.fr\/blog\/wp-json\/wp\/v2\/posts\/987","targetHints":{"allow":["GET"]}}],"collection":[{"href":"https:\/\/jumeaux91.fr\/blog\/wp-json\/wp\/v2\/posts"}],"about":[{"href":"https:\/\/jumeaux91.fr\/blog\/wp-json\/wp\/v2\/types\/post"}],"author":[{"embeddable":true,"href":"https:\/\/jumeaux91.fr\/blog\/wp-json\/wp\/v2\/users\/2"}],"replies":[{"embeddable":true,"href":"https:\/\/jumeaux91.fr\/blog\/wp-json\/wp\/v2\/comments?post=987"}],"version-history":[{"count":0,"href":"https:\/\/jumeaux91.fr\/blog\/wp-json\/wp\/v2\/posts\/987\/revisions"}],"wp:attachment":[{"href":"https:\/\/jumeaux91.fr\/blog\/wp-json\/wp\/v2\/media?parent=987"}],"wp:term":[{"taxonomy":"category","embeddable":true,"href":"https:\/\/jumeaux91.fr\/blog\/wp-json\/wp\/v2\/categories?post=987"},{"taxonomy":"post_tag","embeddable":true,"href":"https:\/\/jumeaux91.fr\/blog\/wp-json\/wp\/v2\/tags?post=987"}],"curies":[{"name":"wp","href":"https:\/\/api.w.org\/{rel}","templated":true}]}}