{"id":996,"date":"2025-01-13T06:30:00","date_gmt":"2025-01-13T05:30:00","guid":{"rendered":"https:\/\/jumeaux91.fr\/blog\/avec-sa-derniere-levee-de-fonds-optimum-tracker-mise-sur-les-etats-unis-et-lagrivoltaisme\/"},"modified":"2025-01-13T06:30:00","modified_gmt":"2025-01-13T05:30:00","slug":"avec-sa-derniere-levee-de-fonds-optimum-tracker-mise-sur-les-etats-unis-et-lagrivoltaisme","status":"publish","type":"post","link":"https:\/\/jumeaux91.fr\/blog\/avec-sa-derniere-levee-de-fonds-optimum-tracker-mise-sur-les-etats-unis-et-lagrivoltaisme\/","title":{"rendered":"Avec sa derni\u00e8re lev\u00e9e de fonds, Optimum Tracker mise sur les \u00c9tats-Unis et l\u2019agrivolta\u00efsme"},"content":{"rendered":"<div><img decoding=\"async\" src=\"https:\/\/jumeaux91.fr\/blog\/wp-content\/uploads\/2025\/01\/avec-sa-derniere-levee-de-fonds-optimum-tracker-mise-sur-les-etats-unis-et-lagrivoltaisme.jpg\" class=\"ff-og-image-inserted\"><\/div>\n<p>L\u2019entreprise Optimum Tracker, bas\u00e9e \u00e0 Meyreuil, pr\u00e8s d\u2019Aix-en-Provence et fond\u00e9e en 2009 par deux fr\u00e8res jumeaux, Madyan et Yacin De Welle, propose des trackers solaires (constitu\u00e9s de supports de panneaux solaires motoris\u00e9s et pilot\u00e9s gr\u00e2ce \u00e0 des algorithmes). Elle vient de boucler r\u00e9cemment une lev\u00e9e de fonds de 10 millions d\u2019euros. Un tour de table men\u00e9, via la banque d\u2019affaires Atout Capital, aupr\u00e8s du fonds luxembourgeois Oraxys, sp\u00e9cialis\u00e9 dans l\u2019accompagnement des PME positionn\u00e9es sur des solutions environnementales, avec trois axes principaux d\u2019action : la pr\u00e9servation de la nature, l\u2019efficacit\u00e9 des ressources et la sant\u00e9. \u00ab\u00a0L\u2019op\u00e9ration a pris environ six mois. Le fonds a pour ambition d\u2019amener des PME \u00e0 changer de taille et \u00e0 devenir des ETI\u00a0\u00bb, confie Madyan de Welle, dirigeant de l\u2019entreprise, qui, avec son fr\u00e8re, demeure largement majoritaire au capital. Il poursuit par ailleurs : \u00ab\u00a0Avec Yacin, nous avons cr\u00e9\u00e9 Optimum Tracker \u00e0 l\u2019issue de nos \u00e9tudes. Nous n\u2019avons pas connu d\u2019autres entreprises, d\u2019autres organisations. \u00catre accompagn\u00e9s par un fonds actif et impliqu\u00e9 nous apporte un partage d\u2019exp\u00e9riences enrichissant. Il est important d\u2019avoir des \u00e9changes, cela permet de structurer et de pouvoir freiner le d\u00e9veloppement si celui-ci est trop rapide\u00a0\u00bb.<\/p>\n<h3>Seul fabricant fran\u00e7ais de trackers<\/h3>\n<p>L\u2019entreprise, qui compte 40 salari\u00e9s, pour un chiffre d\u2019affaires de 25 millions d\u2019euros, con\u00e7oit, fait fabriquer et livre des \u00e9quipements photovolta\u00efques, permettant aux panneaux solaires, de faire comme les tournesols, c\u2019est-\u00e0-dire de suivre le soleil toute la journ\u00e9e, afin de lisser et d\u2019optimiser l\u2019\u00e9nergie produite (environ 20 % de plus qu\u2019avec des panneaux fixes) toute la journ\u00e9e. L\u2019entreprise forme et accompagne \u00e9galement ses clients durant le temps de l\u2019exploitation du champ photovolta\u00efque. \u00ab\u00a0Nous sommes les seuls fabricants fran\u00e7ais de trackers et nous pouvons intervenir sur d\u2019importantes centrales \u00ab\u00a0, Madyan de Welle.<\/p>\n<h3>Projet de filiale aux Etats-Unis<\/h3>\n<p>La r\u00e9cente lev\u00e9e de fonds va permettre \u00e0 l\u2019entreprise de poursuivre son d\u00e9veloppement commercial \u00e0 l\u2019international et notamment, sur le territoire des Etats-Unis. Optimum Tracker, qui r\u00e9alise d\u00e9j\u00e0 l\u2019int\u00e9gralit\u00e9 de son chiffre d\u2019affaires \u00e0 l\u2019export, principalement en Europe, envisage ainsi de cr\u00e9er une filiale commerciale, de cinq \u00e0 six personnes, outre-Atlantique, dans l\u2019\u00c9tat de New York, en 2025. \u00ab\u00a0Pour vendre aux Etats-Unis, il est important d\u2019y \u00eatre install\u00e9, d\u2019autant que ce pays repr\u00e9sente pr\u00e8s de 40 % du march\u00e9 du photovolta\u00efque dans le monde. Nous allons mettre en avant nos comp\u00e9tences en agrivolta\u00efque\u00a0\u00bb, indique Madyan de Welle.<\/p>\n<h3>Miser sur de grandes surfaces au sol<\/h3>\n<p>Le tour de table va en effet permettre \u00e0 l\u2019entreprise de se d\u00e9velopper sur ce march\u00e9 de centrales au sol qui permettent de combiner deux activit\u00e9s : l\u2019agriculture et la production d\u2019\u00e9lectricit\u00e9. \u00ab\u00a0Nous concevons des syst\u00e8mes qui permettent \u00e0 l\u2019exploitant de continuer son travail. Dans le cadre de p\u00e2turages, les panneaux prot\u00e8gent les b\u00eates des al\u00e9as climatiques et ils permettent \u00e9galement de r\u00e9colter davantage de fourrage\u00a0\u00bb, explique le dirigeant.<\/p>\n<h2>Solution de \u00ab\u00a0monitoring agricole\u00a0\u00bb pour piloter les exploitations<\/h2>\n<p>Optimum Tracker propose \u00e9galement du monitoring agricole via des capteurs mesurant, par exemple, le taux d\u2019humidit\u00e9 ou la teneur en azote des sols et en mettant \u00e0 disposition des exploitants une solution logicielle pour piloter l\u2019installation. Sur le march\u00e9 am\u00e9ricain, l\u2019entreprise va ainsi miser sur son savoir-faire dans ce domaine. \u00ab\u00a0Avec la lev\u00e9e de fonds, nous allons pouvoir installer des d\u00e9monstrateurs sp\u00e9cialis\u00e9s pour telle ou telle culture. Chaque plantation a ses contraintes et nous devons travailler \u00e0 optimiser le syst\u00e8me\u00a0\u00bb, ajoute Madyan de Welle.<\/p>\n<p>En parall\u00e8le de l\u2019export, la France devrait elle aussi repr\u00e9senter une part importante de l\u2019activit\u00e9, pr\u00e9cise encore le dirigeant. Et rapidement. Pour atteindre rapidement 30 \u00e0 50 % du chiffre d\u2019affaires d\u2019Optimum Tracker.<\/p>\n<p> La chronique se veut g\u00e9n\u00e9r\u00e9e de la fa\u00e7on la plus claire que possible. Dans le cas o\u00f9 vous souhaitez pr\u00e9senter des renseignements compl\u00e9mentaires \u00e0 cet article sur le sujet \u00ab\u00a0Fr\u00e8res jumeaux de l&rsquo;Essonnes\u00a0\u00bb il vous est possible d\u2019\u00e9crire aux contacts indiqu\u00e9s sur notre website. La raison d\u2019\u00eatre de jumeaux91.fr \u00e9tant de rassembler sur le web des posts sur le sujet de Fr\u00e8res jumeaux de l&rsquo;Essonnes puis les diffuser en r\u00e9pondant au mieux aux interrogations des gens. Vous pouvez tirer profit de cet article traitant le sujet \u00ab\u00a0Fr\u00e8res jumeaux de l&rsquo;Essonnes\u00a0\u00bb. Il est concoct\u00e9 par l\u2019\u00e9quipe jumeaux91.fr. Prochainement, nous rendrons accessibles au public d&rsquo;autres informations pertinentes sur le sujet \u00ab\u00a0Fr\u00e8res jumeaux de l&rsquo;Essonnes\u00a0\u00bb. Alors, consultez syst\u00e9matiquement notre blog.<\/p>\n","protected":false},"excerpt":{"rendered":"<p>L\u2019entreprise Optimum Tracker, bas\u00e9e \u00e0 Meyreuil, pr\u00e8s d\u2019Aix-en-Provence et fond\u00e9e en 2009 par deux fr\u00e8res jumeaux, Madyan et Yacin De Welle, propose des trackers solaires (constitu\u00e9s de supports de panneaux solaires motoris\u00e9s et pilot\u00e9s gr\u00e2ce \u00e0 des algorithmes). Elle vient de boucler r\u00e9cemment une lev\u00e9e de fonds de 10 millions d\u2019euros. Un tour de table&hellip; <a class=\"more-link\" href=\"https:\/\/jumeaux91.fr\/blog\/avec-sa-derniere-levee-de-fonds-optimum-tracker-mise-sur-les-etats-unis-et-lagrivoltaisme\/\">Poursuivre la lecture <span class=\"screen-reader-text\">Avec sa derni\u00e8re lev\u00e9e de fonds, Optimum Tracker mise sur les \u00c9tats-Unis et l\u2019agrivolta\u00efsme<\/span><\/a><\/p>\n","protected":false},"author":2,"featured_media":997,"comment_status":"closed","ping_status":"closed","sticky":false,"template":"","format":"standard","meta":{"footnotes":""},"categories":[4],"tags":[],"class_list":["post-996","post","type-post","status-publish","format-standard","has-post-thumbnail","hentry","category-posts-freres-jumeaux-de-lessonnes","entry"],"yoast_head":"<!-- This site is optimized with the Yoast SEO plugin v27.5 - https:\/\/yoast.com\/product\/yoast-seo-wordpress\/ -->\n<title>Avec sa derni\u00e8re lev\u00e9e de fonds, Optimum Tracker mise sur les \u00c9tats-Unis et l\u2019agrivolta\u00efsme - JUMEAUX91<\/title>\n<meta name=\"robots\" content=\"index, follow, max-snippet:-1, max-image-preview:large, max-video-preview:-1\" \/>\n<link rel=\"canonical\" href=\"https:\/\/jumeaux91.fr\/blog\/avec-sa-derniere-levee-de-fonds-optimum-tracker-mise-sur-les-etats-unis-et-lagrivoltaisme\/\" \/>\n<meta property=\"og:locale\" content=\"fr_FR\" \/>\n<meta property=\"og:type\" content=\"article\" \/>\n<meta property=\"og:title\" content=\"Avec sa derni\u00e8re lev\u00e9e de fonds, Optimum Tracker mise sur les \u00c9tats-Unis et l\u2019agrivolta\u00efsme - JUMEAUX91\" \/>\n<meta property=\"og:description\" content=\"L\u2019entreprise Optimum Tracker, bas\u00e9e \u00e0 Meyreuil, pr\u00e8s d\u2019Aix-en-Provence et fond\u00e9e en 2009 par deux fr\u00e8res jumeaux, Madyan et Yacin De Welle, propose des trackers solaires (constitu\u00e9s de supports de panneaux solaires motoris\u00e9s et pilot\u00e9s gr\u00e2ce \u00e0 des algorithmes). Elle vient de boucler r\u00e9cemment une lev\u00e9e de fonds de 10 millions d\u2019euros. Un tour de table&hellip; Poursuivre la lecture Avec sa derni\u00e8re lev\u00e9e de fonds, Optimum Tracker mise sur les \u00c9tats-Unis et l\u2019agrivolta\u00efsme\" \/>\n<meta property=\"og:url\" content=\"https:\/\/jumeaux91.fr\/blog\/avec-sa-derniere-levee-de-fonds-optimum-tracker-mise-sur-les-etats-unis-et-lagrivoltaisme\/\" \/>\n<meta property=\"og:site_name\" content=\"JUMEAUX91\" \/>\n<meta property=\"article:published_time\" content=\"2025-01-13T05:30:00+00:00\" \/>\n<meta property=\"og:image\" content=\"https:\/\/jumeaux91.fr\/blog\/wp-content\/uploads\/2025\/01\/avec-sa-derniere-levee-de-fonds-optimum-tracker-mise-sur-les-etats-unis-et-lagrivoltaisme.jpg\" \/>\n<meta name=\"author\" content=\"Claude DAYRES\" \/>\n<meta name=\"twitter:card\" content=\"summary_large_image\" \/>\n<meta name=\"twitter:label1\" content=\"\u00c9crit par\" \/>\n\t<meta name=\"twitter:data1\" content=\"Claude DAYRES\" \/>\n\t<meta name=\"twitter:label2\" content=\"Dur\u00e9e de lecture estim\u00e9e\" \/>\n\t<meta name=\"twitter:data2\" content=\"4 minutes\" \/>\n<script type=\"application\/ld+json\" class=\"yoast-schema-graph\">{\"@context\":\"https:\\\/\\\/schema.org\",\"@graph\":[{\"@type\":\"Article\",\"@id\":\"https:\\\/\\\/jumeaux91.fr\\\/blog\\\/avec-sa-derniere-levee-de-fonds-optimum-tracker-mise-sur-les-etats-unis-et-lagrivoltaisme\\\/#article\",\"isPartOf\":{\"@id\":\"https:\\\/\\\/jumeaux91.fr\\\/blog\\\/avec-sa-derniere-levee-de-fonds-optimum-tracker-mise-sur-les-etats-unis-et-lagrivoltaisme\\\/\"},\"author\":{\"name\":\"Claude DAYRES\",\"@id\":\"https:\\\/\\\/jumeaux91.fr\\\/blog\\\/#\\\/schema\\\/person\\\/21da06e9f119b9f64e5d45dbbd32d3fb\"},\"headline\":\"Avec sa derni\u00e8re lev\u00e9e de fonds, Optimum Tracker mise sur les \u00c9tats-Unis et l\u2019agrivolta\u00efsme\",\"datePublished\":\"2025-01-13T05:30:00+00:00\",\"mainEntityOfPage\":{\"@id\":\"https:\\\/\\\/jumeaux91.fr\\\/blog\\\/avec-sa-derniere-levee-de-fonds-optimum-tracker-mise-sur-les-etats-unis-et-lagrivoltaisme\\\/\"},\"wordCount\":821,\"publisher\":{\"@id\":\"https:\\\/\\\/jumeaux91.fr\\\/blog\\\/#organization\"},\"image\":{\"@id\":\"https:\\\/\\\/jumeaux91.fr\\\/blog\\\/avec-sa-derniere-levee-de-fonds-optimum-tracker-mise-sur-les-etats-unis-et-lagrivoltaisme\\\/#primaryimage\"},\"thumbnailUrl\":\"https:\\\/\\\/jumeaux91.fr\\\/blog\\\/wp-content\\\/uploads\\\/2025\\\/01\\\/avec-sa-derniere-levee-de-fonds-optimum-tracker-mise-sur-les-etats-unis-et-lagrivoltaisme.jpg\",\"articleSection\":[\"Posts Fr\u00e8res Jumeaux De L'Essonnes:\"],\"inLanguage\":\"fr-FR\"},{\"@type\":\"WebPage\",\"@id\":\"https:\\\/\\\/jumeaux91.fr\\\/blog\\\/avec-sa-derniere-levee-de-fonds-optimum-tracker-mise-sur-les-etats-unis-et-lagrivoltaisme\\\/\",\"url\":\"https:\\\/\\\/jumeaux91.fr\\\/blog\\\/avec-sa-derniere-levee-de-fonds-optimum-tracker-mise-sur-les-etats-unis-et-lagrivoltaisme\\\/\",\"name\":\"Avec sa derni\u00e8re lev\u00e9e de fonds, Optimum Tracker mise sur les \u00c9tats-Unis et l\u2019agrivolta\u00efsme - JUMEAUX91\",\"isPartOf\":{\"@id\":\"https:\\\/\\\/jumeaux91.fr\\\/blog\\\/#website\"},\"primaryImageOfPage\":{\"@id\":\"https:\\\/\\\/jumeaux91.fr\\\/blog\\\/avec-sa-derniere-levee-de-fonds-optimum-tracker-mise-sur-les-etats-unis-et-lagrivoltaisme\\\/#primaryimage\"},\"image\":{\"@id\":\"https:\\\/\\\/jumeaux91.fr\\\/blog\\\/avec-sa-derniere-levee-de-fonds-optimum-tracker-mise-sur-les-etats-unis-et-lagrivoltaisme\\\/#primaryimage\"},\"thumbnailUrl\":\"https:\\\/\\\/jumeaux91.fr\\\/blog\\\/wp-content\\\/uploads\\\/2025\\\/01\\\/avec-sa-derniere-levee-de-fonds-optimum-tracker-mise-sur-les-etats-unis-et-lagrivoltaisme.jpg\",\"datePublished\":\"2025-01-13T05:30:00+00:00\",\"breadcrumb\":{\"@id\":\"https:\\\/\\\/jumeaux91.fr\\\/blog\\\/avec-sa-derniere-levee-de-fonds-optimum-tracker-mise-sur-les-etats-unis-et-lagrivoltaisme\\\/#breadcrumb\"},\"inLanguage\":\"fr-FR\",\"potentialAction\":[{\"@type\":\"ReadAction\",\"target\":[\"https:\\\/\\\/jumeaux91.fr\\\/blog\\\/avec-sa-derniere-levee-de-fonds-optimum-tracker-mise-sur-les-etats-unis-et-lagrivoltaisme\\\/\"]}]},{\"@type\":\"ImageObject\",\"inLanguage\":\"fr-FR\",\"@id\":\"https:\\\/\\\/jumeaux91.fr\\\/blog\\\/avec-sa-derniere-levee-de-fonds-optimum-tracker-mise-sur-les-etats-unis-et-lagrivoltaisme\\\/#primaryimage\",\"url\":\"https:\\\/\\\/jumeaux91.fr\\\/blog\\\/wp-content\\\/uploads\\\/2025\\\/01\\\/avec-sa-derniere-levee-de-fonds-optimum-tracker-mise-sur-les-etats-unis-et-lagrivoltaisme.jpg\",\"contentUrl\":\"https:\\\/\\\/jumeaux91.fr\\\/blog\\\/wp-content\\\/uploads\\\/2025\\\/01\\\/avec-sa-derniere-levee-de-fonds-optimum-tracker-mise-sur-les-etats-unis-et-lagrivoltaisme.jpg\",\"width\":1200,\"height\":630,\"caption\":\"Avec sa derni\u00e8re lev\u00e9e de fonds, Optimum Tracker mise sur les \u00c9tats Unis et l\u2019agrivolta\u00efsme\"},{\"@type\":\"BreadcrumbList\",\"@id\":\"https:\\\/\\\/jumeaux91.fr\\\/blog\\\/avec-sa-derniere-levee-de-fonds-optimum-tracker-mise-sur-les-etats-unis-et-lagrivoltaisme\\\/#breadcrumb\",\"itemListElement\":[{\"@type\":\"ListItem\",\"position\":1,\"name\":\"Accueil\",\"item\":\"https:\\\/\\\/jumeaux91.fr\\\/blog\\\/\"},{\"@type\":\"ListItem\",\"position\":2,\"name\":\"Avec sa derni\u00e8re lev\u00e9e de fonds, Optimum Tracker mise sur les \u00c9tats-Unis et l\u2019agrivolta\u00efsme\"}]},{\"@type\":\"WebSite\",\"@id\":\"https:\\\/\\\/jumeaux91.fr\\\/blog\\\/#website\",\"url\":\"https:\\\/\\\/jumeaux91.fr\\\/blog\\\/\",\"name\":\"JUMEAUX91\",\"description\":\"Fr\u00e8res jumeaux de l&#039;Essonnes; informations et archives, \u00e0 savoir et retenir.\",\"publisher\":{\"@id\":\"https:\\\/\\\/jumeaux91.fr\\\/blog\\\/#organization\"},\"potentialAction\":[{\"@type\":\"SearchAction\",\"target\":{\"@type\":\"EntryPoint\",\"urlTemplate\":\"https:\\\/\\\/jumeaux91.fr\\\/blog\\\/?s={search_term_string}\"},\"query-input\":{\"@type\":\"PropertyValueSpecification\",\"valueRequired\":true,\"valueName\":\"search_term_string\"}}],\"inLanguage\":\"fr-FR\"},{\"@type\":\"Organization\",\"@id\":\"https:\\\/\\\/jumeaux91.fr\\\/blog\\\/#organization\",\"name\":\"jumeaux91\",\"url\":\"https:\\\/\\\/jumeaux91.fr\\\/blog\\\/\",\"logo\":{\"@type\":\"ImageObject\",\"inLanguage\":\"fr-FR\",\"@id\":\"https:\\\/\\\/jumeaux91.fr\\\/blog\\\/#\\\/schema\\\/logo\\\/image\\\/\",\"url\":\"https:\\\/\\\/jumeaux91.fr\\\/blog\\\/wp-content\\\/uploads\\\/2023\\\/05\\\/cropped-cropped-logoJ_91.png\",\"contentUrl\":\"https:\\\/\\\/jumeaux91.fr\\\/blog\\\/wp-content\\\/uploads\\\/2023\\\/05\\\/cropped-cropped-logoJ_91.png\",\"width\":512,\"height\":512,\"caption\":\"jumeaux91\"},\"image\":{\"@id\":\"https:\\\/\\\/jumeaux91.fr\\\/blog\\\/#\\\/schema\\\/logo\\\/image\\\/\"}},{\"@type\":\"Person\",\"@id\":\"https:\\\/\\\/jumeaux91.fr\\\/blog\\\/#\\\/schema\\\/person\\\/21da06e9f119b9f64e5d45dbbd32d3fb\",\"name\":\"Claude DAYRES\",\"image\":{\"@type\":\"ImageObject\",\"inLanguage\":\"fr-FR\",\"@id\":\"https:\\\/\\\/secure.gravatar.com\\\/avatar\\\/82eb951df6110a2c48d1bfa7a67d1ee6f0cd5df3cbf9c3586dd61e82db7172a5?s=96&d=mm&r=g\",\"url\":\"https:\\\/\\\/secure.gravatar.com\\\/avatar\\\/82eb951df6110a2c48d1bfa7a67d1ee6f0cd5df3cbf9c3586dd61e82db7172a5?s=96&d=mm&r=g\",\"contentUrl\":\"https:\\\/\\\/secure.gravatar.com\\\/avatar\\\/82eb951df6110a2c48d1bfa7a67d1ee6f0cd5df3cbf9c3586dd61e82db7172a5?s=96&d=mm&r=g\",\"caption\":\"Claude DAYRES\"},\"url\":\"https:\\\/\\\/jumeaux91.fr\\\/blog\\\/author\\\/x91claude\\\/\"}]}<\/script>\n<!-- \/ Yoast SEO plugin. -->","yoast_head_json":{"title":"Avec sa derni\u00e8re lev\u00e9e de fonds, Optimum Tracker mise sur les \u00c9tats-Unis et l\u2019agrivolta\u00efsme - JUMEAUX91","robots":{"index":"index","follow":"follow","max-snippet":"max-snippet:-1","max-image-preview":"max-image-preview:large","max-video-preview":"max-video-preview:-1"},"canonical":"https:\/\/jumeaux91.fr\/blog\/avec-sa-derniere-levee-de-fonds-optimum-tracker-mise-sur-les-etats-unis-et-lagrivoltaisme\/","og_locale":"fr_FR","og_type":"article","og_title":"Avec sa derni\u00e8re lev\u00e9e de fonds, Optimum Tracker mise sur les \u00c9tats-Unis et l\u2019agrivolta\u00efsme - JUMEAUX91","og_description":"L\u2019entreprise Optimum Tracker, bas\u00e9e \u00e0 Meyreuil, pr\u00e8s d\u2019Aix-en-Provence et fond\u00e9e en 2009 par deux fr\u00e8res jumeaux, Madyan et Yacin De Welle, propose des trackers solaires (constitu\u00e9s de supports de panneaux solaires motoris\u00e9s et pilot\u00e9s gr\u00e2ce \u00e0 des algorithmes). Elle vient de boucler r\u00e9cemment une lev\u00e9e de fonds de 10 millions d\u2019euros. Un tour de table&hellip; Poursuivre la lecture Avec sa derni\u00e8re lev\u00e9e de fonds, Optimum Tracker mise sur les \u00c9tats-Unis et l\u2019agrivolta\u00efsme","og_url":"https:\/\/jumeaux91.fr\/blog\/avec-sa-derniere-levee-de-fonds-optimum-tracker-mise-sur-les-etats-unis-et-lagrivoltaisme\/","og_site_name":"JUMEAUX91","article_published_time":"2025-01-13T05:30:00+00:00","og_image":[{"url":"https:\/\/jumeaux91.fr\/blog\/wp-content\/uploads\/2025\/01\/avec-sa-derniere-levee-de-fonds-optimum-tracker-mise-sur-les-etats-unis-et-lagrivoltaisme.jpg","type":"","width":"","height":""}],"author":"Claude DAYRES","twitter_card":"summary_large_image","twitter_misc":{"\u00c9crit par":"Claude DAYRES","Dur\u00e9e de lecture estim\u00e9e":"4 minutes"},"schema":{"@context":"https:\/\/schema.org","@graph":[{"@type":"Article","@id":"https:\/\/jumeaux91.fr\/blog\/avec-sa-derniere-levee-de-fonds-optimum-tracker-mise-sur-les-etats-unis-et-lagrivoltaisme\/#article","isPartOf":{"@id":"https:\/\/jumeaux91.fr\/blog\/avec-sa-derniere-levee-de-fonds-optimum-tracker-mise-sur-les-etats-unis-et-lagrivoltaisme\/"},"author":{"name":"Claude DAYRES","@id":"https:\/\/jumeaux91.fr\/blog\/#\/schema\/person\/21da06e9f119b9f64e5d45dbbd32d3fb"},"headline":"Avec sa derni\u00e8re lev\u00e9e de fonds, Optimum Tracker mise sur les \u00c9tats-Unis et l\u2019agrivolta\u00efsme","datePublished":"2025-01-13T05:30:00+00:00","mainEntityOfPage":{"@id":"https:\/\/jumeaux91.fr\/blog\/avec-sa-derniere-levee-de-fonds-optimum-tracker-mise-sur-les-etats-unis-et-lagrivoltaisme\/"},"wordCount":821,"publisher":{"@id":"https:\/\/jumeaux91.fr\/blog\/#organization"},"image":{"@id":"https:\/\/jumeaux91.fr\/blog\/avec-sa-derniere-levee-de-fonds-optimum-tracker-mise-sur-les-etats-unis-et-lagrivoltaisme\/#primaryimage"},"thumbnailUrl":"https:\/\/jumeaux91.fr\/blog\/wp-content\/uploads\/2025\/01\/avec-sa-derniere-levee-de-fonds-optimum-tracker-mise-sur-les-etats-unis-et-lagrivoltaisme.jpg","articleSection":["Posts Fr\u00e8res Jumeaux De L'Essonnes:"],"inLanguage":"fr-FR"},{"@type":"WebPage","@id":"https:\/\/jumeaux91.fr\/blog\/avec-sa-derniere-levee-de-fonds-optimum-tracker-mise-sur-les-etats-unis-et-lagrivoltaisme\/","url":"https:\/\/jumeaux91.fr\/blog\/avec-sa-derniere-levee-de-fonds-optimum-tracker-mise-sur-les-etats-unis-et-lagrivoltaisme\/","name":"Avec sa derni\u00e8re lev\u00e9e de fonds, Optimum Tracker mise sur les \u00c9tats-Unis et l\u2019agrivolta\u00efsme - JUMEAUX91","isPartOf":{"@id":"https:\/\/jumeaux91.fr\/blog\/#website"},"primaryImageOfPage":{"@id":"https:\/\/jumeaux91.fr\/blog\/avec-sa-derniere-levee-de-fonds-optimum-tracker-mise-sur-les-etats-unis-et-lagrivoltaisme\/#primaryimage"},"image":{"@id":"https:\/\/jumeaux91.fr\/blog\/avec-sa-derniere-levee-de-fonds-optimum-tracker-mise-sur-les-etats-unis-et-lagrivoltaisme\/#primaryimage"},"thumbnailUrl":"https:\/\/jumeaux91.fr\/blog\/wp-content\/uploads\/2025\/01\/avec-sa-derniere-levee-de-fonds-optimum-tracker-mise-sur-les-etats-unis-et-lagrivoltaisme.jpg","datePublished":"2025-01-13T05:30:00+00:00","breadcrumb":{"@id":"https:\/\/jumeaux91.fr\/blog\/avec-sa-derniere-levee-de-fonds-optimum-tracker-mise-sur-les-etats-unis-et-lagrivoltaisme\/#breadcrumb"},"inLanguage":"fr-FR","potentialAction":[{"@type":"ReadAction","target":["https:\/\/jumeaux91.fr\/blog\/avec-sa-derniere-levee-de-fonds-optimum-tracker-mise-sur-les-etats-unis-et-lagrivoltaisme\/"]}]},{"@type":"ImageObject","inLanguage":"fr-FR","@id":"https:\/\/jumeaux91.fr\/blog\/avec-sa-derniere-levee-de-fonds-optimum-tracker-mise-sur-les-etats-unis-et-lagrivoltaisme\/#primaryimage","url":"https:\/\/jumeaux91.fr\/blog\/wp-content\/uploads\/2025\/01\/avec-sa-derniere-levee-de-fonds-optimum-tracker-mise-sur-les-etats-unis-et-lagrivoltaisme.jpg","contentUrl":"https:\/\/jumeaux91.fr\/blog\/wp-content\/uploads\/2025\/01\/avec-sa-derniere-levee-de-fonds-optimum-tracker-mise-sur-les-etats-unis-et-lagrivoltaisme.jpg","width":1200,"height":630,"caption":"Avec sa derni\u00e8re lev\u00e9e de fonds, Optimum Tracker mise sur les \u00c9tats Unis et l\u2019agrivolta\u00efsme"},{"@type":"BreadcrumbList","@id":"https:\/\/jumeaux91.fr\/blog\/avec-sa-derniere-levee-de-fonds-optimum-tracker-mise-sur-les-etats-unis-et-lagrivoltaisme\/#breadcrumb","itemListElement":[{"@type":"ListItem","position":1,"name":"Accueil","item":"https:\/\/jumeaux91.fr\/blog\/"},{"@type":"ListItem","position":2,"name":"Avec sa derni\u00e8re lev\u00e9e de fonds, Optimum Tracker mise sur les \u00c9tats-Unis et l\u2019agrivolta\u00efsme"}]},{"@type":"WebSite","@id":"https:\/\/jumeaux91.fr\/blog\/#website","url":"https:\/\/jumeaux91.fr\/blog\/","name":"JUMEAUX91","description":"Fr\u00e8res jumeaux de l&#039;Essonnes; informations et archives, \u00e0 savoir et retenir.","publisher":{"@id":"https:\/\/jumeaux91.fr\/blog\/#organization"},"potentialAction":[{"@type":"SearchAction","target":{"@type":"EntryPoint","urlTemplate":"https:\/\/jumeaux91.fr\/blog\/?s={search_term_string}"},"query-input":{"@type":"PropertyValueSpecification","valueRequired":true,"valueName":"search_term_string"}}],"inLanguage":"fr-FR"},{"@type":"Organization","@id":"https:\/\/jumeaux91.fr\/blog\/#organization","name":"jumeaux91","url":"https:\/\/jumeaux91.fr\/blog\/","logo":{"@type":"ImageObject","inLanguage":"fr-FR","@id":"https:\/\/jumeaux91.fr\/blog\/#\/schema\/logo\/image\/","url":"https:\/\/jumeaux91.fr\/blog\/wp-content\/uploads\/2023\/05\/cropped-cropped-logoJ_91.png","contentUrl":"https:\/\/jumeaux91.fr\/blog\/wp-content\/uploads\/2023\/05\/cropped-cropped-logoJ_91.png","width":512,"height":512,"caption":"jumeaux91"},"image":{"@id":"https:\/\/jumeaux91.fr\/blog\/#\/schema\/logo\/image\/"}},{"@type":"Person","@id":"https:\/\/jumeaux91.fr\/blog\/#\/schema\/person\/21da06e9f119b9f64e5d45dbbd32d3fb","name":"Claude DAYRES","image":{"@type":"ImageObject","inLanguage":"fr-FR","@id":"https:\/\/secure.gravatar.com\/avatar\/82eb951df6110a2c48d1bfa7a67d1ee6f0cd5df3cbf9c3586dd61e82db7172a5?s=96&d=mm&r=g","url":"https:\/\/secure.gravatar.com\/avatar\/82eb951df6110a2c48d1bfa7a67d1ee6f0cd5df3cbf9c3586dd61e82db7172a5?s=96&d=mm&r=g","contentUrl":"https:\/\/secure.gravatar.com\/avatar\/82eb951df6110a2c48d1bfa7a67d1ee6f0cd5df3cbf9c3586dd61e82db7172a5?s=96&d=mm&r=g","caption":"Claude DAYRES"},"url":"https:\/\/jumeaux91.fr\/blog\/author\/x91claude\/"}]}},"_links":{"self":[{"href":"https:\/\/jumeaux91.fr\/blog\/wp-json\/wp\/v2\/posts\/996","targetHints":{"allow":["GET"]}}],"collection":[{"href":"https:\/\/jumeaux91.fr\/blog\/wp-json\/wp\/v2\/posts"}],"about":[{"href":"https:\/\/jumeaux91.fr\/blog\/wp-json\/wp\/v2\/types\/post"}],"author":[{"embeddable":true,"href":"https:\/\/jumeaux91.fr\/blog\/wp-json\/wp\/v2\/users\/2"}],"replies":[{"embeddable":true,"href":"https:\/\/jumeaux91.fr\/blog\/wp-json\/wp\/v2\/comments?post=996"}],"version-history":[{"count":0,"href":"https:\/\/jumeaux91.fr\/blog\/wp-json\/wp\/v2\/posts\/996\/revisions"}],"wp:featuredmedia":[{"embeddable":true,"href":"https:\/\/jumeaux91.fr\/blog\/wp-json\/wp\/v2\/media\/997"}],"wp:attachment":[{"href":"https:\/\/jumeaux91.fr\/blog\/wp-json\/wp\/v2\/media?parent=996"}],"wp:term":[{"taxonomy":"category","embeddable":true,"href":"https:\/\/jumeaux91.fr\/blog\/wp-json\/wp\/v2\/categories?post=996"},{"taxonomy":"post_tag","embeddable":true,"href":"https:\/\/jumeaux91.fr\/blog\/wp-json\/wp\/v2\/tags?post=996"}],"curies":[{"name":"wp","href":"https:\/\/api.w.org\/{rel}","templated":true}]}}